{"id":663638,"date":"2026-09-03T01:03:18","date_gmt":"2026-09-03T01:03:18","guid":{"rendered":"https:\/\/www.europesays.com\/pl\/663638\/"},"modified":"2026-09-03T01:03:18","modified_gmt":"2026-09-03T01:03:18","slug":"wolodymyr-zelenski-reaguje-na-strzelanine-w-kijowie-surowe-konsekwencje","status":"publish","type":"post","link":"https:\/\/www.europesays.com\/pl\/663638\/","title":{"rendered":"Wo\u0142odymyr Ze\u0142enski reaguje na strzelanin\u0119 w Kijowie. Surowe konsekwencje"},"content":{"rendered":"<p>Ze\u0142enski nazwa\u0142 t\u0119 sytuacj\u0119 &#8222;haniebn\u0105&#8221;. &#8222;Tutaj, w Ukrainie, mo\u017cna strzela\u0107 tylko do rosyjskich okupant\u00f3w [\u2026]&#8221; \u2014 o\u015bwiadczy\u0142 prezydent.<\/p>\n<p><a href=\"https:\/\/wiadomosci.onet.pl\/swiat\/funkcjonariusze-hur-i-sbu-starli-sie-w-kijowie-padly-strzaly\/wspvlmf\" id=\"6e146812-2905-43cd-8700-3c6aeee971fd\" rel=\"nofollow noopener\" target=\"_blank\">Portal RBK-Ukraina poda\u0142, \u017ce w nocy z 1 na 2 wrze\u015bnia w jednej z dzielnic Kijowa dosz\u0142o do strzelaniny.<\/a> Rankiem 2 wrze\u015bnia SBU i HUR powiadomi\u0142y, \u017ce by\u0142a to operacja przeciwdzia\u0142ania operacji rosyjskiego wywiadu. Rosjanie mieli prowadzi\u0107 akcj\u0119 przeciwko jednemu z rosyjskich opozycjonist\u00f3w, kt\u00f3ry znajduje si\u0119 w Ukrainie.<a href=\"https:\/\/www.onet.pl\/\" title=\"Strona G\u0142\u00f3wna\" aria-label=\"Strona G\u0142\u00f3wna\" data-astro-prefetch=\"tap\" class=\"ods-a-logo-main-desktop\" rel=\"nofollow noopener\" target=\"_blank\"><img src=\"https:\/\/cdn.wiadomosci.onet.pl\/img\/Logo_desktop_Onet.svg\" class=\"ods-a-logo-main-desktop__image\" alt=\"Logo\" width=\"107\" height=\"60\" fetchpriority=\"high\" decoding=\"sync\" style=\"height:60px\"\/><\/a><\/p>\n<p class=\"ods-m-google-article__text\">Czytaj nas cz\u0119\u015bciej w Google<\/p>\n<p><a href=\"https:\/\/google.com\/preferences\/source?q=wiadomosci.onet.pl\" target=\"_blank\" rel=\"noopener noreferrer nofollow\" aria-label=\"Dodaj w Google\" title=\"Dodaj w Google\" class=\"ods-a-button ods-a-button__primary ods-a-button__default ods-a-button-l\">Dodaj w Google<\/a>Dalszy ci\u0105g artyku\u0142u pod materia\u0142em wideo<\/p>\n<p>SBU zaznaczy\u0142a, \u017ce w ramach post\u0119powania przygotowawczego dotycz\u0105cego zamachu terrorystycznego zorganizowanego przez rosyjskie s\u0142u\u017cby specjalne jej funkcjonariusze prowadzili pilne czynno\u015bci \u015bledcze w celu zebrania i zabezpieczenia dowod\u00f3w.<\/p>\n<p>Strzelanina mi\u0119dzy funkcjonariuszami SBU i HUR<\/p>\n<p>We wpisie w serwisie Telegram zaznaczono, \u017ce podczas przeszukania pod jednym z adres\u00f3w &#8222;grupa os\u00f3b dokona\u0142a zbrojnego ataku na grup\u0119 operacyjno-\u015bledcz\u0105 SBU&#8221;. Wed\u0142ug SBU osoby te pr\u00f3bowa\u0142y uniemo\u017cliwi\u0107 przeprowadzenie czynno\u015bci \u015bledczych i zablokowa\u0142y samochodami przejazd funkcjonariuszy.<\/p>\n<p>&#8222;W celu przerwania ataku i zapewnienia bezpiecze\u0144stwa uczestnikom czynno\u015bci procesowych zaanga\u017cowano specjalny oddzia\u0142 Centrum Operacji Specjalnych SBU Alfa. Podczas odpierania zbrojnego oporu funkcjonariusze u\u017cyli broni&#8221; \u2014 czytamy w komunikacie.<\/p>\n<p>Punkt zwrotny wojny. Ukrai\u0144ska gro\u017aba sparali\u017cowa\u0142a Moskw\u0119. &#8222;Bezpieczne dni na rosyjskim niebie ju\u017c min\u0119\u0142y&#8221;<img class=\"ods-a-photo ods-a-photo--background\" src=\"https:\/\/www.europesays.com\/pl\/wp-content\/uploads\/2026\/09\/NzPk9lBaHR0cHM6Ly9vY2RuLmV1L3B1bHNjbXMvTURBXy9jYTMzYzNjNWQyMTRiZDhmZWJhZjBkN2FmZTk0OGJjMC5qcGeRlQLNA.jpeg\" height=\"300\" width=\"450\" alt=\"Prezydent Ukrainy Wo\u0142odymyr Ze\u0142enski w Kijowie, 23 sierpnia 2026 r. \" loading=\"lazy\" fetchpriority=\"low\" decoding=\"async\"\/><\/p>\n<p>Wed\u0142ug SBU w wyniku zdarzenia ranne zosta\u0142y osoby stawiaj\u0105ce op\u00f3r. Napastnicy zostali zatrzymani. Podczas pierwszych czynno\u015bci \u015bledczych \u015bledczy ustalili, \u017ce zatrzymani nale\u017c\u0105 do jednego z pododdzia\u0142\u00f3w Si\u0142 Obrony Ukrainy, a zatrzymanym odebrali bro\u0144 i dokumenty.<\/p>\n<p>Prokuratura Generalna Ukrainy doda\u0142a, \u017ce pod jej nadzorem procesowym wszcz\u0119to post\u0119powanie przygotowawcze w sprawie gr\u00f3\u017ab oraz zamachu na \u017cycie funkcjonariusza organ\u00f3w \u015bcigania.<\/p>\n<p>We wtorek w Rosyjskim Korpusie Ochotniczym poinformowano, \u017ce zast\u0119pca dow\u00f3dcy tej formacji ds. dzia\u0142a\u0144 bojowych Stiepan Kap\u0142unow zosta\u0142 uprowadzony przez nieznane osoby na podw\u00f3rzu budynku.<\/p>\n<p>W \u015brod\u0119 SBU poinformowa\u0142a, \u017ce wsp\u00f3lnie z G\u0142\u00f3wnym Zarz\u0105dem Wywiadu Wojskowego (HUR) zapobieg\u0142a zamachowi terrorystycznemu na jednego z lider\u00f3w rosyjskiego opozycyjnego ruchu politycznego, kt\u00f3ry przyby\u0142 do Ukrainy.<\/p>\n","protected":false},"excerpt":{"rendered":"Ze\u0142enski nazwa\u0142 t\u0119 sytuacj\u0119 &#8222;haniebn\u0105&#8221;. &#8222;Tutaj, w Ukrainie, mo\u017cna strzela\u0107 tylko do rosyjskich okupant\u00f3w [\u2026]&#8221; \u2014 o\u015bwiadczy\u0142 prezydent.&hellip;\n","protected":false},"author":2,"featured_media":663639,"comment_status":"","ping_status":"","sticky":false,"template":"","format":"standard","meta":{"footnotes":"","_share_on_mastodon":"0"},"categories":[5],"tags":[61195,32,33,36,37,27,1239,34,35,28,31,48,25,46,42,38,40,39,41,6816,47,80,29,30,415,26,309],"class_list":["post-663638","post","type-post","status-publish","format-standard","has-post-thumbnail","category-naglowki","tag-bottomfeed_styl","tag-breaking-news","tag-breakingnews","tag-featured-news","tag-featurednews","tag-headlines","tag-kijow","tag-latest-news","tag-latestnews","tag-naglowki","tag-najwazniejsze-artykuly","tag-nat_styl","tag-news","tag-omp","tag-pl","tag-poland","tag-polish","tag-polska","tag-polski","tag-sbu","tag-screening_general","tag-swiat","tag-top-stories","tag-topstories","tag-ukraina","tag-wiadomosci","tag-wolodymyr_zelenski"],"share_on_mastodon":{"url":"https:\/\/pubeurope.com\/@pl\/117204419748560511","error":""},"_links":{"self":[{"href":"https:\/\/www.europesays.com\/pl\/wp-json\/wp\/v2\/posts\/663638","targetHints":{"allow":["GET"]}}],"collection":[{"href":"https:\/\/www.europesays.com\/pl\/wp-json\/wp\/v2\/posts"}],"about":[{"href":"https:\/\/www.europesays.com\/pl\/wp-json\/wp\/v2\/types\/post"}],"author":[{"embeddable":true,"href":"https:\/\/www.europesays.com\/pl\/wp-json\/wp\/v2\/users\/2"}],"replies":[{"embeddable":true,"href":"https:\/\/www.europesays.com\/pl\/wp-json\/wp\/v2\/comments?post=663638"}],"version-history":[{"count":0,"href":"https:\/\/www.europesays.com\/pl\/wp-json\/wp\/v2\/posts\/663638\/revisions"}],"wp:featuredmedia":[{"embeddable":true,"href":"https:\/\/www.europesays.com\/pl\/wp-json\/wp\/v2\/media\/663639"}],"wp:attachment":[{"href":"https:\/\/www.europesays.com\/pl\/wp-json\/wp\/v2\/media?parent=663638"}],"wp:term":[{"taxonomy":"category","embeddable":true,"href":"https:\/\/www.europesays.com\/pl\/wp-json\/wp\/v2\/categories?post=663638"},{"taxonomy":"post_tag","embeddable":true,"href":"https:\/\/www.europesays.com\/pl\/wp-json\/wp\/v2\/tags?post=663638"}],"curies":[{"name":"wp","href":"https:\/\/api.w.org\/{rel}","templated":true}]}}