{"id":663650,"date":"2026-09-03T01:15:19","date_gmt":"2026-09-03T01:15:19","guid":{"rendered":"https:\/\/www.europesays.com\/pl\/663650\/"},"modified":"2026-09-03T01:15:19","modified_gmt":"2026-09-03T01:15:19","slug":"przebiegl-50-maratonow-w-49-dni-poprowadzi-wyjatkowy-bieg-dla-panow-w-szczecinie","status":"publish","type":"post","link":"https:\/\/www.europesays.com\/pl\/663650\/","title":{"rendered":"Przebieg\u0142 50 maraton\u00f3w w 49 dni. Poprowadzi wyj\u0105tkowy bieg dla pan\u00f3w w Szczecinie"},"content":{"rendered":"<p>\n                        Tomasz Sobania, czyli wyczynowiec o kt\u00f3rym m\u00f3wi\u0142a niedawno ca\u0142a Polska, poprowadzi rozgrzewk\u0119 podczas biegu dla m\u0119\u017cczyzn. Ju\u017c 19 wrze\u015bnia w Parku Kasprowicza w Szczecinie odb\u0119dzie si\u0119 kolejna edycja wydarzenia \u0142\u0105cz\u0105cego sportow\u0105 rywalizacj\u0119 z promowaniem zdrowia &#8211; SANPROBI UroRun 2026.\n                    <\/p>\n<p>Tegoroczna ods\u0142ona imprezy ma na celu zach\u0119cenie mieszka\u0144c\u00f3w do ruchu oraz przypomnienie, jak ogromne znaczenie w naszym \u017cyciu ma profilaktyka zdrowotna i aktywny styl \u017cycia. Organizatorzy przygotowali zr\u00f3\u017cnicowany harmonogram, dzi\u0119ki czemu ka\u017cdy, niezale\u017cnie od wieku i sportowego do\u015bwiadczenia, znajdzie konkurencj\u0119 idealn\u0105 dla siebie.<\/p>\n<p>Tomasz Sobania, pod koniec czerwca 2026 roku, pokona\u0142 50 maraton\u00f3w w 49 dni na terenie Stan\u00f3w Zjednoczonych. Zrobi\u0142 to o jeden dzie\u0144 szybciej, ni\u017c jego idol &#8211; tym samym poprawiaj\u0105c jego rekord.<\/p>\n<p>\u2013 To by\u0142 ogromny wysi\u0142ek, ale ja jestem te\u017c wyczynowcem, wi\u0119c u mnie to nie jest tylko mi\u0142o\u015b\u0107 do biegania, ale tak\u017ce ch\u0119\u0107 pobijania rekord\u00f3w i robienia rzeczy, kt\u00f3re si\u0119 nie mieszcz\u0105 ludziom w g\u0142owach. Ja uwa\u017cam, \u017ce to mo\u017ce by\u0107 inspiruj\u0105ce &#8211; t\u0142umaczy w rozmowie z portalem wSzczecinie.pl Sobania.<\/p>\n<p>Sportowiec bardzo szybko przyj\u0105\u0142 propozycj\u0119 wsp\u00f3\u0142pracy i jak podkre\u015bla z wielk\u0105 ch\u0119ci\u0105 przyjedzie do Szczecina.<\/p>\n<p>\u2013 Ja nie zastanawia\u0142em si\u0119, bo z mark\u0105 Sanprobi ju\u017c si\u0119 bardzo dobrze znamy. Wsp\u00f3\u0142pracujemy od stycznia tego roku. Mamy naprawd\u0119 \u015bwietne relacje. Jak si\u0119 dowiedzia\u0142em, \u017ce jest takie wydarzenie, to wiedzia\u0142em, \u017ce musz\u0119 na nim by\u0107. Zale\u017cy mi na tym, \u017ceby promowa\u0107 profilaktyk\u0119 w\u015br\u00f3d m\u0119\u017cczyzn. G\u0142\u00f3wnie chyba oni maj\u0105 z tym problem. Badania? Po co!? Profilaktyka\u2026na co to komu? Na szcz\u0119\u015bcie to powoli si\u0119 zmienia &#8211; odpowiada biegacz.<\/p>\n<p>SANPROBI UroRun 2026 &#8211; mo\u017cna si\u0119 zapisa\u0107<\/p>\n<p>Sportowe zmagania w parku rozpoczn\u0105 si\u0119 jeszcze przed po\u0142udniem. Punktualnie o godzinie 11:00 na tras\u0119 wyrusz\u0105 mi\u0142o\u015bnicy maszerowania z kijkami, by pokona\u0107 dystans 5 kilometr\u00f3w w ramach Marszu Nordic Walking. Zaledwie dziesi\u0119\u0107 minut p\u00f3\u017aniej, o 11:10, wystartuje wy\u015bcig dedykowany osobom z niepe\u0142nosprawno\u015bciami. Po\u0142udnie b\u0119dzie nale\u017ca\u0142o do najm\u0142odszych zawodnik\u00f3w, poniewa\u017c o 12:00 rozpoczn\u0105 si\u0119 biegi dzieci\u0119ce. Aby zapewni\u0107 najm\u0142odszym rado\u015b\u0107 ze sportowej rywalizacji, zmagania zostan\u0105 podzielone na trzy r\u00f3\u017cne kategorie wiekowe. Kulminacyjnym punktem ca\u0142ego wydarzenia b\u0119dzie natomiast g\u0142\u00f3wny bieg na dystansie 5 kilometr\u00f3w, do kt\u00f3rego wystrza\u0142 startera zabrzmi o godzinie 12:30.<\/p>\n<p>SANPROBI UroRun to jednak znacznie wi\u0119cej ni\u017c same kilometry pokonywane na trasie. W godzinach od 10:00 do 14:00 na wszystkich uczestnik\u00f3w oraz dopinguj\u0105cych ich kibic\u00f3w czeka\u0107 b\u0119dzie rodzinny festyn po\u0142\u0105czony ze specjaln\u0105 stref\u0105 aktywno\u015bci i edukacji zdrowotnej. Tradycyjnie, na ka\u017cdego biegacza i chodziarza, kt\u00f3ry uko\u0144czy swoj\u0105 konkurencj\u0119, b\u0119dzie czeka\u0142 na mecie pami\u0105tkowy medal. Najszybsi zawodnicy i zawodniczki w swoich kategoriach zostan\u0105 uhonorowani pucharami. Dodatkowo przewidziano specjaln\u0105 klasyfikacj\u0119 o nazwie \u201eOchrona Zdrowia\u201d. W przygotowanym pakiecie startowym uczestnicy znajd\u0105 numer startowy, chip do precyzyjnego pomiaru czasu, torb\u0119 oraz agrafki. Zainteresowani maj\u0105 tak\u017ce mo\u017cliwo\u015b\u0107 zam\u00f3wienia oficjalnej, technicznej koszulki tegorocznej edycji biegu.<\/p>\n<p>Formularz rejestracyjny dla dzieci: <a href=\"https:\/\/www.protiming24.pl\/startmeta\/d983cfa0\/registration\/?fbclid=IwY2xjawThUHpwZG9mBWV4dG4DYWVtAjEwAGJyaWQRMGxBeW5xYXEwQVNybkJhd1hzcnRjBmFwcF9pZBAyMjIwMzkxNzg4MjAwODkyAAEeHjbAxZwDoYdveltZx_dk0Ixxj9Jl1kNa72l-ZwypPeFVIqGa7Ju0g3BJG-4_aem__6Wiv9zEx-yz1RTharIB5Q\" rel=\"nofollow noopener\" target=\"_blank\">https:\/\/www.protiming24.pl\/startmeta\/d983cfa0\/registration\/?fbclid=IwY2xjawThUHpwZG9mBWV4dG4DYWVtAjEwAGJyaWQRMGxBeW5xYXEwQVNybkJhd1hzcnRjBmFwcF9pZBAyMjIwMzkxNzg4MjAwODkyAAEeHjbAxZwDoYdveltZx_dk0Ixxj9Jl1kNa72l-ZwypPeFVIqGa7Ju0g3BJG-4_aem__6Wiv9zEx-yz1RTharIB5Q<\/a><\/p>\n<p>Formularz rejestracyjny dla doros\u0142ych: <a href=\"https:\/\/www.protiming24.pl\/startmeta\/fbb280fb\/registration\/?fbclid=IwY2xjawThUJNwZG9mBWV4dG4DYWVtAjEwAGJyaWQRMGxBeW5xYXEwQVNybkJhd1hzcnRjBmFwcF9pZBAyMjIwMzkxNzg4MjAwODkyAAEe5iaakUI_Yi4CEt0ecFVYAYM4QKW3NU9DeSWcmiP0jRI5jkZFTYhWJYZQTAk_aem_5prvi9j78QRL9UgmE9DYSA\" rel=\"nofollow noopener\" target=\"_blank\">https:\/\/www.protiming24.pl\/startmeta\/fbb280fb\/registration\/?fbclid=IwY2xjawThUJNwZG9mBWV4dG4DYWVtAjEwAGJyaWQRMGxBeW5xYXEwQVNybkJhd1hzcnRjBmFwcF9pZBAyMjIwMzkxNzg4MjAwODkyAAEe5iaakUI_Yi4CEt0ecFVYAYM4QKW3NU9DeSWcmiP0jRI5jkZFTYhWJYZQTAk_aem_5prvi9j78QRL9UgmE9DYSA<\/a><\/p>\n<p>Portal wSzczecinie.pl jest patronem medialnym wydarzenia.<\/p>\n","protected":false},"excerpt":{"rendered":"Tomasz Sobania, czyli wyczynowiec o kt\u00f3rym m\u00f3wi\u0142a niedawno ca\u0142a Polska, poprowadzi rozgrzewk\u0119 podczas biegu dla m\u0119\u017cczyzn. Ju\u017c 19&hellip;\n","protected":false},"author":2,"featured_media":663651,"comment_status":"","ping_status":"","sticky":false,"template":"","format":"standard","meta":{"footnotes":"","_share_on_mastodon":"0"},"categories":[51611],"tags":[291,1089,3839,3511,261,3840,42,38,40,907,39,41,123,2307,26,1092],"class_list":["post-663650","post","type-post","status-publish","format-standard","has-post-thumbnail","category-szczecin","tag-historia","tag-imprezy","tag-interwencje","tag-inwestycje","tag-kultura","tag-lokale","tag-pl","tag-poland","tag-polish","tag-polityka","tag-polska","tag-polski","tag-rozrywka","tag-szczecin","tag-wiadomosci","tag-wydarzenia"],"share_on_mastodon":{"url":"https:\/\/pubeurope.com\/@pl\/117204466221432348","error":""},"_links":{"self":[{"href":"https:\/\/www.europesays.com\/pl\/wp-json\/wp\/v2\/posts\/663650","targetHints":{"allow":["GET"]}}],"collection":[{"href":"https:\/\/www.europesays.com\/pl\/wp-json\/wp\/v2\/posts"}],"about":[{"href":"https:\/\/www.europesays.com\/pl\/wp-json\/wp\/v2\/types\/post"}],"author":[{"embeddable":true,"href":"https:\/\/www.europesays.com\/pl\/wp-json\/wp\/v2\/users\/2"}],"replies":[{"embeddable":true,"href":"https:\/\/www.europesays.com\/pl\/wp-json\/wp\/v2\/comments?post=663650"}],"version-history":[{"count":0,"href":"https:\/\/www.europesays.com\/pl\/wp-json\/wp\/v2\/posts\/663650\/revisions"}],"wp:featuredmedia":[{"embeddable":true,"href":"https:\/\/www.europesays.com\/pl\/wp-json\/wp\/v2\/media\/663651"}],"wp:attachment":[{"href":"https:\/\/www.europesays.com\/pl\/wp-json\/wp\/v2\/media?parent=663650"}],"wp:term":[{"taxonomy":"category","embeddable":true,"href":"https:\/\/www.europesays.com\/pl\/wp-json\/wp\/v2\/categories?post=663650"},{"taxonomy":"post_tag","embeddable":true,"href":"https:\/\/www.europesays.com\/pl\/wp-json\/wp\/v2\/tags?post=663650"}],"curies":[{"name":"wp","href":"https:\/\/api.w.org\/{rel}","templated":true}]}}