{"id":663686,"date":"2026-09-03T01:33:24","date_gmt":"2026-09-03T01:33:24","guid":{"rendered":"https:\/\/www.europesays.com\/pl\/663686\/"},"modified":"2026-09-03T01:33:24","modified_gmt":"2026-09-03T01:33:24","slug":"glosowanie-ws-odrzucenia-weta-nawrockiego-kaczynski-ujawnil-co-zrobi-wprost","status":"publish","type":"post","link":"https:\/\/www.europesays.com\/pl\/663686\/","title":{"rendered":"G\u0142osowanie ws. odrzucenia weta Nawrockiego. Kaczy\u0144ski ujawni\u0142, co zrobi \u2013 Wprost"},"content":{"rendered":"\n<p>&#13;<br \/>\nPrezydent Karol Nawrocki postanowi\u0142 po\u00a0raz kolejny nie\u00a0podpisa\u0107 ustawy o\u00a0rynku kryptoaktyw\u00f3w. W\u00a0czwartek w\u00a0Sejmie \u2013\u00a0w\u00a0trakcie 64. posiedzenia \u2013\u00a0odb\u0119dzie si\u0119 g\u0142osowanie ws. odrzucenia weta \u2013\u00a0o\u00a0co marsza\u0142ka W\u0142odzimierza Czarzastego prosi\u0142 sam premier Donald Tusk, gdy wybuch\u0142a afera Zondacrypto. Platforma do\u00a0cyfrowego handlu kryptowalutami sta\u0142a si\u0119 niewyp\u0142acalna, a\u00a0straty liczone s\u0105 w\u00a0setkach milion\u00f3w z\u0142otych. Politycy koalicji rz\u0105dz\u0105cej, jak i\u00a0dziennikarze co\u00a0i\u00a0rusz ujawniaj\u0105 kolejne dowody sugeruj\u0105ce niejasne zwi\u0105zki polityk\u00f3w prawicy z\u00a0prezesem upad\u0142ej gie\u0142dy \u2013\u00a0Przemys\u0142awem Kralem. &#13;\n<\/p>\n<p>&#13;<br \/>\n\u2013 To\u00a0jest chyba ten moment, kiedy ju\u017c nikt nie\u00a0b\u0119dzie mia\u0142 czelno\u015bci powiedzie\u0107, \u017ce\u00a0\u201esprawy nie\u00a0ma\u201d, albo \u017ce\u00a0\u201emamy du\u017co czasu\u201d \u2013\u00a0wskazywa\u0142 przewodnicz\u0105cy Koalicji Obywatelskiej na\u00a0konferencji prasowej w\u00a0Warszawie. &#13;\n<\/p>\n<p>&#13;<br \/>\nJak politycy Prawa i\u00a0Sprawiedliwo\u015bci g\u0142osowali b\u0119d\u0105 3\u00a0wrze\u015bnia ws. odrzucenia weta? \u2013\u00a0B\u0119dziemy popiera\u0107 prezydenta \u2013\u00a0zapowiedzia\u0142 Jaros\u0142aw Kaczy\u0144ski w\u00a0przeddzie\u0144 obrad. &#13;\n<\/p>\n<p>Maciej Berek zostanie s\u0119dzi\u0105 Trybuna\u0142u Konstytucyjnego? \u201eTo\u00a0by\u0142by skandal\u201d<\/p>\n<p>&#13;<br \/>\nPrezes PiS poproszony zosta\u0142 o\u00a0ocen\u0119 ruchu koalicji rz\u0105dz\u0105cej, kt\u00f3ra og\u0142osi\u0142a Macieja Berka kandydatem na\u00a0s\u0119dziego Trybuna\u0142u Konstytucyjnego. &#13;\n<\/p>\n<p>&#13;<br \/>\n\u2013 To\u00a0jest kandydatura po\u00a0prostu skandaliczna. Ca\u0142e ich podej\u015bcie do\u00a0Trybuna\u0142u, porz\u0105dku prawnego, to\u00a0jest podej\u015bcie nie\u00a0grupy rz\u0105dz\u0105cej, tylko bandy \u2013\u00a0powiedzia\u0142 w\u00a0\u015brod\u0119 (2 wrze\u015bnia). &#13;\n<\/p>\n<p>&#13;<br \/>\nJak przypomnia\u0142a Wirtualna Polska, jutro sejmowa Komisja Sprawiedliwo\u015bci i\u00a0Praw Cz\u0142owieka rozpatrzy kandydatur\u0119 Berka, a\u00a0tak\u017ce Artura Kotowskiego. &#13;\n<\/p>\n<p>&#13;<br \/>\nA co\u00a0o\u00a0sprawie s\u0105dzi minister sprawiedliwo\u015bci? \u2013\u00a0<a href=\"https:\/\/www.wprost.pl\/kraj\/12425634\/maciej-berek-w-trybunale-konstytucyjnym-zurek-gigant-prawa.html\" rel=\"nofollow noopener\" target=\"_blank\">Ja widzia\u0142em tego cz\u0142owieka w\u00a0akcji<\/a> \u2013\u00a0jest gigantem prawa. Potrafi wytkn\u0105\u0107 ka\u017cdemu b\u0142\u0119dy [w tym obszarze \u2013\u00a0red.]. Nigdy nie\u00a0nale\u017ca\u0142 do\u00a0\u017cadnej partii \u2013\u00a0m\u00f3wi\u0142 Waldemar \u017burek na\u00a0spotkaniu z\u00a0m\u0142odzie\u017c\u0105 w\u00a0Olsztynie. &#13;\n<\/p>\n<p>&#13;<br \/>\n   Czytaj te\u017c:<br \/><a href=\"https:\/\/www.wprost.pl\/opinie-i-komentarze\/12429162\/trybunal-konstytucyjny-sedzia-markiewicz-odniosl-sie-do-slow-premiera-tuska.html\" rel=\"follow nofollow noopener\" data-schema=\"WPROST\" data-image=\"https:\/\/img.wprost.pl\/_thumb\/b4\/ce\/94dcc85bf37c53097a50a118ab73.jpeg\" target=\"_blank\">Czterech s\u0119dzi\u00f3w wci\u0105\u017c nie\u00a0obj\u0119\u0142o obowi\u0105zk\u00f3w w\u00a0TK. Jeden z\u00a0nich zareagowa\u0142 na\u00a0wpadk\u0119 Tuska<\/a>   Czytaj te\u017c:<br \/><a href=\"https:\/\/www.wprost.pl\/kraj\/12428568\/prezydent-wlasnie-zlikwidowal-trybunal-konstytucyjny-prawna-bomba-wybuchnie-1-stycznia.html\" rel=\"follow nofollow noopener\" data-schema=\"WPROST\" data-image=\"https:\/\/img.wprost.pl\/_thumb\/2b\/49\/20b3b64929eb7e122ce854959256.jpeg\" target=\"_blank\">TK mo\u017ce przesta\u0107 dzia\u0142a\u0107 od\u00a0nowego roku? Wszystko przez jedn\u0105 decyzj\u0119 prezydenta<\/a>&#13;<\/p>\n","protected":false},"excerpt":{"rendered":"&#13; Prezydent Karol Nawrocki postanowi\u0142 po\u00a0raz kolejny nie\u00a0podpisa\u0107 ustawy o\u00a0rynku kryptoaktyw\u00f3w. W\u00a0czwartek w\u00a0Sejmie \u2013\u00a0w\u00a0trakcie 64. posiedzenia \u2013\u00a0odb\u0119dzie si\u0119&hellip;\n","protected":false},"author":2,"featured_media":663687,"comment_status":"","ping_status":"","sticky":false,"template":"","format":"standard","meta":{"footnotes":"","_share_on_mastodon":"0"},"categories":[62712],"tags":[8526,690,49,907,22169,1005,8206,43315],"class_list":["post-663686","post","type-post","status-publish","format-standard","has-post-thumbnail","category-karol-nawrocki","tag-jaroslaw-kaczynski","tag-karol-nawrocki","tag-kraj","tag-polityka","tag-prezes-pis","tag-prezydent","tag-weto","tag-wprost"],"share_on_mastodon":{"url":"https:\/\/pubeurope.com\/@pl\/117204536829662965","error":""},"_links":{"self":[{"href":"https:\/\/www.europesays.com\/pl\/wp-json\/wp\/v2\/posts\/663686","targetHints":{"allow":["GET"]}}],"collection":[{"href":"https:\/\/www.europesays.com\/pl\/wp-json\/wp\/v2\/posts"}],"about":[{"href":"https:\/\/www.europesays.com\/pl\/wp-json\/wp\/v2\/types\/post"}],"author":[{"embeddable":true,"href":"https:\/\/www.europesays.com\/pl\/wp-json\/wp\/v2\/users\/2"}],"replies":[{"embeddable":true,"href":"https:\/\/www.europesays.com\/pl\/wp-json\/wp\/v2\/comments?post=663686"}],"version-history":[{"count":0,"href":"https:\/\/www.europesays.com\/pl\/wp-json\/wp\/v2\/posts\/663686\/revisions"}],"wp:featuredmedia":[{"embeddable":true,"href":"https:\/\/www.europesays.com\/pl\/wp-json\/wp\/v2\/media\/663687"}],"wp:attachment":[{"href":"https:\/\/www.europesays.com\/pl\/wp-json\/wp\/v2\/media?parent=663686"}],"wp:term":[{"taxonomy":"category","embeddable":true,"href":"https:\/\/www.europesays.com\/pl\/wp-json\/wp\/v2\/categories?post=663686"},{"taxonomy":"post_tag","embeddable":true,"href":"https:\/\/www.europesays.com\/pl\/wp-json\/wp\/v2\/tags?post=663686"}],"curies":[{"name":"wp","href":"https:\/\/api.w.org\/{rel}","templated":true}]}}