{"id":663692,"date":"2026-09-03T01:41:35","date_gmt":"2026-09-03T01:41:35","guid":{"rendered":"https:\/\/www.europesays.com\/pl\/663692\/"},"modified":"2026-09-03T01:41:35","modified_gmt":"2026-09-03T01:41:35","slug":"poranny-patrol-i-niezwykle-spotkanie-wataha-wilkow-w-roztoczanskim-parku-narodowym","status":"publish","type":"post","link":"https:\/\/www.europesays.com\/pl\/663692\/","title":{"rendered":"Poranny patrol i niezwyk\u0142e spotkanie. Wataha wilk\u00f3w w Roztocza\u0144skim Parku Narodowym"},"content":{"rendered":"<p>Poranek w lesie potrafi przynie\u015b\u0107 niespodzianki, kt\u00f3rych nie spos\u00f3b zaplanowa\u0107. Podczas jednego z takich patroli pracownik Roztocza\u0144skiego Parku Narodowego natrafi\u0142 na watah\u0119 wilk\u00f3w. Zwierz\u0119ta znajdowa\u0142y si\u0119 w naturalnym \u015brodowisku, a obserwacja by\u0142a na tyle wyj\u0105tkowa, \u017ce uda\u0142o si\u0119 j\u0105 uwieczni\u0107 na zdj\u0119ciach.<\/p>\n<p>Dla osoby, kt\u00f3ra na co dzie\u0144 pracuje w lesie i zna jego rytm, widok wilk\u00f3w nie jest czym\u015b zupe\u0142nie nieznanym. Mimo to spotkanie z ca\u0142\u0105 grup\u0105 tych drapie\u017cnik\u00f3w nale\u017cy do rzadko\u015bci. Wilki prowadz\u0105 skryty tryb \u017cycia, maj\u0105 rozleg\u0142e terytoria i z regu\u0142y bardzo skutecznie unikaj\u0105 cz\u0142owieka.<\/p>\n<p>Wilki s\u0105 mieszka\u0144cami Roztocza od lat<\/p>\n<p>Obecno\u015b\u0107 wilk\u00f3w w Roztocza\u0144skim Parku Narodowym nie jest zjawiskiem nowym. Badania prowadzone na Roztoczu wskazuj\u0105, \u017ce drapie\u017cniki te pojawi\u0142y si\u0119 w obecnych granicach parku pod koniec lat 70. XX wieku. Przez kolejne lata ich obecno\u015b\u0107 by\u0142a potwierdzana m.in. dzi\u0119ki tropieniom, fotopu\u0142apkom oraz badaniom genetycznym.<\/p>\n<p>W ostatnich latach liczebno\u015b\u0107 wilk\u00f3w w samym RPN utrzymuje si\u0119 na stosunkowo stabilnym poziomie. Podczas zimowego monitoringu przeprowadzonego na pocz\u0105tku 2024 roku stwierdzono 11 doros\u0142ych wilk\u00f3w nale\u017c\u0105cych do trzech grup rodzinnych. Przyrodnicy wskazywali jednocze\u015bnie, \u017ce na ca\u0142ym Roztoczu \u017cyje do oko\u0142o 30 wilk\u00f3w.<\/p>\n<p>Nie oznacza to jednak, \u017ce wszystkie zwierz\u0119ta ca\u0142y czas przebywaj\u0105 w granicach parku. Wilki potrzebuj\u0105 du\u017cych obszar\u00f3w do \u017cycia i polowania. Badania prowadzone w RPN pokaza\u0142y, \u017ce park mo\u017ce by\u0107 dla nich bezpieczn\u0105 ostoj\u0105, w kt\u00f3rej rozmna\u017caj\u0105 si\u0119 i wychowuj\u0105 m\u0142ode, natomiast podczas poszukiwania pokarmu zwierz\u0119ta cz\u0119sto przemieszczaj\u0105 si\u0119 r\u00f3wnie\u017c poza jego granice.<\/p>\n<p>Dlatego wataha sfotografowana podczas porannego patrolu jest nie tylko ciekawostk\u0105, ale tak\u017ce kolejnym potwierdzeniem, \u017ce Roztocze pozostaje wa\u017cnym miejscem dla du\u017cych drapie\u017cnik\u00f3w.<\/p>\n<p>Ponad 400 wilk\u00f3w na Lubelszczy\u017anie<\/p>\n<p>Roztocze jest cz\u0119\u015bci\u0105 wi\u0119kszego obszaru wyst\u0119powania wilka w wojew\u00f3dztwie lubelskim. Zwierz\u0119ta te spotka\u0107 mo\u017cna r\u00f3wnie\u017c w innych du\u017cych kompleksach le\u015bnych regionu.<\/p>\n<p>Wed\u0142ug danych G\u0142\u00f3wnego Urz\u0119du Statystycznego przytoczonych w raporcie dotycz\u0105cym \u015brodowiska wojew\u00f3dztwa lubelskiego, w 2022 roku na Lubelszczy\u017anie odnotowano 413 wilk\u00f3w. Dla por\u00f3wnania w ca\u0142ej Polsce liczebno\u015b\u0107 populacji szacowano w\u00f3wczas na oko\u0142o 4,3 tys. osobnik\u00f3w.<\/p>\n<p>Wilki wyst\u0119puj\u0105 przede wszystkim tam, gdzie znajduj\u0105 odpowiednio du\u017ce i wzgl\u0119dnie spokojne kompleksy le\u015bne. W regionie ich obecno\u015b\u0107 od lat potwierdzana jest m.in. w Puszczy Solskiej, Lasach Janowskich, na Roztoczu, a tak\u017ce w lasach Sobiborskich, Parczewskich i Strzeleckich. Poszczeg\u00f3lne grupy rodzinne s\u0105 ze sob\u0105 po\u0142\u0105czone poprzez korytarze ekologiczne, kt\u00f3rymi zwierz\u0119ta mog\u0105 migrowa\u0107.<\/p>\n<p>W ostatnich latach coraz cz\u0119\u015bciej pojawiaj\u0105 si\u0119 r\u00f3wnie\u017c informacje o wilkach obserwowanych w pobli\u017cu mniejszych miejscowo\u015bci czy teren\u00f3w rolniczych. Nie musi to jednak oznacza\u0107, \u017ce zwierz\u0119ta \u201ewchodz\u0105\u201d do ludzkiego \u015bwiata. Wilki maj\u0105 bardzo du\u017ce area\u0142y osobnicze i podczas swoich w\u0119dr\u00f3wek mog\u0105 pokonywa\u0107 znaczne odleg\u0142o\u015bci.<\/p>\n<p>Czy wilka trzeba si\u0119 ba\u0107?<\/p>\n<p>Widok wilka w lesie mo\u017ce budzi\u0107 respekt. To przecie\u017c du\u017cy drapie\u017cnik, kt\u00f3rego wygl\u0105d przez lata obr\u00f3s\u0142 wieloma legendami. W rzeczywisto\u015bci wilki z regu\u0142y unikaj\u0105 ludzi.<\/p>\n<p>Cz\u0142owiek nie jest dla wilka naturaln\u0105 zdobycz\u0105. Zwierz\u0119ta maj\u0105 doskonale rozwini\u0119ty s\u0142uch i w\u0119ch, dlatego zazwyczaj wiedz\u0105 o obecno\u015bci cz\u0142owieka znacznie wcze\u015bniej, ni\u017c cz\u0142owiek zdaje sobie spraw\u0119, \u017ce w pobli\u017cu znajduje si\u0119 wilk.<\/p>\n<p>W\u0142a\u015bnie dlatego zdecydowana wi\u0119kszo\u015b\u0107 wilczych spotka\u0144 ko\u0144czy si\u0119 w spos\u00f3b, kt\u00f3rego nawet nie zauwa\u017camy \u2013 zwierz\u0119 po prostu odchodzi w g\u0142\u0105b lasu.<\/p>\n<p>Je\u015bli jednak podczas spaceru uda si\u0119 dostrzec wilka, najwa\u017cniejsze jest zachowanie spokoju i dystansu. Nie nale\u017cy pr\u00f3bowa\u0107 podchodzi\u0107 do zwierz\u0119cia, dokarmia\u0107 go ani pr\u00f3bowa\u0107 go \u015bledzi\u0107. Warto pozwoli\u0107 mu spokojnie odej\u015b\u0107.<\/p>\n<p>    Galeria zdj\u0119\u0107<\/p>\n<p>                                    <img decoding=\"async\" class=\"gallery-item\" src=\"https:\/\/www.europesays.com\/pl\/wp-content\/uploads\/2026\/09\/medium-144c75.jpg\" loading=\"lazy\" width=\"1440\" height=\"957\"\/><\/p>\n<p>            Zdj\u0119cie 1 z 5<\/p>\n<p>                                    <img decoding=\"async\" class=\"gallery-item\" src=\"https:\/\/www.europesays.com\/pl\/wp-content\/uploads\/2026\/09\/medium-144c77.jpg\" loading=\"lazy\" width=\"1440\" height=\"957\"\/><\/p>\n<p>            Zdj\u0119cie 2 z 5<\/p>\n<p>                                    <img decoding=\"async\" class=\"gallery-item\" src=\"https:\/\/www.europesays.com\/pl\/wp-content\/uploads\/2026\/09\/medium-144c76.jpg\" loading=\"lazy\" width=\"1440\" height=\"1081\"\/><\/p>\n<p>            Zdj\u0119cie 3 z 5<\/p>\n<p>                                    <img decoding=\"async\" class=\"gallery-item\" src=\"https:\/\/www.europesays.com\/pl\/wp-content\/uploads\/2026\/09\/medium-144c73.jpg\" loading=\"lazy\" width=\"1440\" height=\"958\"\/><\/p>\n<p>            Zdj\u0119cie 4 z 5<\/p>\n<p>                                    <img decoding=\"async\" class=\"gallery-item\" src=\"https:\/\/www.europesays.com\/pl\/wp-content\/uploads\/2026\/09\/medium-144c74.jpg\" loading=\"lazy\" width=\"1440\" height=\"960\"\/><\/p>\n<p>            Zdj\u0119cie 5 z 5<\/p>\n<p>\n                                    <a href=\"https:\/\/www.google.com\/preferences\/source?q=lublin112.pl\" target=\"_blank\" rel=\"noopener noreferrer nofollow\" onclick=\"if (!window.__cfRLUnblockHandlers) return false; gtag(&#039;event&#039;, &#039;google_preferred_source_click&#039;, {&#010;                                           &#039;link_url&#039;: this.href,&#010;                                           &#039;link_text&#039;: &#039;Ustaw lublin112.pl jako preferowane \u017ar\u00f3d\u0142o&#039;&#010;                                       });\" style=\"text-align:center;display:block;\" data-cf-modified-e422b203031ac025b3dc487a-=\"\"><br \/>\n                                        <img decoding=\"async\" src=\"https:\/\/www.europesays.com\/pl\/wp-content\/uploads\/2026\/09\/1788399695_306_lublin112-google-source.webp\" alt=\"Ustaw lublin112.pl jako preferowane \u017ar\u00f3d\u0142o w Google\" style=\"max-width: 70%;\"\/><br \/>\n                                    <\/a><br \/>\n                                    <\/p>\n","protected":false},"excerpt":{"rendered":"Poranek w lesie potrafi przynie\u015b\u0107 niespodzianki, kt\u00f3rych nie spos\u00f3b zaplanowa\u0107. Podczas jednego z takich patroli pracownik Roztocza\u0144skiego Parku&hellip;\n","protected":false},"author":2,"featured_media":663693,"comment_status":"","ping_status":"","sticky":false,"template":"","format":"standard","meta":{"footnotes":"","_share_on_mastodon":"0"},"categories":[51612],"tags":[11317,1081,42,38,40,39,41,124506,113193,129001,57655,129002],"class_list":["post-663692","post","type-post","status-publish","format-standard","has-post-thumbnail","category-lublin","tag-lubelskie","tag-lublin","tag-pl","tag-poland","tag-polish","tag-polska","tag-polski","tag-roztoczanski-park-narodowy","tag-roztocze","tag-rpn","tag-wilki","tag-wilki-na-roztoczu"],"share_on_mastodon":{"url":"https:\/\/pubeurope.com\/@pl\/117204569759635416","error":""},"_links":{"self":[{"href":"https:\/\/www.europesays.com\/pl\/wp-json\/wp\/v2\/posts\/663692","targetHints":{"allow":["GET"]}}],"collection":[{"href":"https:\/\/www.europesays.com\/pl\/wp-json\/wp\/v2\/posts"}],"about":[{"href":"https:\/\/www.europesays.com\/pl\/wp-json\/wp\/v2\/types\/post"}],"author":[{"embeddable":true,"href":"https:\/\/www.europesays.com\/pl\/wp-json\/wp\/v2\/users\/2"}],"replies":[{"embeddable":true,"href":"https:\/\/www.europesays.com\/pl\/wp-json\/wp\/v2\/comments?post=663692"}],"version-history":[{"count":0,"href":"https:\/\/www.europesays.com\/pl\/wp-json\/wp\/v2\/posts\/663692\/revisions"}],"wp:featuredmedia":[{"embeddable":true,"href":"https:\/\/www.europesays.com\/pl\/wp-json\/wp\/v2\/media\/663693"}],"wp:attachment":[{"href":"https:\/\/www.europesays.com\/pl\/wp-json\/wp\/v2\/media?parent=663692"}],"wp:term":[{"taxonomy":"category","embeddable":true,"href":"https:\/\/www.europesays.com\/pl\/wp-json\/wp\/v2\/categories?post=663692"},{"taxonomy":"post_tag","embeddable":true,"href":"https:\/\/www.europesays.com\/pl\/wp-json\/wp\/v2\/tags?post=663692"}],"curies":[{"name":"wp","href":"https:\/\/api.w.org\/{rel}","templated":true}]}}