{"id":663708,"date":"2026-09-03T01:52:46","date_gmt":"2026-09-03T01:52:46","guid":{"rendered":"https:\/\/www.europesays.com\/pl\/663708\/"},"modified":"2026-09-03T01:52:46","modified_gmt":"2026-09-03T01:52:46","slug":"berlin-rosja-probowala-doprowadzic-do-zamachu-na-lotnisku","status":"publish","type":"post","link":"https:\/\/www.europesays.com\/pl\/663708\/","title":{"rendered":"Berlin: Rosja pr\u00f3bowa\u0142a doprowadzi\u0107 do zamachu na lotnisku"},"content":{"rendered":"<p>&#13;<br \/>\n  Niemiecki rz\u0105d oficjalnie uzna\u0142, \u017ce to Rosja jest odpowiedzialna za pr\u00f3b\u0119 zamachu na lotnisku w Lipsku. Dron z materia\u0142em wybuchowym znaleziono w pobli\u017cu ukrai\u0144skich samolot\u00f3w transportowych. Berlin zapowiedzia\u0142 dzia\u0142ania odwetowe, a szefowa unijnej dyplomacji Kaja Kallas oceni\u0142a, \u017ce atak nosi znamiona \u201eterroryzmu sponsorowanego przez pa\u0144stwo\u201d.&#13;\n<\/p>\n<p>&#13;<br \/>\n  &#13;<br \/>\n    <img loading=\"lazy\" decoding=\"async\" style=\"display: block; margin-left: auto; margin-right: auto;\" src=\"https:\/\/www.europesays.com\/pl\/wp-content\/uploads\/2026\/09\/111305.jpeg\" alt=\"\" width=\"800\" height=\"534\"\/>&#13;<br \/>\n  &#13;\n<\/p>\n<p>\u00a0<\/p>\n<p>Do pr\u00f3by zamachu dosz\u0142o w nocy z 4 na 5 sierpnia na lotnisku Lipsk\/Halle, jednym z najwi\u0119kszych europejskich port\u00f3w cargo. Na terenie lotniska znaleziono drona wyposa\u017conego w materia\u0142 wybuchowy i urz\u0105dzenie inicjuj\u0105ce. W pobli\u017cu znajdowa\u0142y si\u0119 ukrai\u0144skie <a href=\"https:\/\/polska-zbrojna.pl\/home\/articleshow\/30927?t=Nocny-lot-Ruslana\" target=\"_blank\" rel=\"nofollow noopener\">samoloty transportowe Antonov<\/a>.<\/p>\n<p>Pocz\u0105tkowo niemieckie w\u0142adze nie wskazywa\u0142y sprawcy. Minister spraw wewn\u0119trznych Alexander Dobrindt m\u00f3wi\u0142 jedynie o \u201ehybrydowym scenariuszu ataku\u201d i \u201enowej jako\u015bci zagro\u017cenia\u201d. Dwa dni po zdarzeniu zebra\u0142a si\u0119 kierowana przez kanclerza Friedricha Merza Rada Bezpiecze\u0144stwa Narodowego.<\/p>\n<p>Dopiero 1 wrze\u015bnia, po kilku tygodniach \u015bledztwa, Berlin oficjalnie przypisa\u0142 operacj\u0119 Rosji. \u2013 Ustalenia niemieckich organ\u00f3w bezpiecze\u0144stwa oraz informacje przekazane przez naszych europejskich partner\u00f3w jasno wskazuj\u0105 na rosyjskie zaanga\u017cowanie \u2013 powiedzia\u0142 Dobrindt. Jak wyja\u015bni\u0142 minister, konfiguracja drona, zastosowany materia\u0142 wybuchowy oraz technika zap\u0142onu s\u0105 znane z wcze\u015bniejszych rosyjskich operacji hybrydowych oraz wojny prowadzonej przez Rosj\u0119 przeciwko Ukrainie. Wed\u0142ug ministra spraw wewn\u0119trznych Niemiec spos\u00f3b przygotowania operacji wskazuje na wysoki poziom wiedzy technicznej i znaczny wysi\u0142ek organizacyjny.<\/p>\n<p>Samo wykonanie zamachu mia\u0142o jednak zosta\u0107 powierzone osobom okre\u015blonym przez Dobrindta jako \u201elow-level agents\u201d, czyli agentom niskiego szczebla. Niemieckie media u\u017cywaj\u0105 r\u00f3wnie\u017c okre\u015blenia \u201eWegwerfagenten\u201d \u2013 dos\u0142ownie \u201eagenci jednorazowego u\u017cytku\u201d. Chodzi o osoby rekrutowane do wykonania konkretnych zada\u0144, kt\u00f3re nie musz\u0105 by\u0107 etatowymi funkcjonariuszami s\u0142u\u017cb prowadz\u0105cych operacj\u0119.<\/p>\n<p>Wed\u0142ug ustale\u0144 dziennikarzy regionalnych stacji radiowo-telewizyjnych NDR i WDR oraz \u201eS\u00fcddeutsche Zeitung\u201d w operacji mog\u0142y zosta\u0107 wykorzystane co najmniej dwa drony z materia\u0142ami wybuchowymi. Maszyny mia\u0142y by\u0107 wyposa\u017cone w karty SIM umo\u017cliwiaj\u0105ce sterowanie przez sie\u0107 kom\u00f3rkow\u0105. Niemieckie organy prowadz\u0105ce post\u0119powanie zabezpieczy\u0142y r\u00f3wnie\u017c \u015blady, kt\u00f3re mog\u0105 pom\u00f3c w ustaleniu os\u00f3b zaanga\u017cowanych w przygotowanie akcji. Szczeg\u00f3\u0142y \u015bledztwa nie zosta\u0142y jednak ujawnione.<\/p>\n<p>&#13;<br \/>\n  &#13;<br \/>\n    Antonovy w Lipsku&#13;<br \/>\n  &#13;\n<\/p>\n<p>Nie zosta\u0142o te\u017c oficjalnie potwierdzone, jaki dok\u0142adnie cel mieli sprawcy. Niemieckie media informuj\u0105 jednak, \u017ce drona znaleziono w bezpo\u015brednim s\u0105siedztwie ukrai\u0144skiego samolotu transportowego. Wed\u0142ug NDR, WDR i \u201eS\u00fcddeutsche Zeitung\u201d maszyna dzie\u0144 wcze\u015bniej przewozi\u0142a amunicj\u0119.<\/p>\n<p>Obecno\u015b\u0107 ukrai\u0144skich Antonov\u00f3w w Lipsku nie jest przypadkowa. Port jest baz\u0105 operacyjn\u0105 programu <a href=\"https:\/\/polska-zbrojna.pl\/home\/articleshow\/30861?t=Strategiczny-most-powietrzny\" target=\"_blank\" rel=\"nofollow noopener\">SALIS (Strategic Airlift International Solution), zapewniaj\u0105cego pa\u0144stwom NATO dost\u0119p do ci\u0119\u017ckich samolot\u00f3w<\/a> transportowych. Programem zarz\u0105dza NATO Support and Procurement Agency, a jego uczestnikiem jest r\u00f3wnie\u017c Polska.<\/p>\n<p>Od 2019 roku jedynym wykonawc\u0105 kontraktu SALIS jest Antonov Logistics Salis. Pa\u0144stwa uczestnicz\u0105ce w programie maj\u0105 zagwarantowany dost\u0119p do samolot\u00f3w An-124-100, kt\u00f3re mog\u0105 przewozi\u0107 do 120 t \u0142adunku, w tym ci\u0119\u017ckiego i ponadgabarytowego sprz\u0119tu wojskowego. Baza operacyjna programu znajduje si\u0119 w\u0142a\u015bnie na lotnisku Lipsk\/Halle.<\/p>\n<p>Ewentualne zniszczenie jednego z Antonov\u00f3w oznacza\u0142oby wi\u0119c uderzenie nie tylko w ukrai\u0144ski potencja\u0142 transportowy. Maszyny bazuj\u0105ce w Lipsku stanowi\u0105 tak\u017ce element systemu strategicznego transportu lotniczego wykorzystywanego przez pa\u0144stwa NATO i Uni\u0119 Europejsk\u0105.<\/p>\n<p>&#13;<br \/>\n  &#13;<br \/>\n    Berlin odpowiada Moskwie&#13;<br \/>\n  &#13;\n<\/p>\n<p>Niemieckie w\u0142adze uzna\u0142y pr\u00f3b\u0119 zamachu za element szerszej rosyjskiej kampanii przeciwko pa\u0144stwom europejskim. \u2013 To niebezpieczne zachowanie Federacji Rosyjskiej wpisuje si\u0119 w d\u0142ug\u0105 seri\u0119 pr\u00f3b destabilizacji, dezinformacji, gr\u00f3\u017ab, sabota\u017cu i agresji wobec Europy \u2013 powiedzia\u0142 minister spraw zagranicznych Johann Wadephul. Jak doda\u0142, rosyjskie w\u0142adze odnosz\u0105 si\u0119 do Niemiec z \u201eotwart\u0105 wrogo\u015bci\u0105\u201d.<\/p>\n<p>W rozmowie z ARD szef niemieckiej dyplomacji stwierdzi\u0142 r\u00f3wnie\u017c, \u017ce Niemcy nie znajduj\u0105 si\u0119 w stanie wojny z Rosj\u0105, ale sta\u0142y si\u0119 rosyjskim \u201ecelem wojennym\u201d. Berlin wezwa\u0142 rosyjskiego ambasadora i zapowiedzia\u0142 seri\u0119 dzia\u0142a\u0144 odwetowych. Rosyjski konsulat generalny w Bonn ma zosta\u0107 zamkni\u0119ty 18 wrze\u015bnia. Niemcy wypowiadaj\u0105 tak\u017ce umow\u0119 dotycz\u0105c\u0105 dzia\u0142alno\u015bci Rosyjskiego Domu w Berlinie, zapowiadaj\u0105 zaostrzenie kontroli wjazdowych wobec obywateli Rosji oraz b\u0119d\u0105 zabiega\u0107 o rozszerzenie unijnych sankcji wobec os\u00f3b i podmiot\u00f3w zwi\u0105zanych z rosyjskimi operacjami hybrydowymi.<\/p>\n<p>Moskwa odrzuci\u0142a niemieckie oskar\u017cenia. Rosyjskie w\u0142adze twierdz\u0105, \u017ce Berlin nie przedstawi\u0142 dowod\u00f3w potwierdzaj\u0105cych zaanga\u017cowanie Federacji Rosyjskiej, a dzia\u0142ania niemieckiego rz\u0105du prowadz\u0105 do dalszej eskalacji stosunk\u00f3w mi\u0119dzy oboma pa\u0144stwami.<\/p>\n<p>Po stronie Niemiec stan\u0119\u0142y NATO i Unia Europejska. Sekretarz generalny Sojuszu Mark Rutte zapewni\u0142 kanclerza Merza, \u017ce NATO w pe\u0142ni stoi po stronie Niemiec i b\u0119dzie broni\u0142o pa\u0144stw cz\u0142onkowskich przed ka\u017cdym zagro\u017ceniem. Jeszcze mocniej zareagowa\u0142a szefowa unijnej dyplomacji Kaja Kallas. \u2013 Ataki w Lipsku maj\u0105 wszelkie znamiona terroryzmu sponsorowanego przez pa\u0144stwo \u2013 powiedzia\u0142a w \u015brod\u0119 przed nieformalnym spotkaniem ministr\u00f3w spraw zagranicznych UE w Irlandii. Zapowiedzia\u0142a, \u017ce jednym z temat\u00f3w rozm\u00f3w b\u0119dzie odpowied\u017a Unii na rosyjskie dzia\u0142ania.<\/p>\n<p>&#13;<br \/>\n  &#13;<br \/>\n    Lipsk ju\u017c by\u0142 celem&#13;<br \/>\n  &#13;\n<\/p>\n<p>To nie pierwszy przypadek, gdy lotnisko Lipsk\/Halle pojawia si\u0119 w \u015bledztwie dotycz\u0105cym rosyjskiego sabota\u017cu w Europie. W lipcu 2024 roku w znajduj\u0105cym si\u0119 tam centrum logistycznym DHL zapali\u0142a si\u0119 przesy\u0142ka nadana z Litwy, a kierowana do Wielkiej Brytanii. Dwa dni p\u00f3\u017aniej podobny po\u017car wybuch\u0142 w magazynie DHL w Birmingham. P\u00f3\u017aniejsze mi\u0119dzynarodowe \u015bledztwo wykaza\u0142o, \u017ce paczki zawiera\u0142y ukryte urz\u0105dzenia zapalaj\u0105ce. Wed\u0142ug polskiej Prokuratury Krajowej dzia\u0142ania by\u0142y prowadzone na rzecz rosyjskiego wywiadu. Sprawcy wysy\u0142ali tak\u017ce przesy\u0142ki testowe do Stan\u00f3w Zjednoczonych i Kanady, sprawdzaj\u0105c trasy oraz czas transportu lotniczego.<\/p>\n<p>Wsp\u00f3lny zesp\u00f3\u0142 \u015bledczy Polski, Litwy, Niemiec, Holandii i Wielkiej Brytanii, dzia\u0142aj\u0105cy przy wsparciu Eurojustu (Agencji UE ds. Wsp\u00f3\u0142pracy Wymiar\u00f3w Sprawiedliwo\u015bci w Sprawach Karnych), zidentyfikowa\u0142 w tej sprawie ponad 20 podejrzanych.<\/p>\n<p>Europejskie <a href=\"https:\/\/polska-zbrojna.pl\/home\/articleshow\/47066\" target=\"_blank\" rel=\"nofollow noopener\">s\u0142u\u017cby wi\u0105\u017c\u0105 z rosyjskimi operacjami r\u00f3wnie\u017c inne przypadki sabota\u017cu<\/a>. Polska prokuratura uzna\u0142a m.in., \u017ce <a href=\"https:\/\/polska-zbrojna.pl\/home\/articleshow\/45242?t=Nowy-etap-wojny-hybrydowej\" target=\"_blank\" rel=\"nofollow noopener\">po\u017car centrum handlowego Marywilska 44 w Warszawie<\/a> w maju 2024 roku by\u0142 wynikiem podpalenia dokonanego przez grup\u0119 dzia\u0142aj\u0105c\u0105 na zlecenie rosyjskiego wywiadu. Ta sama grupa mia\u0142a odpowiada\u0107 za podpalenie sklepu IKEA w Wilnie.<\/p>\n<p>W marcu tego roku Rada Unii Europejskiej oficjalnie pot\u0119pi\u0142a rosyjskie podmioty powi\u0105zane z d\u0142ugotrwa\u0142ymi kampaniami hybrydowymi wymierzonymi w europejskie pa\u0144stwa. W\u015br\u00f3d stosowanych metod wymieniono m.in. <a href=\"https:\/\/polska-zbrojna.pl\/home\/articleshow\/45155?t=Nieznani-sprawcy-wysadzili-tory\" target=\"_blank\" rel=\"nofollow noopener\">sabota\u017c infrastruktury krytycznej<\/a>, cyberataki oraz operacje informacyjne.<\/p>\n","protected":false},"excerpt":{"rendered":"&#13; Niemiecki rz\u0105d oficjalnie uzna\u0142, \u017ce to Rosja jest odpowiedzialna za pr\u00f3b\u0119 zamachu na lotnisku w Lipsku. Dron&hellip;\n","protected":false},"author":2,"featured_media":663709,"comment_status":"","ping_status":"","sticky":false,"template":"","format":"standard","meta":{"footnotes":"","_share_on_mastodon":"0"},"categories":[12],"tags":[129008,2891,425,129012,35032,26961,3657,8660,160,129007,52570,18211,42,38,2279,40,39,50002,52571,41,129010,129006,129011,129009,50774,161,5041,6573],"class_list":["post-663708","post","type-post","status-publish","format-standard","has-post-thumbnail","category-polska","tag-antonov","tag-armia","tag-bezpieczenstwo","tag-dobrindt","tag-dzialania-hybrydowe","tag-kallas","tag-merz","tag-ministerstwo-obrony-narodowej","tag-nato","tag-niemcy-oskarzaja-rosje-o-prbe-zamachu-na-lotnisku","tag-obrona-narodowa","tag-oficer","tag-pl","tag-poland","tag-poligon","tag-polish","tag-polska","tag-polska-zbrojna","tag-polska-zbrojna-pl","tag-polski","tag-port-cargo","tag-prba-zamachu-na-lotnisku-w-lipsku","tag-sabotaz-infrastruktury-krytycznej","tag-salis","tag-wadephul","tag-wojsko","tag-wojsko-polskie","tag-zolnierz"],"share_on_mastodon":{"url":"https:\/\/pubeurope.com\/@pl\/117204612412613981","error":""},"_links":{"self":[{"href":"https:\/\/www.europesays.com\/pl\/wp-json\/wp\/v2\/posts\/663708","targetHints":{"allow":["GET"]}}],"collection":[{"href":"https:\/\/www.europesays.com\/pl\/wp-json\/wp\/v2\/posts"}],"about":[{"href":"https:\/\/www.europesays.com\/pl\/wp-json\/wp\/v2\/types\/post"}],"author":[{"embeddable":true,"href":"https:\/\/www.europesays.com\/pl\/wp-json\/wp\/v2\/users\/2"}],"replies":[{"embeddable":true,"href":"https:\/\/www.europesays.com\/pl\/wp-json\/wp\/v2\/comments?post=663708"}],"version-history":[{"count":0,"href":"https:\/\/www.europesays.com\/pl\/wp-json\/wp\/v2\/posts\/663708\/revisions"}],"wp:featuredmedia":[{"embeddable":true,"href":"https:\/\/www.europesays.com\/pl\/wp-json\/wp\/v2\/media\/663709"}],"wp:attachment":[{"href":"https:\/\/www.europesays.com\/pl\/wp-json\/wp\/v2\/media?parent=663708"}],"wp:term":[{"taxonomy":"category","embeddable":true,"href":"https:\/\/www.europesays.com\/pl\/wp-json\/wp\/v2\/categories?post=663708"},{"taxonomy":"post_tag","embeddable":true,"href":"https:\/\/www.europesays.com\/pl\/wp-json\/wp\/v2\/tags?post=663708"}],"curies":[{"name":"wp","href":"https:\/\/api.w.org\/{rel}","templated":true}]}}