{"id":663764,"date":"2026-09-03T02:27:13","date_gmt":"2026-09-03T02:27:13","guid":{"rendered":"https:\/\/www.europesays.com\/pl\/663764\/"},"modified":"2026-09-03T02:27:13","modified_gmt":"2026-09-03T02:27:13","slug":"robert-stockinger-usunal-nagranie-wyjasnil-sprawe-castingu-corki","status":"publish","type":"post","link":"https:\/\/www.europesays.com\/pl\/663764\/","title":{"rendered":"Robert Stockinger usun\u0105\u0142 nagranie. Wyja\u015bni\u0142 spraw\u0119 castingu c\u00f3rki"},"content":{"rendered":"<p><a href=\"https:\/\/plejada.pl\/temat\/robert-stockinger\/90c78cl\" id=\"55339223-5ec0-4485-95ac-c33853255719\" rel=\"nofollow noopener\" target=\"_blank\">Robert Stockinger<\/a> w pierwszym nagraniu opowiada\u0142 o castingu do filmu, w kt\u00f3rym udzia\u0142 bra\u0142a jego c\u00f3rka. Jak wyzna\u0142, rozmowa przesz\u0142a na temat bukowania terminu, jednak ostatecznie odrzucono kandydatur\u0119 jego pociechy, t\u0142umacz\u0105c to tym, \u017ce rol\u0119 dosta\u0142a c\u00f3rka producenta. Mimo \u017ce prezenter nie poda\u0142 tytu\u0142u filmu, wyznanie to pojawi\u0142o si\u0119 w momencie tocz\u0105cej si\u0119 afery wok\u00f3\u0142 nowego &#8222;Nigdy w \u017cyciu&#8221;. Chocia\u017c nagranie usun\u0105\u0142, opublikowa\u0142 kolejne, w kt\u00f3rym opowiedzia\u0142 o &#8222;szlamie, jaki si\u0119 na niego wyla\u0142&#8221;.<\/p>\n<p>\u2014 m\u00f3wi\u0142.<\/p>\n<p>Stockinger przyzna\u0142, \u017ce spotka\u0142 si\u0119 z du\u017c\u0105 ilo\u015bci\u0105 krytyki od os\u00f3b, kt\u00f3re zarzuca\u0142y mu to, \u017ce ma &#8222;wtyki&#8221; w bran\u017cy i za\u0142atwia castingi dla swojego dziecka po znajomo\u015bci. Us\u0142ysza\u0142, \u017ce castingi dla dzieci s\u0105 dost\u0119pne tylko dla celebryt\u00f3w i &#8222;tajne&#8221;.<\/p>\n<p>\u2014 powiedzia\u0142 prezenter.<\/p>\n<p>Na koniec wyja\u015bni\u0142 dok\u0142adnie, jak wygl\u0105da proces castingu i czego oczekuje si\u0119 od m\u0142odych aktor\u00f3w.<\/p>\n<p><img class=\"ods-a-photo ods-a-photo--background\" src=\"https:\/\/www.europesays.com\/pl\/wp-content\/uploads\/2026\/09\/T1fk9lBaHR0cHM6Ly9vY2RuLmV1L3B1bHNjbXMvTURBXy85MDJlNjQ1NGI4ODFiMzZjYTIyZGVjODE2ODFmODQ4NC5qcGeRkwXNB.jpeg\" height=\"800\" width=\"534\" alt=\"Robert Stockinger\" loading=\"lazy\" fetchpriority=\"auto\" decoding=\"auto\" url=\"https:\/\/ocdn.eu\/pulscms\/MDA_\/902e6454b881b36ca22dec81681f8484.jpg\" description=\"Robert Stockinger\" author=\"Andras Szilagyi \/ MW Media\" source=\"\" link=\"\"\/><\/p>\n<p>Andras Szilagyi \/ MW Media<\/p>\n<p>Robert Stockinger<\/p>\n","protected":false},"excerpt":{"rendered":"Robert Stockinger w pierwszym nagraniu opowiada\u0142 o castingu do filmu, w kt\u00f3rym udzia\u0142 bra\u0142a jego c\u00f3rka. Jak wyzna\u0142,&hellip;\n","protected":false},"author":2,"featured_media":663765,"comment_status":"","ping_status":"","sticky":false,"template":"","format":"standard","meta":{"footnotes":"","_share_on_mastodon":"0"},"categories":[22],"tags":[61195,122,48,125,46,42,38,40,39,41,13800,123,47],"class_list":["post-663764","post","type-post","status-publish","format-standard","has-post-thumbnail","category-rozrywka","tag-bottomfeed_styl","tag-entertainment","tag-nat_styl","tag-newsy","tag-omp","tag-pl","tag-poland","tag-polish","tag-polska","tag-polski","tag-robert_stockinger","tag-rozrywka","tag-screening_general"],"share_on_mastodon":{"url":"https:\/\/pubeurope.com\/@pl\/117204750229779084","error":""},"_links":{"self":[{"href":"https:\/\/www.europesays.com\/pl\/wp-json\/wp\/v2\/posts\/663764","targetHints":{"allow":["GET"]}}],"collection":[{"href":"https:\/\/www.europesays.com\/pl\/wp-json\/wp\/v2\/posts"}],"about":[{"href":"https:\/\/www.europesays.com\/pl\/wp-json\/wp\/v2\/types\/post"}],"author":[{"embeddable":true,"href":"https:\/\/www.europesays.com\/pl\/wp-json\/wp\/v2\/users\/2"}],"replies":[{"embeddable":true,"href":"https:\/\/www.europesays.com\/pl\/wp-json\/wp\/v2\/comments?post=663764"}],"version-history":[{"count":0,"href":"https:\/\/www.europesays.com\/pl\/wp-json\/wp\/v2\/posts\/663764\/revisions"}],"wp:featuredmedia":[{"embeddable":true,"href":"https:\/\/www.europesays.com\/pl\/wp-json\/wp\/v2\/media\/663765"}],"wp:attachment":[{"href":"https:\/\/www.europesays.com\/pl\/wp-json\/wp\/v2\/media?parent=663764"}],"wp:term":[{"taxonomy":"category","embeddable":true,"href":"https:\/\/www.europesays.com\/pl\/wp-json\/wp\/v2\/categories?post=663764"},{"taxonomy":"post_tag","embeddable":true,"href":"https:\/\/www.europesays.com\/pl\/wp-json\/wp\/v2\/tags?post=663764"}],"curies":[{"name":"wp","href":"https:\/\/api.w.org\/{rel}","templated":true}]}}