{"id":663778,"date":"2026-09-03T02:35:30","date_gmt":"2026-09-03T02:35:30","guid":{"rendered":"https:\/\/www.europesays.com\/pl\/663778\/"},"modified":"2026-09-03T02:35:30","modified_gmt":"2026-09-03T02:35:30","slug":"komisja-zamienila-wyniki-nawrockiego-i-trzaskowskiego-nowe-informacje-2","status":"publish","type":"post","link":"https:\/\/www.europesays.com\/pl\/663778\/","title":{"rendered":"Komisja zamieni\u0142a wyniki Nawrockiego i Trzaskowskiego. Nowe informacje"},"content":{"rendered":"<p>Podczas wybor\u00f3w prezydenckich w 2025 r. wed\u0142ug oficjalnych danych z obwodowej komisji wyborczej nr 35 przy ul. Lwa To\u0142stoja w Tychach w II turze Karol Nawrocki uzyska\u0142 581 g\u0142os\u00f3w, a Rafa\u0142 Trzaskowski 347. By\u0142o to mocno nietypowe, poniewa\u017c w ca\u0142ym mie\u015bcie kandydat KO mia\u0142 zdecydowan\u0105 przewag\u0119 nad tym wspieranym przez PiS.<\/p>\n<p>Dalszy ci\u0105g artyku\u0142u pod materia\u0142em wideo<\/p>\n<p>W po\u0142owie czerwca S\u0105d Rejonowy w Tychach ponownie przeliczy\u0142 g\u0142osy z komisji wyborczej nr 35. Okaza\u0142o si\u0119 w\u00f3wczas, \u017ce w protokole zamieniono wyniki obu kandydat\u00f3w. Ponowne przeliczenie wykaza\u0142o, \u017ce wi\u0119cej g\u0142os\u00f3w uzyska\u0142 nie Karol Nawrocki, tylko Rafa\u0142 Trzaskowski.<\/p>\n<p><a href=\"https:\/\/www.onet.pl\/\" title=\"Strona G\u0142\u00f3wna\" aria-label=\"Strona G\u0142\u00f3wna\" data-astro-prefetch=\"tap\" class=\"ods-a-logo-main-desktop\" rel=\"nofollow noopener\" target=\"_blank\"><img src=\"https:\/\/cdn.wiadomosci.onet.pl\/img\/Logo_desktop_Onet.svg\" class=\"ods-a-logo-main-desktop__image\" alt=\"Logo\" width=\"107\" height=\"60\" fetchpriority=\"high\" decoding=\"sync\" style=\"height:60px\"\/><\/a><\/p>\n<p class=\"ods-m-google-article__text\">Czytaj nas cz\u0119\u015bciej w Google<\/p>\n<p><a href=\"https:\/\/google.com\/preferences\/source?q=onet.pl\" target=\"_blank\" rel=\"noopener noreferrer nofollow\" aria-label=\"Dodaj w Google\" title=\"Dodaj w Google\" class=\"ods-a-button ods-a-button__primary ods-a-button__default ods-a-button-l\">Dodaj w Google<\/a>Pomy\u0142ka w komisji podczas wybor\u00f3w prezydenckich. Zamienili wyniki Nawrockiego i Trzaskowskiego<\/p>\n<p>Prokuratura Okr\u0119gowa w Katowicach wszcz\u0119\u0142a w tej sprawie \u015bledztwo, kt\u00f3re prowadzi\u0142a od ko\u0144ca czerwca 2025 r. Jak informuje Gazeta.pl, przes\u0142uchano wszystkich cz\u0142onk\u00f3w komisji wyborczej nr 35. W swoich zeznaniach podkre\u015blili, \u017ce zachowanie \u017cadnej z os\u00f3b licz\u0105cych tego dnia g\u0142osy nie wzbudza\u0142o niczyich podejrze\u0144.<\/p>\n<p class=\"ods-o-quote__paragraph\">\u015awiadkowie zapytani o okoliczno\u015bci zwi\u0105zane z nieprawid\u0142owym odnotowaniem wynik\u00f3w w protokole ko\u0144cowym zgodnie wskazali, \u017ce by\u0142 to wynik nieumy\u015blnego b\u0142\u0119du, wynikaj\u0105cego z ich zm\u0119czenia po ca\u0142ym dniu pracy w niesprzyjaj\u0105cych warunkach atmosferycznych [wysoka temperatura]<\/p>\n<p>\u2014 napisa\u0142a prokuratura w postanowieniu o umorzeniu \u015bledztwa, cytowanym przez portal Gazeta.pl.<\/p>\n<p>Afera Zondacrypto. Prawdziwym celem mo\u017ce by\u0107 Karol Nawrocki. &#8222;Uderzenie naprawd\u0119 bardzo mocne&#8221;<img class=\"ods-a-photo ods-a-photo--background\" src=\"https:\/\/www.europesays.com\/pl\/wp-content\/uploads\/2026\/09\/sVhk9lGaHR0cHM6Ly9vY2RuLmV1L3B1bHNjbXMvTURBXy80MDIwZDVhZi1mY2U4LTQxZjItYjNhYS02YTlmMDk4MTBhMzUuanBlZ.jpeg\" height=\"300\" width=\"450\" alt=\"Prezydent Polski Karol Nawrocki\" loading=\"lazy\" fetchpriority=\"low\" decoding=\"async\"\/>Komisja zamieni\u0142a wyniki Karola Nawrockiego i Rafa\u0142a Trzaskowskiego. Prokuratura umorzy\u0142a \u015bledztwo<\/p>\n<p>Jak opisuje prokuratura, z zezna\u0144 \u015bwiadk\u00f3w wynika, \u017ce &#8222;w trakcie sporz\u0105dzania protoko\u0142u z udzia\u0142em informatyka, kt\u00f3remu dyktowano wyniki wybor\u00f3w, przy podawaniu wyniku poszczeg\u00f3lnych kandydat\u00f3w pos\u0142ugiwano si\u0119 stwierdzeniami \u00bbkandydat pierwszy\u00ab i \u00bbkandydat drugi\u00ab&#8221;. Gdy cz\u0142onkowie komisji zorientowali si\u0119, \u017ce dosz\u0142o do pomy\u0142ki, napisali w tej sprawie pismo do delegatury Krajowego Biura Wyborczego w Katowicach.<\/p>\n<p>W postanowieniu Prokuratura Okr\u0119gowa w Katowicach zaznaczy\u0142a, \u017ce wed\u0142ug \u015bledczych cz\u0142onkowie komisji podeszli do swoich obowi\u0105zk\u00f3w &#8222;z nale\u017cyt\u0105 powag\u0105 i szacunkiem&#8221;.<\/p>\n<p class=\"ods-o-quote__paragraph\">W toku prowadzonego post\u0119powania nie pozyskano jakiegokolwiek dowodu mog\u0105cego chocia\u017cby w minimalnym stopniu uprawdopodobni\u0107 to, \u017ce cz\u0142onkowie komisji powierzone im obowi\u0105zki chcieli realizowa\u0107 nierzetelnie i ich zamiarem by\u0142o wyrz\u0105dzenie szkody w postaci zafa\u0142szowania rzeczywistych wynik\u00f3w<\/p>\n<p>\u2014 napisa\u0142a prokuratura w postanowieniu o umorzeniu \u015bledztwa.<\/p>\n<p>Ponadto zdaniem \u015bledczych nie jest prawdopodobne, aby w komisji dosz\u0142o do jakiego\u015b porozumienia mi\u0119dzy jej cz\u0142onkami, poniewa\u017c byli zg\u0142aszani do prac z r\u00f3\u017cnych komitet\u00f3w wyborczych. Decyzja o umorzeniu \u015bledztwa zosta\u0142a wydana na pocz\u0105tku maja br. Postanowienie o umorzeniu jest prawomocne.<\/p>\n","protected":false},"excerpt":{"rendered":"Podczas wybor\u00f3w prezydenckich w 2025 r. wed\u0142ug oficjalnych danych z obwodowej komisji wyborczej nr 35 przy ul. Lwa&hellip;\n","protected":false},"author":2,"featured_media":663779,"comment_status":"","ping_status":"","sticky":false,"template":"","format":"standard","meta":{"footnotes":"","_share_on_mastodon":"0"},"categories":[62712],"tags":[61195,690,43,49,48,46,55,1627,1014,47,1389,5113,25176,30795],"class_list":["post-663778","post","type-post","status-publish","format-standard","has-post-thumbnail","category-karol-nawrocki","tag-bottomfeed_styl","tag-karol-nawrocki","tag-karol_nawrocki","tag-kraj","tag-nat_styl","tag-omp","tag-phx","tag-prokuratura","tag-rafal_trzaskowski","tag-screening_general","tag-sledztwo","tag-tychy","tag-umorzenie","tag-wybory_prezydenckie_2025"],"share_on_mastodon":{"url":"https:\/\/pubeurope.com\/@pl\/117204780621739494","error":""},"_links":{"self":[{"href":"https:\/\/www.europesays.com\/pl\/wp-json\/wp\/v2\/posts\/663778","targetHints":{"allow":["GET"]}}],"collection":[{"href":"https:\/\/www.europesays.com\/pl\/wp-json\/wp\/v2\/posts"}],"about":[{"href":"https:\/\/www.europesays.com\/pl\/wp-json\/wp\/v2\/types\/post"}],"author":[{"embeddable":true,"href":"https:\/\/www.europesays.com\/pl\/wp-json\/wp\/v2\/users\/2"}],"replies":[{"embeddable":true,"href":"https:\/\/www.europesays.com\/pl\/wp-json\/wp\/v2\/comments?post=663778"}],"version-history":[{"count":0,"href":"https:\/\/www.europesays.com\/pl\/wp-json\/wp\/v2\/posts\/663778\/revisions"}],"wp:featuredmedia":[{"embeddable":true,"href":"https:\/\/www.europesays.com\/pl\/wp-json\/wp\/v2\/media\/663779"}],"wp:attachment":[{"href":"https:\/\/www.europesays.com\/pl\/wp-json\/wp\/v2\/media?parent=663778"}],"wp:term":[{"taxonomy":"category","embeddable":true,"href":"https:\/\/www.europesays.com\/pl\/wp-json\/wp\/v2\/categories?post=663778"},{"taxonomy":"post_tag","embeddable":true,"href":"https:\/\/www.europesays.com\/pl\/wp-json\/wp\/v2\/tags?post=663778"}],"curies":[{"name":"wp","href":"https:\/\/api.w.org\/{rel}","templated":true}]}}