{"id":663782,"date":"2026-09-03T02:43:39","date_gmt":"2026-09-03T02:43:39","guid":{"rendered":"https:\/\/www.europesays.com\/pl\/663782\/"},"modified":"2026-09-03T02:43:39","modified_gmt":"2026-09-03T02:43:39","slug":"lotto-superliga-dojlidy-bialystok-2","status":"publish","type":"post","link":"https:\/\/www.europesays.com\/pl\/663782\/","title":{"rendered":"Lotto Superliga | Dojlidy Bia\u0142ystok"},"content":{"rendered":"\n<p>\t\t\t<a data-fancybox=\"gallery\" href=\"https:\/\/www.bialystokonline.pl\/gfx\/gfx_imprezy\/202609\/150931\/150931-max.webp\" data-caption=\"Lotto Superliga | Dojlidy Bia\u0142ystok  - KS Orlicz 1924 Suchedni\u00f3w\" class=\"event-item-photo\" rel=\"nofollow noopener\" target=\"_blank\"><\/p>\n<p>                    <img decoding=\"async\" class=\"event-item-img\" src=\"https:\/\/www.europesays.com\/pl\/wp-content\/uploads\/2026\/09\/150931-mini1.jpg\" alt=\"Lotto Superliga | Dojlidy Bia\u0142ystok  - KS Orlicz 1924 Suchedni\u00f3w\" title=\"Lotto Superliga | Dojlidy Bia\u0142ystok  - KS Orlicz 1924 Suchedni\u00f3w\" width=\"300\" height=\"115\" loading=\"lazy\"\/><\/p>\n<p>            <\/a><\/p>\n<p>\n            06<br \/>\n            wrz 2026\n        <\/p>\n<p>\n            Niedziela\n        <\/p>\n<p>\n            godz. 16:00\n        <\/p>\n<p>Serdecznie zapraszamy na 2. mecz sezonu 2025\/26 &#8211; 2. kolejka Lotto Superligi w tenisie sto\u0142owym!<\/p>\n<p>Dojlidy Bia\u0142ystok zagraj\u0105 na w\u0142asnej hali w Bia\u0142ymstoku przeciwko KS Orlicz 1924 Suchedni\u00f3w!<\/p>\n<p>Gwarantujemy mn\u00f3stwo sportowych emocji. To idealna okazja, by poczu\u0107 atmosfer\u0119 Superligi na \u017cywo i wsp\u00f3lnie kibicowa\u0107!<\/p>\n<p>Zabierz znajomych, rodzin\u0119 i b\u0105d\u017acie z nami na trybunach!<\/p>\n<p>Do zobaczenia na DU\u017bEJ HALI naszego obiektu!<\/p>\n<p>Organizator<br \/>\n&#13;<br \/>\n&#13;<br \/>\n&#13;<br \/>\n<img loading=\"lazy\" decoding=\"async\" src=\"https:\/\/www.europesays.com\/pl\/wp-content\/uploads\/2026\/09\/1788403419_143_adlog.gif\" width=\"0\" height=\"0\" alt=\"\" style=\"width: 0px; height: 0px;\"\/><\/p>\n<p class=\"hdrline hdrline-mod l-space-sm-top\">Zobacz tak\u017ce<\/p>\n","protected":false},"excerpt":{"rendered":"06 wrz 2026 Niedziela godz. 16:00 Serdecznie zapraszamy na 2. mecz sezonu 2025\/26 &#8211; 2. kolejka Lotto Superligi&hellip;\n","protected":false},"author":2,"featured_media":663783,"comment_status":"","ping_status":"","sticky":false,"template":"","format":"standard","meta":{"footnotes":"","_share_on_mastodon":"0"},"categories":[51614],"tags":[2151,51731,113,51730,3754,51738,51735,4041,1096,1089,399,17334,51736,2921,3840,129038,51734,8736,1232,120,7116,17265,19285,42,5083,38,40,39,41,6309,1756,8815,38950,123,800,4278,1323,51737,2879,253],"class_list":["post-663782","post","type-post","status-publish","format-standard","has-post-thumbnail","category-bialystok","tag-bialystok","tag-bialystokonline","tag-biznes","tag-bstok","tag-dom","tag-drobne","tag-firm","tag-firmy","tag-hotele","tag-imprezy","tag-informacje","tag-katalog","tag-kina","tag-koncert","tag-lokale","tag-lotto-superliga-dojlidy-bialystok-ks-orlicz-1924-suchedniow-wydarzenia-sportowe-i-rekreacyjne-bialystok","tag-miejski","tag-mieszkanie","tag-motoryzacja","tag-nauka","tag-ogloszenia","tag-on-line","tag-online","tag-pl","tag-podlasie","tag-poland","tag-polish","tag-polska","tag-polski","tag-portal","tag-praca","tag-repertuar","tag-rozklad","tag-rozrywka","tag-teatr","tag-turystyka","tag-uroda","tag-urzedy","tag-zakupy","tag-zdrowie"],"share_on_mastodon":{"url":"https:\/\/pubeurope.com\/@pl\/117204812116753186","error":""},"_links":{"self":[{"href":"https:\/\/www.europesays.com\/pl\/wp-json\/wp\/v2\/posts\/663782","targetHints":{"allow":["GET"]}}],"collection":[{"href":"https:\/\/www.europesays.com\/pl\/wp-json\/wp\/v2\/posts"}],"about":[{"href":"https:\/\/www.europesays.com\/pl\/wp-json\/wp\/v2\/types\/post"}],"author":[{"embeddable":true,"href":"https:\/\/www.europesays.com\/pl\/wp-json\/wp\/v2\/users\/2"}],"replies":[{"embeddable":true,"href":"https:\/\/www.europesays.com\/pl\/wp-json\/wp\/v2\/comments?post=663782"}],"version-history":[{"count":0,"href":"https:\/\/www.europesays.com\/pl\/wp-json\/wp\/v2\/posts\/663782\/revisions"}],"wp:featuredmedia":[{"embeddable":true,"href":"https:\/\/www.europesays.com\/pl\/wp-json\/wp\/v2\/media\/663783"}],"wp:attachment":[{"href":"https:\/\/www.europesays.com\/pl\/wp-json\/wp\/v2\/media?parent=663782"}],"wp:term":[{"taxonomy":"category","embeddable":true,"href":"https:\/\/www.europesays.com\/pl\/wp-json\/wp\/v2\/categories?post=663782"},{"taxonomy":"post_tag","embeddable":true,"href":"https:\/\/www.europesays.com\/pl\/wp-json\/wp\/v2\/tags?post=663782"}],"curies":[{"name":"wp","href":"https:\/\/api.w.org\/{rel}","templated":true}]}}