{"id":663840,"date":"2026-09-03T03:19:38","date_gmt":"2026-09-03T03:19:38","guid":{"rendered":"https:\/\/www.europesays.com\/pl\/663840\/"},"modified":"2026-09-03T03:19:38","modified_gmt":"2026-09-03T03:19:38","slug":"widzew-lodz-wylecial-z-pucharu-polski-20-letni-napastnik-bohaterem-korony-kielce-wideo","status":"publish","type":"post","link":"https:\/\/www.europesays.com\/pl\/663840\/","title":{"rendered":"Widzew \u0141\u00f3d\u017a wylecia\u0142 z Pucharu Polski. 20-letni napastnik bohaterem Korony Kielce [WIDEO]"},"content":{"rendered":"<p><img alt=\"Obrazek newsa : Widzew \u0141\u00f3d\u017a wylecia\u0142 z Pucharu Polski. 20-letni napastnik bohaterem Korony Kielce [WIDEO]\" loading=\"lazy\" width=\"1200\" height=\"800\" decoding=\"async\" data-nimg=\"1\" class=\"img-fluid rounded\" style=\"color:transparent\"  src=\"https:\/\/www.europesays.com\/pl\/wp-content\/uploads\/2026\/09\/1788405578_192_image.jpeg\"\/>Fot. Screen TVP Sport<\/p>\n<p style=\"text-align: justify;\">Korona Kielce zameldowa\u0142a si\u0119 w 1\/16 fina\u0142u STS Pucharu Polski po zwyci\u0119stwie 1:0 nad Widzewem \u0141\u00f3d\u017a. Decyduj\u0105ca bramka pad\u0142a w drugiej po\u0142owie po akcji rezerwowych. Na list\u0119 strzelc\u00f3w wpisa\u0142 si\u0119 20-letni Daniel B\u0105k. Dla Widzewa to ogromne rozczarowanie.<\/p>\n<p>Przed meczem<\/p>\n<p style=\"text-align: justify;\">Przed niespe\u0142na trzema tygodniami obie dru\u017cyny spotka\u0142y si\u0119 4. kolejce PKO BP Ekstraklasy, a mecz zako\u0144czy\u0142 si\u0119 zwyci\u0119stwem Korony 2:1. RTS chcia\u0142 si\u0119 zrewan\u017cowa\u0107 za t\u0119 pora\u017ck\u0119, a Korona liczy\u0142a na powt\u00f3rk\u0119 z rozgrywki. Szczeg\u00f3lnie, \u017ce do \u0141odzi przyjecha\u0142a w dobrych nastrojach, bo po zwyci\u0119stwie nad Wis\u0142\u0105 P\u0142ock. Widzew z kolei by\u0142 podra\u017cniony pora\u017ck\u0119 z Lechem Pozna\u0144 (2:3).\u00a0<\/p>\n<p>Anulowany gol Widzewa w pierwszej po\u0142owie<\/p>\n<p style=\"text-align: justify;\">Ju\u017c w 5. minucie Korona przeprowadzi\u0142a dobr\u0105 akcj\u0119, kt\u00f3ra powinna zako\u0144czy\u0107 si\u0119 golem. Morgan Fassbender i Marcel Pi\u0119czek wymienili podania, a nast\u0119pnie ten pierwszy pos\u0142a\u0142 podanie do Mariusza St\u0119pi\u0144skiego, kt\u00f3ry min\u0105\u0142 si\u0119 z pi\u0142k\u0105. Widzew odpowiedzia\u0142 dwie minuty p\u00f3\u017aniej. Go\u015bcie zupe\u0142nie odpu\u015bcili krycie Frana Alvareza, kt\u00f3ry skorzysta\u0142 ze sprzyjaj\u0105cych okoliczno\u015bci i przymierzy\u0142 z dystansu, ale uderzenie z du\u017cym po\u015bwi\u0119ceniem zablokowa\u0142 Ariel Mos\u00f3r.\u00a0<\/p>\n<p style=\"text-align: justify;\">W kolejnych minutach Widzew stworzy\u0142 dwie gro\u017ane sytuacje. Najpierw po wrzucie pi\u0142ki z autu w pole karne St\u0119pi\u0144ski przypadkowo zgra\u0142 pi\u0142k\u0119 g\u0142ow\u0105 do Sebastiana Bergiera, a ten trafi\u0142 tylko w s\u0142upek. P\u00f3\u017aniej po odbiorze pi\u0142ki Emil Kornvig zdecydowa\u0142 si\u0119 na strza\u0142 z dystansu, ale Rafa\u0142 Mamla nie da\u0142 si\u0119 pokona\u0107.<\/p>\n<p style=\"text-align: justify;\">Korona mia\u0142a swoje momenty. W 24. minucie kapitalnym powrotem do defensywny popisa\u0142 si\u0119 Mariusz Fornalczyk. Skrzyd\u0142owy Widzewa zatrzyma\u0142 Jakubczyka po dynamicznym rajdzie w kierunku bramki Mamly. W 45. minucie w s\u0142upek strzeli\u0142 Stipe Biuk, a Sebastian Bergier dobi\u0142 pi\u0142k\u0119 do siatki, ale by\u0142 na spalonym.<\/p>\n<p>Zab\u00f3jczy cios Korony. Zada\u0142 go rezerwowy<\/p>\n<p style=\"text-align: justify;\">W drugiej po\u0142owie obie dru\u017cyny tworzy\u0142y zagro\u017cenie g\u0142\u00f3wnie po sta\u0142ych fragmentach gry. W pierwszym kwadransie niewiele si\u0119 dzia\u0142o. Dopiero w 58. minucie Sebastian Bergier po uderzeniu z rzutu wolnego zmusi\u0142 do interwencji Maml\u0119, kt\u00f3ry przeczuci\u0142 pi\u0142k\u0119 nad poprzeczk\u0105. Chwil\u0119 p\u00f3\u017aniej Widzew pos\u0142a\u0142 gro\u017ane do\u015brodkowanie z rzutu ro\u017cnego w szesnastk\u0119 Korony, ale zagro\u017cenie za\u017cegna\u0142 St\u0119pi\u0144ski.\u00a0<\/p>\n<p style=\"text-align: justify;\">Widzew rozkr\u0119ca\u0142 si\u0119 z ka\u017cd\u0105 kolejn\u0105 minut\u0105. W r\u00f3\u017cny spos\u00f3b pr\u00f3bowa\u0142 sforsowa\u0107 obron\u0119 Korony, ale by\u0142 nieskuteczny i s\u0142ono za to zap\u0142aci\u0142 w 73. minucie. Wtedy Korona obj\u0119\u0142a prowadzenie po akcji dw\u00f3ch rezerwowych, kt\u00f3rzy zameldowali si\u0119 na boisku dwie minuty wcze\u015bniej. Na list\u0119 strzelc\u00f3w wpisa\u0142 si\u0119 Daniel B\u0105k, kt\u00f3ry trafi\u0142 pi\u0142k\u0119 g\u0142ow\u0105 do siatki po do\u015brodkowaniu 18-letniego Konrada Ciszka. Dla 20-letniego napastnika by\u0142 to pierwszy gol w barwach Korony. Widzew pr\u00f3bowa\u0142 odrobi\u0107 straty, ale na jego drodze stan\u0105\u0142 Mamla, kt\u00f3ry w kapitalny spos\u00f3b obroni\u0142 strza\u0142 z bliskiej odleg\u0142o\u015bci Giannisa Papanikolaou.\u00a0<\/p>\n<p>Korona Kielce z awansem do II rundy Pucharu Polski<\/p>\n<p style=\"text-align: justify;\">Korona Kielce pokona\u0142a Widzew 1:0, dzi\u0119ki czemu awansowa\u0142a do II rundy (1\/16 fina\u0142u)\u00a0 Pucharu Polski. Widzew z kolei podzieli\u0142 losy mi\u0119dzy innymi Cracovii, Legii oraz Zag\u0142\u0119bia Lubin.<\/p>\n<p>02.09.2026, 1\/32 fina\u0142u STS Pucharu Polski, Stadion Widzewa \u0141\u00f3d\u017a (\u0141\u00f3d\u017a)<\/p>\n<p>Widzew \u0141\u00f3d\u017a &#8211; Korona Kielce 0:1 (0:0)<\/p>\n<p>Bramki: 0:1 B\u0105k 73&#8242;<\/p>\n","protected":false},"excerpt":{"rendered":"Fot. Screen TVP Sport Korona Kielce zameldowa\u0142a si\u0119 w 1\/16 fina\u0142u STS Pucharu Polski po zwyci\u0119stwie 1:0 nad&hellip;\n","protected":false},"author":2,"featured_media":663841,"comment_status":"","ping_status":"","sticky":false,"template":"","format":"standard","meta":{"footnotes":"","_share_on_mastodon":"0"},"categories":[51608],"tags":[18386,3652,52076,52075,52077,52074,52078,42,38,40,39,41,52079,52080,52081],"class_list":["post-663840","post","type-post","status-publish","format-standard","has-post-thumbnail","category-lodz","tag-gdzie-ogladac","tag-lodz","tag-mecze-live","tag-mecze-na-zywo","tag-mecze-online","tag-mecze24","tag-meczyki","tag-pl","tag-poland","tag-polish","tag-polska","tag-polski","tag-transmisje-online","tag-transmisje-tv","tag-transmisje-za-darmo"],"share_on_mastodon":{"url":"https:\/\/pubeurope.com\/@pl\/117204954857476901","error":""},"_links":{"self":[{"href":"https:\/\/www.europesays.com\/pl\/wp-json\/wp\/v2\/posts\/663840","targetHints":{"allow":["GET"]}}],"collection":[{"href":"https:\/\/www.europesays.com\/pl\/wp-json\/wp\/v2\/posts"}],"about":[{"href":"https:\/\/www.europesays.com\/pl\/wp-json\/wp\/v2\/types\/post"}],"author":[{"embeddable":true,"href":"https:\/\/www.europesays.com\/pl\/wp-json\/wp\/v2\/users\/2"}],"replies":[{"embeddable":true,"href":"https:\/\/www.europesays.com\/pl\/wp-json\/wp\/v2\/comments?post=663840"}],"version-history":[{"count":0,"href":"https:\/\/www.europesays.com\/pl\/wp-json\/wp\/v2\/posts\/663840\/revisions"}],"wp:featuredmedia":[{"embeddable":true,"href":"https:\/\/www.europesays.com\/pl\/wp-json\/wp\/v2\/media\/663841"}],"wp:attachment":[{"href":"https:\/\/www.europesays.com\/pl\/wp-json\/wp\/v2\/media?parent=663840"}],"wp:term":[{"taxonomy":"category","embeddable":true,"href":"https:\/\/www.europesays.com\/pl\/wp-json\/wp\/v2\/categories?post=663840"},{"taxonomy":"post_tag","embeddable":true,"href":"https:\/\/www.europesays.com\/pl\/wp-json\/wp\/v2\/tags?post=663840"}],"curies":[{"name":"wp","href":"https:\/\/api.w.org\/{rel}","templated":true}]}}