{"id":663868,"date":"2026-09-03T03:34:10","date_gmt":"2026-09-03T03:34:10","guid":{"rendered":"https:\/\/www.europesays.com\/pl\/663868\/"},"modified":"2026-09-03T03:34:10","modified_gmt":"2026-09-03T03:34:10","slug":"palac-szuka-powodu-aby-utracic-macieja-berka-pis-liczy-na-nawrockiego","status":"publish","type":"post","link":"https:\/\/www.europesays.com\/pl\/663868\/","title":{"rendered":"Pa\u0142ac szuka powodu, aby utr\u0105ci\u0107 Macieja Berka. PiS liczy na Nawrockiego"},"content":{"rendered":"<p>        Rz\u0105d chce odbi\u0107 Trybuna\u0142<\/p>\n<p>\n        Wej\u015bcie Berka do TK ma w zamy\u015ble szefa rz\u0105du oznacza\u0107 prze\u0142om w Trybunale. Dzi\u0119ki Berkowi wi\u0119kszo\u015b\u0107 w TK maj\u0105 uzyska\u0107 s\u0119dziowie wybrani przez Sejm obecnej kadencji, przej\u0105\u0107 kontrol\u0119 nad Trybuna\u0142em, doprowadzi\u0107 do odebrania <a href=\"https:\/\/www.newsweek.pl\/polska\/polityka\/trybunal-konstytucyjny-o-losach-sedziow-decyduje-bogdan-swieczkowski\/k762s79\" id=\"ae2eeb74-d271-4e21-ae08-ac9974f20f7b\" rel=\"nofollow noopener\" target=\"_blank\">Bogdanowi \u015awieczkowskiemu immunitetu<\/a>, kt\u00f3rego uchylenia chce prokuratura, i postawi\u0107 mu zarzuty w sprawie stosowania Pegasusa, a docelowo nawet doprowadzi\u0107 do usuni\u0119cia \u015awieczkowskiego ze sk\u0142adu TK.\n    <\/p>\n<p>\n        Donald Tusk sam uzna\u0142, \u017ce <a href=\"https:\/\/www.newsweek.pl\/polska\/polityka\/berek-moze-wejsc-do-tk-istnieje-sposob-na-obalenie-swieczkowskiego\/z8xcpf6\" id=\"45915761-0370-46eb-bd73-fd3a5db04cb1\" rel=\"nofollow noopener\" target=\"_blank\">kandydowanie Berka do TK jest &#8222;nieestetyczne&#8221;<\/a>, ale dodawa\u0142 te\u017c, \u017ce nie b\u0119dzie &#8222;ciotule\u0144k\u0105&#8221;, kt\u00f3ra si\u0119 cofnie. Premier chce przeforsowa\u0107 kandydatur\u0119 Berka bez wzgl\u0119du na krytyk\u0119 ze strony pojedynczych os\u00f3b z koalicji i by\u0142ych prezes\u00f3w TK oraz cz\u0119\u015bci prawnik\u00f3w. W koalicji rz\u0105dz\u0105cej s\u0105 g\u0142osy sprzeciwu, s\u0142ycha\u0107 je w Nowej Lewicy, a tak\u017ce w Polsce 2050, w\u0105tpliwo\u015bci wyra\u017ca\u0142 te\u017c klub Centrum.\n    <\/p>\n<p>\n        Tusk nie ma gwarancji, \u017ce w Sejmie znajdzie si\u0119 wi\u0119kszo\u015b\u0107 bezwzgl\u0119dna potrzebna do wyboru Berka na s\u0119dziego Trybuna\u0142u. Jest to jednak prawdopodobne \u2014 liczy\u0107 si\u0119 mo\u017ce ka\u017cdy pojedynczy g\u0142os. G\u0142osowanie mo\u017ce si\u0119 odby\u0107 ju\u017c w ten pi\u0105tek na trwaj\u0105cym w\u0142a\u015bnie posiedzeniu Sejmu.\n    <\/p>\n<p>\n        <a href=\"https:\/\/www.newsweek.pl\/polska\/polityka\/wybory-2027-trzy-asy-donalda-tuska-czy-wystarcza-by-wygrac-walke-o-wladze\/eszw35d\" id=\"05f43896-89bf-4101-8353-c141a065b76b\" rel=\"nofollow noopener\" target=\"_blank\">Premier nie m\u00f3g\u0142 pos\u0142a\u0107 do TK zawodnika ci\u0119\u017cszej wagi politycznej<\/a>. To Berek by\u0142 architektem polityki rz\u0105du wobec Trybuna\u0142u, autorem uchwa\u0142 Sejmu w tej sprawie. Po wyborze przez Sejm mia\u0142by doko\u0144czy\u0107 dzie\u0142o odbijania TK z r\u0105k nominat\u00f3w PiS.\n    <\/p>\n<p>\n        Dla PiS oraz Karola Nawrockiego ma znaczenie, czy Berek z\u0142o\u017cy \u015blubowanie przed prezydentem. S\u0119dzi\u00f3w TK, kt\u00f3rzy nie z\u0142o\u017cyli takiego \u015blubowania, PiS i pa\u0142ac okre\u015blaj\u0105 mianem &#8222;nibys\u0119dzi\u00f3w&#8221; i &#8222;uzurpator\u00f3w&#8221;, a wi\u0119c nie uznaj\u0105 ich orzecze\u0144.\n    <\/p>\n<p>\n        Je\u015bli prezydent odbierze \u015blubowanie Berka osobi\u015bcie, to w\u00f3wczas autoryzuje jego wej\u015bcie do TK i nie b\u0119dzie m\u00f3g\u0142 w przysz\u0142o\u015bci odmawia\u0107 uznania orzecze\u0144. To rzecz istotna zw\u0142aszcza dla PiS, kt\u00f3re chce przej\u0105\u0107 w\u0142adz\u0119 w 2027 r. i nie chce, aby TK uniemo\u017cliwia\u0142 rz\u0105dy prawicy.\n    <\/p>\n<p>\n        Z pa\u0142acu p\u0142yn\u0105 sygna\u0142y, \u017ce prezydent mo\u017ce odm\u00f3wi\u0107 przyj\u0119cia \u015blubowania od Berka. Jednak samo to, \u017ce Berek przeszed\u0142by z rz\u0105du do TK, nie mo\u017ce by\u0107 powodem odmowy.\n    <\/p>\n<p>        Nawrocki odm\u00f3wi \u015blubowania?<\/p>\n<p>\n        Ministrowie z pa\u0142acu publicznie zacz\u0119li podwa\u017ca\u0107 sam\u0105 mo\u017cliwo\u015b\u0107, by <a href=\"https:\/\/www.newsweek.pl\/polska\/polityka\/trybunal-konstytucyjny-jak-go-naprawic-prawnik-potrzebny-jest-reset\/y4j27bx\" id=\"9035b571-43e2-4d08-a003-a3622fa5d301\" rel=\"nofollow noopener\" target=\"_blank\">Berek kandydowa\u0142 na s\u0119dziego TK<\/a>. \u2014 Trzeba b\u0119dzie zweryfikowa\u0107, czy pan Berek w og\u00f3le ma kompetencje do tego, w sensie ustawowym, bo ustawa m\u00f3wi wprost, \u017ce musi by\u0107 profesorem albo s\u0119dzi\u0105 z wieloletnim do\u015bwiadczeniem albo zdaje si\u0119 adwokatem, co najmniej 10-letnim zdaje si\u0119 do\u015bwiadczeniem (&#8230;). Nie wiem, czy pan Berek, no by\u0142 politykiem, startowa\u0142 chyba z PO, by\u0142 teraz ministrem, nie s\u0142ysza\u0142em, \u017ceby by\u0142 profesorem ani nie s\u0142ysza\u0142em, aby by\u0142 s\u0119dzi\u0105, ani nie s\u0142ysza\u0142em, aby by\u0142 przez 10 lat adwokatem. To trzeba b\u0119dzie oczywi\u015bcie weryfikowa\u0107. Je\u015bli si\u0119 oka\u017ce, \u017ce nie spe\u0142nia ta kandydatura przes\u0142anek ustawowych, to trzeba b\u0119dzie znale\u017a\u0107 wyj\u015bcie \u2014 stwierdzi\u0142 Marcin Przydacz w TV Republika.\n    <\/p>\n<p>\n        Podobnie m\u00f3wi\u0142 rzecznik prezydenta Rafa\u0142 Le\u015bkiewicz. Stwierdzi\u0142, \u017ce cho\u0107 w tej chwili trudno przes\u0105dzi\u0107, jaka b\u0119dzie decyzja prezydenta, bo kandydatura Berka nie by\u0142a jeszcze g\u0142osowana przez Sejm, to s\u0105 wobec Berka w\u0105tpliwo\u015bci z uwagi na jego CV. \u2014 S\u0105 powa\u017cne w\u0105tpliwo\u015bci co do jego formalnych kompetencji zwi\u0105zanych ze sprawowaniem (funkcji s\u0119dziego TK \u2014 red.). On nie jest doktorem habilitowanym, jest doktorem, nie wiadomo, czy pe\u0142ni\u0142 funkcj\u0119 radcy prawnego tak d\u0142ugo, jakby zak\u0142ada\u0142y to przepisy prawa \u2014 m\u00f3wi\u0142 Le\u015bkiewicz.\n    <\/p>\n<p>\n        Zgodnie z ustaw\u0105 z 2016 r. o statusie s\u0119dzi\u00f3w Trybuna\u0142u Konstytucyjnego s\u0119dzi\u0105 TK mo\u017ce zosta\u0107 osoba, kt\u00f3ra &#8222;wyr\u00f3\u017cnia si\u0119 wiedz\u0105 prawnicz\u0105 oraz spe\u0142nia wymagania niezb\u0119dne do pe\u0142nienia urz\u0119du na stanowisku s\u0119dziego S\u0105du Najwy\u017cszego lub s\u0119dziego Naczelnego S\u0105du Administracyjnego&#8221;. Ale wa\u017cne s\u0105 te\u017c inne zapisy: kandydaci na s\u0119dzi\u00f3w SN i NSA, a wi\u0119c tak\u017ce TK, musz\u0105 spe\u0142nia\u0107 wym\u00f3g posiadania 10-letniego sta\u017cu na stanowisku s\u0119dziego, prokuratora, prezesa, wiceprezesa lub radcy Prokuratorii Generalnej albo 10-letniego sta\u017cu w zawodzie adwokata, radcy prawnego lub notariusza.\n    <\/p>\n<p>\n        W PiS i pa\u0142acu podnosz\u0105, \u017ce Maciej Berek jest radc\u0105 prawnym od mniej ni\u017c 10 lat. We wniosku o powo\u0142anie Berka koalicjanci napisali, \u017ce radc\u0105 jest od 2001 r., a w latach 2022-2023 prowadzi\u0142 kancelari\u0119 radcy prawnego. W pozosta\u0142ym okresie mia\u0142 wykonywa\u0107 zaw\u00f3d radcy prawnego, ale na podstawie um\u00f3w cywilnoprawnych.\n    <\/p>\n<p>To mo\u017ce by\u0107 pow\u00f3d dla prezydenta, aby odm\u00f3wi\u0107 przyj\u0119cia \u015blubowania od Berka, a przynajmniej do zwlekania z przyj\u0119ciem tego \u015blubowania. A je\u015bliby Berek z\u0142o\u017cy\u0142 \u015blubowanie, tak jak inne cztery osoby wybrane przez Sejm na s\u0119dzi\u00f3w TK, nie w obecno\u015bci prezydenta, ale z formu\u0142\u0105 &#8222;wobec prezydenta&#8221;, to Nawrocki uzna to za rezygnacj\u0119 z wyboru na s\u0119dziego TK.<\/p>\n<p>\n        Najwi\u0119kszy wp\u0142yw na prezydenta w sprawach prawnych, takich jak Trybuna\u0142 Konstytucyjny i S\u0105d Najwy\u017cszy, ma Zbigniew Bogucki, szef Kancelarii Prezydenta. To prawnik i by\u0142y prokurator. Bogucki by\u0142 architektem poprzednich decyzji w sprawie os\u00f3b wybranych przez Sejm na s\u0119dzi\u00f3w TK. Nawrocki nie odebra\u0142 \u015blubowania od czterech z nich, a od trzech ju\u017c tak. Bogucki jest w swoich wypowiedziach stosunkowo ostro\u017cny.\n    <\/p>\n<p>\n        W sierpniu tu\u017c po og\u0142oszeniu, \u017ce Berek b\u0119dzie kandydowa\u0142 do TK, Bogucki m\u00f3wi\u0142: \u2014 Je\u017celi zachowane zostan\u0105 procedury, to wydaje si\u0119, \u017ce wyb\u00f3r Macieja Berka do TK mo\u017ce by\u0107 wa\u017cny, ale nie wiem, czy W\u0142odzimierz Czarzasty potrafi te procedury odpowiednio przeprowadzi\u0107, bo ju\u017c raz pokazywa\u0142, \u017ce ma z tym problemy.\n    <\/p>\n<p>\n        W naj\u015bwie\u017cszych wypowiedziach Bogucki nie przes\u0105dza o wa\u017cno\u015bci ewentualnego wyboru Berka na s\u0119dziego TK. \u2014 Tak jak koordynowa\u0142 polityk\u0119 rz\u0105du pan Berek w samej radzie ministr\u00f3w, teraz na polecenie Donalda Tuska, je\u017celi takie g\u0142osowanie b\u0119dzie skuteczne, b\u0119dzie nadzorowa\u0142 polityk\u0119 rz\u0105du tylko ju\u017c w TK, a tam polityki nie powinno by\u0107 \u2014 m\u00f3wi\u0142 Bogucki. Wa\u017cne w tych s\u0142owach jest wtr\u0105cenie: &#8222;je\u017celi takie g\u0142osowanie b\u0119dzie skuteczne&#8221;. <\/p>\n","protected":false},"excerpt":{"rendered":"Rz\u0105d chce odbi\u0107 Trybuna\u0142 Wej\u015bcie Berka do TK ma w zamy\u015ble szefa rz\u0105du oznacza\u0107 prze\u0142om w Trybunale. Dzi\u0119ki&hellip;\n","protected":false},"author":2,"featured_media":663869,"comment_status":"","ping_status":"","sticky":false,"template":"","format":"standard","meta":{"footnotes":"","_share_on_mastodon":"0"},"categories":[62713],"tags":[1345,690,7797,1005,8232,18354],"class_list":["post-663868","post","type-post","status-publish","format-standard","has-post-thumbnail","category-donald-tusk","tag-donald-tusk","tag-karol-nawrocki","tag-prawo-i-sprawiedliwosc","tag-prezydent","tag-trybunal-konstytucyjny","tag-zbigniew-bogucki"],"share_on_mastodon":{"url":"https:\/\/pubeurope.com\/@pl\/117205012509776390","error":""},"_links":{"self":[{"href":"https:\/\/www.europesays.com\/pl\/wp-json\/wp\/v2\/posts\/663868","targetHints":{"allow":["GET"]}}],"collection":[{"href":"https:\/\/www.europesays.com\/pl\/wp-json\/wp\/v2\/posts"}],"about":[{"href":"https:\/\/www.europesays.com\/pl\/wp-json\/wp\/v2\/types\/post"}],"author":[{"embeddable":true,"href":"https:\/\/www.europesays.com\/pl\/wp-json\/wp\/v2\/users\/2"}],"replies":[{"embeddable":true,"href":"https:\/\/www.europesays.com\/pl\/wp-json\/wp\/v2\/comments?post=663868"}],"version-history":[{"count":0,"href":"https:\/\/www.europesays.com\/pl\/wp-json\/wp\/v2\/posts\/663868\/revisions"}],"wp:featuredmedia":[{"embeddable":true,"href":"https:\/\/www.europesays.com\/pl\/wp-json\/wp\/v2\/media\/663869"}],"wp:attachment":[{"href":"https:\/\/www.europesays.com\/pl\/wp-json\/wp\/v2\/media?parent=663868"}],"wp:term":[{"taxonomy":"category","embeddable":true,"href":"https:\/\/www.europesays.com\/pl\/wp-json\/wp\/v2\/categories?post=663868"},{"taxonomy":"post_tag","embeddable":true,"href":"https:\/\/www.europesays.com\/pl\/wp-json\/wp\/v2\/tags?post=663868"}],"curies":[{"name":"wp","href":"https:\/\/api.w.org\/{rel}","templated":true}]}}