{"id":663870,"date":"2026-09-03T03:35:35","date_gmt":"2026-09-03T03:35:35","guid":{"rendered":"https:\/\/www.europesays.com\/pl\/663870\/"},"modified":"2026-09-03T03:35:35","modified_gmt":"2026-09-03T03:35:35","slug":"skolim-ujawnil-o-czym-rozmawial-z-karolem-nawrockim-dystans-sie-skrocil","status":"publish","type":"post","link":"https:\/\/www.europesays.com\/pl\/663870\/","title":{"rendered":"Skolim ujawni\u0142, o czym rozmawia\u0142 z Karolem Nawrockim. &#8222;Dystans si\u0119 skr\u00f3ci\u0142&#8221;"},"content":{"rendered":"<p><a href=\"https:\/\/plejada.pl\/newsy\/wystep-skolima-wywolal-sporo-emocji-potem-pojawilo-sie-zdjecie-z-nawrockim\/l6cg70r\" id=\"795a5e59-8a20-4cf1-b0e3-f91266e7ecad\" rel=\"nofollow noopener\" target=\"_blank\">Skolim by\u0142 jedn\u0105 z gwiazd wydarzenia &#8222;Przysz\u0142o\u015b\u0107.pl&#8221;<\/a>, kt\u00f3re odby\u0142o si\u0119 w Juracie pod koniec sierpnia. Na miejscu nie zabrak\u0142o Marta i Karola Nawrockich, a muzyk mia\u0142 okazj\u0119 wymieni\u0107 kilka zda\u0144 z prezydentem.<\/p>\n<p>Przypomnijmy, \u017ce koncert Skolima spotka\u0142 si\u0119 ze skrajnymi komentarzami \u2014 wielu internaut\u00f3w domaga\u0142o si\u0119 odwo\u0142ania wyst\u0119pu. W odpowiedzi na krytyk\u0119 jego management w rozmowie z Plejad\u0105 podkre\u015bli\u0142, \u017ce to nie jest &#8222;\u017caden koncert polityczny&#8221;.<\/p>\n<p><a href=\"https:\/\/www.onet.pl\/\" title=\"Strona G\u0142\u00f3wna\" aria-label=\"Strona G\u0142\u00f3wna\" data-astro-prefetch=\"tap\" class=\"ods-a-logo-main-desktop\" rel=\"nofollow noopener\" target=\"_blank\"><img src=\"https:\/\/cdn.wiadomosci.onet.pl\/img\/Logo_desktop_Onet.svg\" class=\"ods-a-logo-main-desktop__image\" alt=\"Logo\" width=\"107\" height=\"60\" fetchpriority=\"high\" decoding=\"sync\" style=\"height:60px\"\/><\/a><\/p>\n<p class=\"ods-m-google-article__text\">Czytaj nas cz\u0119\u015bciej w Google<\/p>\n<p><a href=\"https:\/\/google.com\/preferences\/source?q=onet.pl\" target=\"_blank\" rel=\"noopener noreferrer nofollow\" aria-label=\"Dodaj w Google\" title=\"Dodaj w Google\" class=\"ods-a-button ods-a-button__primary ods-a-button__default ods-a-button-l\">Dodaj w Google<\/a>Dalszy ci\u0105g artyku\u0142u pod materia\u0142em wideoSkolim ujawni\u0142, o czym rozmawia\u0142 z Karolem Nawrockim. &#8222;Dystans si\u0119 skr\u00f3ci\u0142&#8221;<\/p>\n<p>Po koncercie Skolim w rozmowie z mediami opowiedzia\u0142 o kulisach rozm\u00f3w z Karolem Nawrockim. Podczas wymiany zda\u0144 zosta\u0142 poruszony temat chor\u00f3b rzadkich.<\/p>\n<p class=\"ods-o-quote__paragraph\">Du\u017co prywaty w tym by\u0142o. Du\u017co wsp\u00f3lnych zainteresowa\u0144. No bardzo wa\u017cnym tematem, kt\u00f3ry om\u00f3wili\u015bmy, nie wiem, czy pa\u0144stwo wiedz\u0105 o funduszu prezydenckim na trzy miliardy z\u0142otych na temat chor\u00f3b rzadkich<\/p>\n<p>&#8222;Czyli temat, kt\u00f3ry spotyka moich ludzi na koncertach i ka\u017cdego dnia zasadniczo nag\u0142a\u015bniam zbi\u00f3rki, wp\u0142acam. Nie zawsze m\u00f3wi\u0119 o tych moich prywatnych wp\u0142atach, natomiast bardzo cz\u0119sto bior\u0119 udzia\u0142 w licytacjach, daj\u0119 koszulki i rodzice przyje\u017cd\u017caj\u0105. Ostatnia sytuacja z Lubelszczyzny, gdzie rodzice z ch\u0142opcem, na kt\u00f3rego zbieraj\u0105 15 mln, przyjechali o 3.30 na m\u00f3j koncert do klubu, \u017ceby nag\u0142o\u015bni\u0107 t\u0119 sytuacj\u0119&#8221; \u2014 powiedzia\u0142.<\/p>\n<p><img class=\"ods-a-photo ods-a-photo--background\" src=\"https:\/\/www.europesays.com\/pl\/wp-content\/uploads\/2026\/09\/TkFk9lBaHR0cHM6Ly9vY2RuLmV1L3B1bHNjbXMvTURBXy8zZTE2YzZmZTVlNmE5YjNkMDZhMGY5ZmM3ZGQyN2M2Yi5qcGeRlQLNA.jpeg\" height=\"301\" width=\"450\" alt=\"Gra\u017cyna Szapo\u0142owska\" loading=\"lazy\" fetchpriority=\"low\" decoding=\"async\"\/><\/p>\n<p>Nast\u0119pnie muzyk zabra\u0142 g\u0142os podczas transmisji na \u017cywo w mediach spo\u0142eczno\u015bciowych. Okazuje si\u0119, \u017ce zosta\u0142y poruszone pewne aspekty, kt\u00f3re Skolim zamierza wyjawi\u0107 dopiero po zako\u0144czeniu kadencji Karola Nawrockiego.<\/p>\n<p class=\"ods-o-quote__paragraph\">Jak by\u0142o u naszego prezydenta? Bardzo mi\u0142o, bardzo mi\u0142o. Czego si\u0119 mog\u0142em innego spodziewa\u0107? Fakt faktem ta rozmowa zesz\u0142a na bardzo takie\u2026 No, nie chc\u0119 te\u017c m\u00f3wi\u0107, co si\u0119 wydarzy\u0142o podczas tej rozmowy, ale dystans si\u0119 skr\u00f3ci\u0142 bardzo<\/p>\n<p>&#8222;Nie chcia\u0142bym zdradza\u0107 takich rzeczy, no bo tak: z jednej strony by\u0142em u g\u0142owy pa\u0144stwa, a z drugiej strony\u2026 No, powiem co\u015b, jak przestanie by\u0107 prezydentem Karol Nawrocki&#8221; \u2014 doda\u0142.<\/p>\n<p><img class=\"ods-a-photo ods-a-photo--background\" src=\"https:\/\/www.europesays.com\/pl\/wp-content\/uploads\/2026\/09\/l3Yk9lBaHR0cHM6Ly9vY2RuLmV1L3B1bHNjbXMvTURBXy9kNzRlNTRjZDZkMDViNjExNmU0YzNmMDkzN2Q5YWM4ZC5qcGeRkwXNB.jpeg\" height=\"627\" width=\"940\" alt=\"Skolim\" loading=\"lazy\" fetchpriority=\"auto\" decoding=\"auto\" url=\"https:\/\/ocdn.eu\/pulscms\/MDA_\/d74e54cd6d05b6116e4c3f0937d9ac8d.jpg\" description=\"Skolim\" author=\"Mieszko Pi\u0119tka \/ AKPA\" source=\"\" link=\"\"\/><\/p>\n<p>Mieszko Pi\u0119tka \/ AKPA<\/p>\n<p>Skolim<\/p>\n<p>Dzi\u0119kujemy, \u017ce przeczyta\u0142a\u015b\/e\u015b nasz artyku\u0142 do ko\u0144ca. W serwisie Plejada.pl ka\u017cdego dnia piszemy o najwa\u017cniejszych wydarzeniach show-biznesowych. B\u0105d\u017a na bie\u017c\u0105co!<a rel=\"nofollow noopener\" href=\"https:\/\/profile.google.com\/cp\/Cg0vZy8xMWJ6X19wdHBx\" id=\"10bcf94a-9894-4d41-9300-860911e7cdbb\" target=\"_blank\"> Obserwuj<\/a> Plejad\u0119 w Google. Odwied\u017a nas tak\u017ce na<a rel=\"nofollow noopener\" href=\"https:\/\/www.facebook.com\/plejadapl\" id=\"a2cbc019-6a4b-45f0-a4bd-d5b886540522\" target=\"_blank\"> Facebooku<\/a>,<a rel=\"nofollow noopener\" href=\"https:\/\/www.instagram.com\/plejadapl\/\" id=\"7d99756b-5422-45ff-98a6-df3bab47c88a\" target=\"_blank\"> Instagramie<\/a>,<a rel=\"nofollow noopener\" href=\"https:\/\/www.youtube.com\/c\/plejada\" id=\"10a0ee93-7698-4b54-87f4-67c630c4b98b\" target=\"_blank\"> YouTubie<\/a> oraz<a rel=\"nofollow noopener\" href=\"https:\/\/www.tiktok.com\/@plejada_pl\" id=\"6d5b5c71-40c4-4043-b00f-fdb76a3bfe21\" target=\"_blank\"> TikToku<\/a>.Chcesz podzieli\u0107 si\u0119 ciekawym newsem lub zaproponowa\u0107 temat? Skontaktuj si\u0119 z nami, pisz\u0105c maila na adres: <a rel=\"nofollow noopener\" href=\"https:\/\/www.onet.pl\/styl-zycia\/plejada\/skolim-ujawnil-o-czym-rozmawial-z-karolem-nawrockim-dystans-sie-skrocil\/mailto:plejada@redakcjaonet.pl\" id=\"eabf6cfb-4586-45af-9179-9dab8fcce8eb\" target=\"_blank\">plejada@redakcjaonet.pl<\/a>.<script async src=\"\/\/www.instagram.com\/embed.js\"><\/script><script async src=\"\/\/www.tiktok.com\/embed.js\"><\/script><\/p>\n","protected":false},"excerpt":{"rendered":"Skolim by\u0142 jedn\u0105 z gwiazd wydarzenia &#8222;Przysz\u0142o\u015b\u0107.pl&#8221;, kt\u00f3re odby\u0142o si\u0119 w Juracie pod koniec sierpnia. Na miejscu nie&hellip;\n","protected":false},"author":2,"featured_media":663871,"comment_status":"","ping_status":"","sticky":false,"template":"","format":"standard","meta":{"footnotes":"","_share_on_mastodon":"0"},"categories":[62712],"tags":[61195,690,43,21128,48,125,46,55,47],"class_list":["post-663870","post","type-post","status-publish","format-standard","has-post-thumbnail","category-karol-nawrocki","tag-bottomfeed_styl","tag-karol-nawrocki","tag-karol_nawrocki","tag-konrad_skolimowski","tag-nat_styl","tag-newsy","tag-omp","tag-phx","tag-screening_general"],"share_on_mastodon":{"url":"https:\/\/pubeurope.com\/@pl\/117205017493460955","error":""},"_links":{"self":[{"href":"https:\/\/www.europesays.com\/pl\/wp-json\/wp\/v2\/posts\/663870","targetHints":{"allow":["GET"]}}],"collection":[{"href":"https:\/\/www.europesays.com\/pl\/wp-json\/wp\/v2\/posts"}],"about":[{"href":"https:\/\/www.europesays.com\/pl\/wp-json\/wp\/v2\/types\/post"}],"author":[{"embeddable":true,"href":"https:\/\/www.europesays.com\/pl\/wp-json\/wp\/v2\/users\/2"}],"replies":[{"embeddable":true,"href":"https:\/\/www.europesays.com\/pl\/wp-json\/wp\/v2\/comments?post=663870"}],"version-history":[{"count":0,"href":"https:\/\/www.europesays.com\/pl\/wp-json\/wp\/v2\/posts\/663870\/revisions"}],"wp:featuredmedia":[{"embeddable":true,"href":"https:\/\/www.europesays.com\/pl\/wp-json\/wp\/v2\/media\/663871"}],"wp:attachment":[{"href":"https:\/\/www.europesays.com\/pl\/wp-json\/wp\/v2\/media?parent=663870"}],"wp:term":[{"taxonomy":"category","embeddable":true,"href":"https:\/\/www.europesays.com\/pl\/wp-json\/wp\/v2\/categories?post=663870"},{"taxonomy":"post_tag","embeddable":true,"href":"https:\/\/www.europesays.com\/pl\/wp-json\/wp\/v2\/tags?post=663870"}],"curies":[{"name":"wp","href":"https:\/\/api.w.org\/{rel}","templated":true}]}}