{"id":663874,"date":"2026-09-03T03:40:08","date_gmt":"2026-09-03T03:40:08","guid":{"rendered":"https:\/\/www.europesays.com\/pl\/663874\/"},"modified":"2026-09-03T03:40:08","modified_gmt":"2026-09-03T03:40:08","slug":"orlen-paczka-do-100-zl-rabatu-na-paliwo-zasady-promocji-dla-kierowcow-biznes-wprost","status":"publish","type":"post","link":"https:\/\/www.europesays.com\/pl\/663874\/","title":{"rendered":"ORLEN Paczka: do 100 z\u0142 rabatu na paliwo \u2013 zasady promocji dla kierowc\u00f3w \u2013 Biznes Wprost"},"content":{"rendered":"\n<p>&#13;<br \/>\n1 wrze\u015bnia rozpocz\u0119\u0142a si\u0119 akcja \u0142\u0105cz\u0105ca us\u0142ugi ORLEN Paczki, aplikacj\u0119 lojalno\u015bciow\u0105 VITAY oraz\u00a0stacje paliw ORLEN. Za\u00a0ka\u017cd\u0105 odebran\u0105 przesy\u0142k\u0119 uczestnik mo\u017ce otrzyma\u0107 kupon o\u00a0warto\u015bci 10 z\u0142. Jeden u\u017cytkownik mo\u017ce zdoby\u0107 maksymalnie dziesi\u0119\u0107 kupon\u00f3w, co\u00a0daje \u0142\u0105cznie do\u00a0100 z\u0142 rabatu. Nagroda nie\u00a0jest jednak przyznawana automatycznie po\u00a0wyj\u0119ciu przesy\u0142ki z\u00a0automatu lub\u00a0odebraniu jej w\u00a0punkcie. &#13;\n<\/p>\n<p>Odbierz paczk\u0119 i\u00a0rabat na\u00a0paliwo na\u00a0stacjach ORLEN<\/p>\n<p>&#13;<br \/>\nAby otrzyma\u0107 kupon, nale\u017cy odebra\u0107 na\u00a0terenie Polski przesy\u0142k\u0119 dostarczon\u0105 przez ORLEN Paczk\u0119. Mo\u017ce by\u0107 ona nadana przez sklep internetowy, platform\u0119 sprzeda\u017cow\u0105 lub\u00a0osob\u0119 prywatn\u0105. &#13;\n<\/p>\n<p>&#13;<br \/>\nNast\u0119pnie trzeba zeskanowa\u0107 etykiet\u0119 przesy\u0142ki w\u00a0najnowszej wersji aplikacji ORLEN VITAY. Uczestnik ma\u00a0na\u00a0to\u00a0pi\u0119\u0107 dni od\u00a0momentu odebrania paczki. Po\u00a0spe\u0142nieniu warunk\u00f3w kupon pojawi si\u0119 w\u00a0aplikacji i\u00a0b\u0119dzie wymaga\u0142 aktywacji przed dokonaniem p\u0142atno\u015bci. &#13;\n<\/p>\n<p>Wa\u017cny warunek promocji ORLEN. Minimum do\u00a0zatankowania<\/p>\n<p>&#13;<br \/>\nKupon paliwowy mo\u017cna wykorzysta\u0107 podczas jednorazowego tankowania co\u00a0najmniej 30 litr\u00f3w paliwa EFECTA albo VERVA na\u00a0stacji ORLEN. Zgodnie z\u00a0zasadami akcji rabat mo\u017ce obowi\u0105zywa\u0107 r\u00f3wnie\u017c na\u00a0wybrane produkty dost\u0119pne na\u00a0stacjach. &#13;\n<\/p>\n<p>&#13;<br \/>\nPrzed skorzystaniem z\u00a0promocji warto sprawdzi\u0107 list\u0119 wy\u0142\u0105cze\u0144. Nie\u00a0ka\u017cdy zakup ani rodzaj paliwa musi kwalifikowa\u0107 si\u0119 do\u00a0naliczenia zni\u017cki. Szczeg\u00f3\u0142owe warunki wykorzystania kupon\u00f3w okre\u015bla regulamin akcji. &#13;\n<\/p>\n<p>Promocja ORLEN potrwa 10 tygodni, ale\u00a0mo\u017ce zako\u0144czy\u0107 si\u0119 wcze\u015bniej<\/p>\n<p>&#13;<br \/>\nAkcja sieci <a href=\"https:\/\/biznes.wprost.pl\/firmy-i-rynki\/12364020\/stacja-paliw-przyszlosci-jak-orlen-zamienia-tankowanie-w-codzienne-centrum-uslug.html\" rel=\"nofollow noopener\" target=\"_blank\">ORLEN<\/a> rozpocz\u0119\u0142a si\u0119 1\u00a0wrze\u015bnia 2026 roku i\u00a0ma potrwa\u0107 do\u00a010 listopada. Organizator przygotowa\u0142 jednak ograniczon\u0105 pul\u0119 140 tys. nagr\u00f3d. Oznacza to, \u017ce\u00a0promocja mo\u017ce zako\u0144czy\u0107 si\u0119 wcze\u015bniej, je\u015bli wszystkie kupony zostan\u0105 rozdane. Aby\u00a0zdoby\u0107 maksymalny rabat w\u00a0wysoko\u015bci 100 z\u0142, trzeba w\u00a0okresie obowi\u0105zywania akcji odebra\u0107 i\u00a0prawid\u0142owo zarejestrowa\u0107 w\u00a0aplikacji dziesi\u0119\u0107 przesy\u0142ek. Ka\u017cda z\u00a0nich jest rozliczana osobno, a\u00a0etykiety nale\u017cy skanowa\u0107 w\u00a0wymaganym terminie. &#13;\n<\/p>\n<p>&#13;<br \/>\n   Czytaj te\u017c:<br \/><a href=\"https:\/\/biznes.wprost.pl\/twoj-portfel\/12429873\/milosz-motyka-o-zakonczeniu-cpn-wymowne-slowa-ministra.html\" rel=\"follow nofollow noopener\" data-schema=\"WPROST\" data-image=\"https:\/\/img.wprost.pl\/_thumb\/e9\/e2\/41e1de5a4cdb3542e5e0cbc0c89b.jpeg\" target=\"_blank\">Tak wzros\u0142y ceny po\u00a0wygaszeniu CPN. \u201eRz\u0105d zrobi\u0142 wszystko\u201d<\/a>   Czytaj te\u017c:<br \/><a href=\"https:\/\/biznes.wprost.pl\/twoj-portfel\/12428865\/krotka-ulga-dla-kierowcow-koniec-nizszych-cen-benzyny-i-oleju-napedowego.html\" rel=\"follow nofollow noopener\" data-schema=\"WPROST\" data-image=\"https:\/\/img.wprost.pl\/_thumb\/59\/62\/fdd609c1a3561ea40a02511d6c93.jpeg\" target=\"_blank\">Powr\u00f3t wysokich cen na\u00a0stacjach paliw. Koniec pakietu CPN<\/a>&#13;<\/p>\n","protected":false},"excerpt":{"rendered":"&#13; 1 wrze\u015bnia rozpocz\u0119\u0142a si\u0119 akcja \u0142\u0105cz\u0105ca us\u0142ugi ORLEN Paczki, aplikacj\u0119 lojalno\u015bciow\u0105 VITAY oraz\u00a0stacje paliw ORLEN. Za\u00a0ka\u017cd\u0105 odebran\u0105&hellip;\n","protected":false},"author":2,"featured_media":663875,"comment_status":"","ping_status":"","sticky":false,"template":"","format":"standard","meta":{"footnotes":"","_share_on_mastodon":"0"},"categories":[52097],"tags":[3112,2834,496,1232,774,43043,17797,5021,42,38,40,39,41,863,1248,17032,61647,43315],"class_list":["post-663874","post","type-post","status-publish","format-standard","has-post-thumbnail","category-orlen","tag-auto","tag-ceny","tag-kierowcy","tag-motoryzacja","tag-orlen","tag-orlen-paczka","tag-paliwa","tag-paliwo","tag-pl","tag-poland","tag-polish","tag-polska","tag-polski","tag-promocja","tag-samochod","tag-stacja","tag-stanislaw-wegrowski","tag-wprost"],"share_on_mastodon":{"url":"https:\/\/pubeurope.com\/@pl\/117205036233287123","error":""},"_links":{"self":[{"href":"https:\/\/www.europesays.com\/pl\/wp-json\/wp\/v2\/posts\/663874","targetHints":{"allow":["GET"]}}],"collection":[{"href":"https:\/\/www.europesays.com\/pl\/wp-json\/wp\/v2\/posts"}],"about":[{"href":"https:\/\/www.europesays.com\/pl\/wp-json\/wp\/v2\/types\/post"}],"author":[{"embeddable":true,"href":"https:\/\/www.europesays.com\/pl\/wp-json\/wp\/v2\/users\/2"}],"replies":[{"embeddable":true,"href":"https:\/\/www.europesays.com\/pl\/wp-json\/wp\/v2\/comments?post=663874"}],"version-history":[{"count":0,"href":"https:\/\/www.europesays.com\/pl\/wp-json\/wp\/v2\/posts\/663874\/revisions"}],"wp:featuredmedia":[{"embeddable":true,"href":"https:\/\/www.europesays.com\/pl\/wp-json\/wp\/v2\/media\/663875"}],"wp:attachment":[{"href":"https:\/\/www.europesays.com\/pl\/wp-json\/wp\/v2\/media?parent=663874"}],"wp:term":[{"taxonomy":"category","embeddable":true,"href":"https:\/\/www.europesays.com\/pl\/wp-json\/wp\/v2\/categories?post=663874"},{"taxonomy":"post_tag","embeddable":true,"href":"https:\/\/www.europesays.com\/pl\/wp-json\/wp\/v2\/tags?post=663874"}],"curies":[{"name":"wp","href":"https:\/\/api.w.org\/{rel}","templated":true}]}}