{"id":663900,"date":"2026-09-03T03:53:26","date_gmt":"2026-09-03T03:53:26","guid":{"rendered":"https:\/\/www.europesays.com\/pl\/663900\/"},"modified":"2026-09-03T03:53:26","modified_gmt":"2026-09-03T03:53:26","slug":"marek-papszun-robi-czystki-w-legii-warszawa-oficjalnie","status":"publish","type":"post","link":"https:\/\/www.europesays.com\/pl\/663900\/","title":{"rendered":"Marek Papszun robi czystki w Legii Warszawa. Oficjalnie"},"content":{"rendered":"<p>Legia Warszawa bardzo dobrze rozpocz\u0119\u0142a nowy sezon. Ekipa Marka Papszuna w PKO BP Ekstraklasie jest liderem i nie przegra\u0142a jeszcze \u017cadnego spotkania. Rys\u0105 na wizerunku jest z pewno\u015bci\u0105 pora\u017cka 0:3 w 1. rundzie Pucharu Polski z Motorem Lublin, co poskutkowa\u0142o odpadni\u0119ciem z rozgrywek.<\/p>\n<p>Dalszy ci\u0105g artyku\u0142u pod materia\u0142em wideo<\/p>\n<p>W \u017cadnym spotkaniu w tym sezonie na murawie w barwach Legii kibice nie zobaczyli Petara Stojanovicia. Nie by\u0142o tajemnic\u0105, \u017ce S\u0142oweniec nie by\u0142 w planach Papszuna. Prawy obro\u0144ca by\u0142 wypychany z klubu ju\u017c zim\u0105, lecz wtedy to si\u0119 nie uda\u0142o. Teraz ju\u017c wiadomo, jaka przysz\u0142o\u015b\u0107 czeka 30-latka.<\/p>\n<p><a href=\"https:\/\/przegladsportowy.onet.pl\/\" title=\"Strona g\u0142\u00f3wna serwisu\" aria-label=\"Strona g\u0142\u00f3wna serwisu\" data-astro-prefetch=\"tap\" class=\"ods-a-logo-main-desktop\" rel=\"nofollow noopener\" target=\"_blank\"><img src=\"https:\/\/cdn.przegladsportowy.onet.pl\/img\/Logo_desktop_Onet.svg\" class=\"ods-a-logo-main-desktop__image\" alt=\"Logo\" width=\"107\" height=\"60\" fetchpriority=\"high\" decoding=\"sync\" style=\"height:60px\"\/><\/a><\/p>\n<p class=\"ods-m-google-article__text\">Czytaj nas cz\u0119\u015bciej w Google<\/p>\n<p><a href=\"https:\/\/google.com\/preferences\/source?q=przegladsportowy.onet.pl\" target=\"_blank\" rel=\"noopener noreferrer nofollow\" aria-label=\"Dodaj w Google\" title=\"Dodaj w Google\" class=\"ods-a-button ods-a-button__primary ods-a-button__default ods-a-button-l\">Dodaj w Google<\/a>Legia pozby\u0142a si\u0119 niechcianego pi\u0142karza<\/p>\n<p>Klub oficjalnie potwierdzi\u0142, \u017ce Stojanovi\u0107 najbli\u017cszy sezon sp\u0119dzi na wypo\u017cyczeniu w NK Maribor, kt\u00f3rego jest wychowankiem.<\/p>\n<p>&#8222;Petar Stojanovi\u0107 wypo\u017cyczony do NK Maribor. Obro\u0144ca do ko\u0144ca sezonu 2026\/27 b\u0119dzie wyst\u0119powa\u0107 w s\u0142owe\u0144skim klubie na zasadzie wypo\u017cyczenia&#8221; \u2014 czytamy w oficjalnym komunikacie.<\/p>\n<p>S\u0142owe\u0144ski pi\u0142karz trafi\u0142 do Legii Warszawa w lipcu 2025 r. Od tego czasu w barwach sto\u0142ecznej dru\u017cyny rozegra\u0142 zaledwie 26 mecz\u00f3w, strzeli\u0142 gola i zaliczy\u0142 asyst\u0119.<\/p>\n<p>Legia w najbli\u017cszej kolejce PKO BP Ekstraklasy zagra z Motorem Lublin. To spotkanie odb\u0119dzie si\u0119 w sobot\u0119 5 wrze\u015bnia o godz. 20.15. Relacj\u0119 z tego starcia b\u0119dzie mo\u017cna \u015bledzi\u0107 na stronie Przegl\u0105du Sportowego Onet.<\/p>\n","protected":false},"excerpt":{"rendered":"Legia Warszawa bardzo dobrze rozpocz\u0119\u0142a nowy sezon. Ekipa Marka Papszuna w PKO BP Ekstraklasie jest liderem i nie&hellip;\n","protected":false},"author":2,"featured_media":663901,"comment_status":"","ping_status":"","sticky":false,"template":"","format":"standard","meta":{"footnotes":"","_share_on_mastodon":"0"},"categories":[51605],"tags":[128289,61195,274,2563,2561,48,46,948,2475,42,38,40,39,41,47,435,130],"class_list":["post-663900","post","type-post","status-publish","format-standard","has-post-thumbnail","category-warszawa","tag-adshield_tst0","tag-bottomfeed_styl","tag-ekstraklasa","tag-legia_warszawa","tag-marek_papszun","tag-nat_styl","tag-omp","tag-pilka_nozna","tag-pko_ekstraklasa","tag-pl","tag-poland","tag-polish","tag-polska","tag-polski","tag-screening_general","tag-warszawa","tag-wiadomosci_sportowe"],"share_on_mastodon":{"url":"https:\/\/pubeurope.com\/@pl\/117205088315470793","error":""},"_links":{"self":[{"href":"https:\/\/www.europesays.com\/pl\/wp-json\/wp\/v2\/posts\/663900","targetHints":{"allow":["GET"]}}],"collection":[{"href":"https:\/\/www.europesays.com\/pl\/wp-json\/wp\/v2\/posts"}],"about":[{"href":"https:\/\/www.europesays.com\/pl\/wp-json\/wp\/v2\/types\/post"}],"author":[{"embeddable":true,"href":"https:\/\/www.europesays.com\/pl\/wp-json\/wp\/v2\/users\/2"}],"replies":[{"embeddable":true,"href":"https:\/\/www.europesays.com\/pl\/wp-json\/wp\/v2\/comments?post=663900"}],"version-history":[{"count":0,"href":"https:\/\/www.europesays.com\/pl\/wp-json\/wp\/v2\/posts\/663900\/revisions"}],"wp:featuredmedia":[{"embeddable":true,"href":"https:\/\/www.europesays.com\/pl\/wp-json\/wp\/v2\/media\/663901"}],"wp:attachment":[{"href":"https:\/\/www.europesays.com\/pl\/wp-json\/wp\/v2\/media?parent=663900"}],"wp:term":[{"taxonomy":"category","embeddable":true,"href":"https:\/\/www.europesays.com\/pl\/wp-json\/wp\/v2\/categories?post=663900"},{"taxonomy":"post_tag","embeddable":true,"href":"https:\/\/www.europesays.com\/pl\/wp-json\/wp\/v2\/tags?post=663900"}],"curies":[{"name":"wp","href":"https:\/\/api.w.org\/{rel}","templated":true}]}}