{"id":663902,"date":"2026-09-03T03:54:11","date_gmt":"2026-09-03T03:54:11","guid":{"rendered":"https:\/\/www.europesays.com\/pl\/663902\/"},"modified":"2026-09-03T03:54:11","modified_gmt":"2026-09-03T03:54:11","slug":"czarna-noc-dla-polakow-w-us-open-kamil-majchrzak-za-burta","status":"publish","type":"post","link":"https:\/\/www.europesays.com\/pl\/663902\/","title":{"rendered":"Czarna noc dla Polak\u00f3w w US Open. Kamil Majchrzak za burt\u0105"},"content":{"rendered":"<p>Na ostatni mecz z udzia\u0142em reprezentanta Polski w nocy ze \u015brody na czwartek przysz\u0142o nam zaczeka\u0107 a\u017c naprawd\u0119 d\u0142ugo. Kamil Majchrzak i Valentin Vacherot wyszli na kort w okolicach 1.20 czasu polskiego, a na trybunach kortu numer 10 pojawi\u0142o si\u0119 naprawd\u0119 sporo kibic\u00f3w, kt\u00f3rzy w zdecydowanej wi\u0119kszo\u015bci wspierali Piotrkowianina.<\/p>\n<p>Dalszy ci\u0105g artyku\u0142u pod materia\u0142em wideo<\/p>\n<p>Ten nie zacz\u0105\u0142 spotkania najlepiej. Ju\u017c na samym pocz\u0105tku da\u0142 si\u0119 prze\u0142ama\u0107, do tego nienajlepiej funkcjonowa\u0142 jego bekhend, co poskutkowa\u0142o niestety drugim prze\u0142amaniem. Przy prowadzeniu Monakijczyka wynikiem 5:2 wydawa\u0142o si\u0119, \u017ce losy otwieraj\u0105cej partii wyja\u015bni\u0105 si\u0119 b\u0142yskawicznie.<\/p>\n<p><a href=\"https:\/\/przegladsportowy.onet.pl\/\" title=\"Strona g\u0142\u00f3wna serwisu\" aria-label=\"Strona g\u0142\u00f3wna serwisu\" data-astro-prefetch=\"tap\" class=\"ods-a-logo-main-desktop\" rel=\"nofollow noopener\" target=\"_blank\"><img src=\"https:\/\/cdn.przegladsportowy.onet.pl\/img\/Logo_desktop_Onet.svg\" class=\"ods-a-logo-main-desktop__image\" alt=\"Logo\" width=\"107\" height=\"60\" fetchpriority=\"high\" decoding=\"sync\" style=\"height:60px\"\/><\/a><\/p>\n<p class=\"ods-m-google-article__text\">Czytaj nas cz\u0119\u015bciej w Google<\/p>\n<p><a href=\"https:\/\/google.com\/preferences\/source?q=przegladsportowy.onet.pl\" target=\"_blank\" rel=\"noopener noreferrer nofollow\" aria-label=\"Dodaj w Google\" title=\"Dodaj w Google\" class=\"ods-a-button ods-a-button__primary ods-a-button__default ods-a-button-l\">Dodaj w Google<\/a>Trudny pocz\u0105tek Kamila Majchrzaka. I genialna reakcja<\/p>\n<p>Nic bardziej mylnego. Majchrzak doprowadzi\u0142 do stanu 5:4, a potem mia\u0142 jeszcze dwie pi\u0142ki na wyr\u00f3wnanie strat. Wtedy zabrak\u0142o nieco skuteczno\u015bci, a Valentin Vacherot wykorzysta\u0142 drug\u0105 pi\u0142k\u0119 setow\u0105 i m\u00f3g\u0142 \u015bwi\u0119towa\u0107 prowadzenie 6:4. Ale nic nie wskazywa\u0142o na to, by rywal by\u0142 dzi\u015b poza zasi\u0119giem Kamila Majchrzaka.<\/p>\n<p>Pocz\u0105tek drugiej partii przyni\u00f3s\u0142 nam szybkie dwa prze\u0142amania, po jednym dla ka\u017cdego z pan\u00f3w. Potem uwa\u017cnie pilnowali swojego serwisu niemal do samego ko\u0144ca seta. Dopiero wtedy graj\u0105cy coraz odwa\u017cniej Kamil Majchrzak wywalczy\u0142 sobie dwie pi\u0142ki setowe przy serwisie rywala. Skuteczniejsza gra pozwoli\u0142a na wyr\u00f3wnanie wyniku spotkania. Wszystko wskazywa\u0142o na to, \u017ce czeka\u0107 nas mo\u017ce absolutny dreszczowiec.<\/p>\n<p>Znany z r\u00f3\u017cnorodnej gry Piotrkowianin popisywa\u0142 si\u0119 kolejnymi efektownymi zagraniami, frustruj\u0105c Vacherota. Ten by\u0142 bezradny przy fantastycznych skr\u00f3tach Polaka, a po ca\u0142ej serii podw\u00f3jnych b\u0142\u0119d\u00f3w serwisowych cisn\u0105\u0142 pi\u0142k\u0119 w kierunku s\u0105siedniego kortu, za co us\u0142ysza\u0142 od s\u0119dzi ostrze\u017cenie.<\/p>\n<p>By\u0142o tak blisko. Wtedy rozpocz\u0119\u0142y si\u0119 k\u0142opoty w US Open<\/p>\n<p>Ju\u017c wydawa\u0142o si\u0119, \u017ce Majchrzak za moment &#8222;dopadnie&#8221; rywala, \u017ce w ko\u0144cu wywalczy upragnione prze\u0142amanie w trzecim secie, ale ostatecznie o wszystkim decydowa\u0107 musia\u0142 tie-break. A w nim od pocz\u0105tku do ko\u0144ca lepszy by\u0142 rywal, kt\u00f3ry wygra\u0142 seta rezultatem 7:6(3). A to nie by\u0142 koniec z\u0142ych wiadomo\u015bci.<\/p>\n<p>Vacherot, kt\u00f3ry jeszcze kilkana\u015bcie minut temu wygl\u0105da\u0142 momentami na przem\u0119czonego, jakby nagle odzyska\u0142 si\u0142y i prze\u0142ama\u0142 Majchrzaka ju\u017c na pocz\u0105tku czwartej partii. W tym momencie sytuacja naszego reprezentanta by\u0142a ju\u017c naprawd\u0119 trudna. Trzygemowe prowadzenie jakby pod\u0142ama\u0142o mistrza turnieju w s&#8217;Hertogenbosch, kt\u00f3ry nie by\u0142 w stanie podnie\u015b\u0107 si\u0119 do samego ko\u0144ca.<\/p>\n<p>Kamil Majchrzak \u2014 Valentin Vacherot 6:4, 4:6, 7:6(3), 6:2<\/p>\n","protected":false},"excerpt":{"rendered":"Na ostatni mecz z udzia\u0142em reprezentanta Polski w nocy ze \u015brody na czwartek przysz\u0142o nam zaczeka\u0107 a\u017c naprawd\u0119&hellip;\n","protected":false},"author":2,"featured_media":663903,"comment_status":"","ping_status":"","sticky":false,"template":"","format":"standard","meta":{"footnotes":"","_share_on_mastodon":"0"},"categories":[24],"tags":[128237,2080,61195,8272,48,46,42,38,40,39,41,47,127,126,156,22568],"class_list":["post-663902","post","type-post","status-publish","format-standard","has-post-thumbnail","category-sport","tag-adshield_tst1","tag-atp","tag-bottomfeed_styl","tag-kamil_majchrzak","tag-nat_styl","tag-omp","tag-pl","tag-poland","tag-polish","tag-polska","tag-polski","tag-screening_general","tag-sport","tag-sports","tag-tenis","tag-us_open"],"share_on_mastodon":{"url":"https:\/\/pubeurope.com\/@pl\/117205092181189916","error":""},"_links":{"self":[{"href":"https:\/\/www.europesays.com\/pl\/wp-json\/wp\/v2\/posts\/663902","targetHints":{"allow":["GET"]}}],"collection":[{"href":"https:\/\/www.europesays.com\/pl\/wp-json\/wp\/v2\/posts"}],"about":[{"href":"https:\/\/www.europesays.com\/pl\/wp-json\/wp\/v2\/types\/post"}],"author":[{"embeddable":true,"href":"https:\/\/www.europesays.com\/pl\/wp-json\/wp\/v2\/users\/2"}],"replies":[{"embeddable":true,"href":"https:\/\/www.europesays.com\/pl\/wp-json\/wp\/v2\/comments?post=663902"}],"version-history":[{"count":0,"href":"https:\/\/www.europesays.com\/pl\/wp-json\/wp\/v2\/posts\/663902\/revisions"}],"wp:featuredmedia":[{"embeddable":true,"href":"https:\/\/www.europesays.com\/pl\/wp-json\/wp\/v2\/media\/663903"}],"wp:attachment":[{"href":"https:\/\/www.europesays.com\/pl\/wp-json\/wp\/v2\/media?parent=663902"}],"wp:term":[{"taxonomy":"category","embeddable":true,"href":"https:\/\/www.europesays.com\/pl\/wp-json\/wp\/v2\/categories?post=663902"},{"taxonomy":"post_tag","embeddable":true,"href":"https:\/\/www.europesays.com\/pl\/wp-json\/wp\/v2\/tags?post=663902"}],"curies":[{"name":"wp","href":"https:\/\/api.w.org\/{rel}","templated":true}]}}