{"id":66391,"date":"2025-10-24T15:00:07","date_gmt":"2025-10-24T15:00:07","guid":{"rendered":"https:\/\/www.europesays.com\/pl\/66391\/"},"modified":"2025-10-24T15:00:07","modified_gmt":"2025-10-24T15:00:07","slug":"wyrok-dla-sabotazystow-w-tle-sprawa-podpalenia-hali-przy-marywilskiej-onet","status":"publish","type":"post","link":"https:\/\/www.europesays.com\/pl\/66391\/","title":{"rendered":"Wyrok dla sabota\u017cyst\u00f3w. W tle sprawa podpalenia hali przy Marywilskiej &#8211; Onet"},"content":{"rendered":"<ol>\n<li><a href=\"https:\/\/news.google.com\/rss\/articles\/CBMiygFBVV95cUxQWGZTZS1PUUFWdGs5U01ialhBaVVzYk1GeEYyWHZBc1hLNHJEcTBRVHZBMXUzbXZhY1Q5MlAwRVVCVDdCeUtldkJ6YTBFLXNUVWJFbi1SaWxmWHZocU5JbjYzaFV3ZG1CRUFrQkVKOEFwLTByRGFqckgzclJXbUV0YW9fNmRsaklSSmEwTXJaX0RlSUhuVHZNQlp0U2ladXVzYnAtelBxbUV5elpNcUFqcTEwQ2plSkl6VktlQU95TU10Z1llWmlPRWZR?oc=5\" target=\"_blank\" rel=\"nofollow noopener\">Wyrok dla sabota\u017cyst\u00f3w. W tle sprawa podpalenia hali przy Marywilskiej<\/a>&nbsp;&nbsp;Onet<\/li>\n<li><a href=\"https:\/\/news.google.com\/rss\/articles\/CBMixwFBVV95cUxNY1lBOFN6a3l2SmdqZmlkbGY4ajNpSXFRalI4RHJ1Uy10VXdZeURwSWEyUUZRcG5rNEY4eTlmRGhpell2a1k4VE83dURMM2s4YUpZOFhaY3pFcWdOckJKVndmcTBjbWo2bjkxaDh2M0s3NW1ucFE0ZS1EX1BxQ0VpSVR4b3J6c29NcGE0bW81Y0Y5U1ZJNkh1NG4zbWRBMnpTaFRnQzBSZVVoMk1uSWVUU00zVWNtQnp6VzI2SHFWLTdfdWJIVVBv?oc=5\" target=\"_blank\" rel=\"nofollow noopener\">Wyrok w sprawie podpalenia hali przy Marywilskiej. Trzech Ukrai\u0144c\u00f3w skazanych<\/a>&nbsp;&nbsp;Business Insider Polska<\/li>\n<li><a href=\"https:\/\/news.google.com\/rss\/articles\/CBMiwwFBVV95cUxPYm9SUGxWVFRfWTZDZzF3aUgwNmRCR0p6eXZCb1RkNUZSa2tVUDBZX3RJc1FIenc4ZkVnUU1GRkd5aGp5ZXhXV3JWNG1RMnlKdHdZUlpHallyMUhSVDFBNG9VM3h4djFQbUp4dmlnSi1ZdHNJN2lqZS1yYlU0a0N3bHFBbld2RGx5eHRqa0tkVGx4a09FM0VMTjByd0dsSjlGUENQYVN0bTNidnY5Y3l6VHdkYXRMRFpyaU9oRXNnb3phVjg?oc=5\" target=\"_blank\" rel=\"nofollow noopener\">Trzy osoby skazane za sabota\u017c. Byli zamieszani w po\u017car Marywilskiej<\/a>&nbsp;&nbsp;Gazeta<\/li>\n<li><a href=\"https:\/\/news.google.com\/rss\/articles\/CBMitwFBVV95cUxOS2xwRTd6SlA4dktsMGE1MDRObDg0aXc1eUlMa2lKMEhFMkJwUnRnQm1NSm00a01GaklsZGJ2Z292NGsxSGY3T2xZTFpkNTY3Mll3V1VrZmlSMW9XcHduRjc5Q3Q0d2g2WE1FQ19WRXl6a2hLTlNxdTJ0RUV6cXdOLUdFTUNFYXpBUDFPcjNVU0V4N3ZfNUN4ZTNqbjdaX0FWSkV3NXNUR3MzM0pGS0ExZ2UyZVZDYUU?oc=5\" target=\"_blank\" rel=\"nofollow noopener\">Podpalenie hali przy ul. Marywilskiej. Jest wyrok, trzech Ukrai\u0144c\u00f3w skazanych<\/a>&nbsp;&nbsp;Polskie Radio 24<\/li>\n<li><a href=\"https:\/\/news.google.com\/rss\/articles\/CBMi7gFBVV95cUxQQ0hQWHF3bTRoNGlXMFFlUWZHOFA1UFFZaTFhZWdDRjJ2RkQxams5MUZ5RkRNMVJYRkNDT2dZRi1hX2NkOWhwTE5lZG1TbEkxSmZwNGtXc3RKUUlVeUJNVkRYeVRBck4wU1pMUEkwck00V0dORXBkdGE4TEtxay1MMDVIa2txbWl0MC1HSnVncEdmWFctc3hFaWxYY01GcGt1SExsekhGdlE0M05tMzRRUnFwemhoR0hwOHl2WTBxcFAxeUVMcVpwVjFFS1M4QW1vNXNfYXlmbUg5R3lBbkxwN1VQSUdsbVR5dm9obk93?oc=5\" target=\"_blank\" rel=\"nofollow noopener\">Wyrok skazuj\u0105cy trzy osoby za udzia\u0142 w zorganizowanej grupie przest\u0119pczej o charakterze sabota\u017cowo-terrorystycznym<\/a>&nbsp;&nbsp;Gov.pl<\/li>\n<\/ol>\n","protected":false},"excerpt":{"rendered":"Wyrok dla sabota\u017cyst\u00f3w. W tle sprawa podpalenia hali przy Marywilskiej&nbsp;&nbsp;Onet Wyrok w sprawie podpalenia hali przy Marywilskiej. Trzech&hellip;\n","protected":false},"author":2,"featured_media":66392,"comment_status":"","ping_status":"","sticky":false,"template":"","format":"standard","meta":{"footnotes":""},"categories":[12],"tags":[32,33,36,37,27,67,34,35,28,31,53,25,52,68,51,55,42,38,40,39,41,984,349,47,16457,29,30,65,50,424,26],"class_list":{"0":"post-66391","1":"post","2":"type-post","3":"status-publish","4":"format-standard","5":"has-post-thumbnail","7":"category-polska","8":"tag-breaking-news","9":"tag-breakingnews","10":"tag-featured-news","11":"tag-featurednews","12":"tag-headlines","13":"tag-intextvideo_splayer","14":"tag-latest-news","15":"tag-latestnews","16":"tag-naglowki","17":"tag-najwazniejsze-artykuly","18":"tag-new_header","19":"tag-news","20":"tag-onet3","21":"tag-onet3d","22":"tag-onet3d_2i","23":"tag-phx","24":"tag-pl","25":"tag-poland","26":"tag-polish","27":"tag-polska","28":"tag-polski","29":"tag-prawo_sady_sedziowie_sedzia_sad_sadownictwo_prawnik_prawnicy_prawniczka","30":"tag-prokuratura_prokurator_prokuratorzy","31":"tag-screening_general","32":"tag-tooltip_piano_tst0","33":"tag-top-stories","34":"tag-topstories","35":"tag-update_me","36":"tag-v2021","37":"tag-warszawa_miasto","38":"tag-wiadomosci"},"share_on_mastodon":{"url":"","error":"Validation failed: Text character limit of 500 exceeded"},"_links":{"self":[{"href":"https:\/\/www.europesays.com\/pl\/wp-json\/wp\/v2\/posts\/66391","targetHints":{"allow":["GET"]}}],"collection":[{"href":"https:\/\/www.europesays.com\/pl\/wp-json\/wp\/v2\/posts"}],"about":[{"href":"https:\/\/www.europesays.com\/pl\/wp-json\/wp\/v2\/types\/post"}],"author":[{"embeddable":true,"href":"https:\/\/www.europesays.com\/pl\/wp-json\/wp\/v2\/users\/2"}],"replies":[{"embeddable":true,"href":"https:\/\/www.europesays.com\/pl\/wp-json\/wp\/v2\/comments?post=66391"}],"version-history":[{"count":0,"href":"https:\/\/www.europesays.com\/pl\/wp-json\/wp\/v2\/posts\/66391\/revisions"}],"wp:featuredmedia":[{"embeddable":true,"href":"https:\/\/www.europesays.com\/pl\/wp-json\/wp\/v2\/media\/66392"}],"wp:attachment":[{"href":"https:\/\/www.europesays.com\/pl\/wp-json\/wp\/v2\/media?parent=66391"}],"wp:term":[{"taxonomy":"category","embeddable":true,"href":"https:\/\/www.europesays.com\/pl\/wp-json\/wp\/v2\/categories?post=66391"},{"taxonomy":"post_tag","embeddable":true,"href":"https:\/\/www.europesays.com\/pl\/wp-json\/wp\/v2\/tags?post=66391"}],"curies":[{"name":"wp","href":"https:\/\/api.w.org\/{rel}","templated":true}]}}