{"id":663916,"date":"2026-09-03T04:01:31","date_gmt":"2026-09-03T04:01:31","guid":{"rendered":"https:\/\/www.europesays.com\/pl\/663916\/"},"modified":"2026-09-03T04:01:31","modified_gmt":"2026-09-03T04:01:31","slug":"szykuje-sie-rekonstrukcja-rzadu-donalda-tuska-wrze-ws-szymona-holowni-wprost","status":"publish","type":"post","link":"https:\/\/www.europesays.com\/pl\/663916\/","title":{"rendered":"Szykuje si\u0119 rekonstrukcja rz\u0105du Donalda Tuska? Wrze ws. Szymona Ho\u0142owni \u2013 Wprost"},"content":{"rendered":"\n<p>&#13;<br \/>\nNowy miesi\u0105c to\u00a0tak\u017ce nowe spekulacje na\u00a0temat przysz\u0142o\u015bci Szymona Ho\u0142owni. W\u00a0rozmowach z\u00a0portalem RadioZet.pl politycy koalicji rz\u0105dz\u0105cej nie\u00a0wykluczaj\u0105 powrotu by\u0142ego marsza\u0142ka Sejmu do\u00a0g\u0142\u00f3wnego nurtu polityki. &#13;\n<\/p>\n<p>Szymon Ho\u0142ownia wejdzie do\u00a0rz\u0105du? Wracaj\u0105 spekulacje<\/p>\n<p>&#13;<br \/>\nO politycznym <a href=\"https:\/\/www.wprost.pl\/kraj\/12414855\/szymon-holownia-wroci-do-rzadu-sa-trzy-scenariusze.html\" rel=\"nofollow noopener\" target=\"_blank\">powrocie Szymona Ho\u0142owni<\/a> m\u00f3wi si\u0119 ju\u017c od\u00a0d\u0142u\u017cszego czasu. Mia\u0142by on w\u00a0jaki\u015b spos\u00f3b zast\u0105pi\u0107 minister funduszy i\u00a0polityki regionalnej Katarzyn\u0119 Pe\u0142czy\u0144sk\u0105-Na\u0142\u0119cz, z\u00a0kt\u00f3r\u0105 premier Donald Tusk nie\u00a0dogaduje si\u0119 najlepiej. &#13;\n<\/p>\n<p>&#13;<br \/>\n\u2013 Jestem przekonany, \u017ce\u00a0im wi\u0119cej Ho\u0142owni w\u00a0polityce, tym lepiej dla\u00a0polityki \u2013\u00a0stwierdza\u0142 wiceminister cyfryzacji Micha\u0142 Gramatyka z\u00a0Polski 2050. \u2013\u00a0Im\u00a0wi\u0119cej Ho\u0142owni w\u00a0rz\u0105dzie, tym lepiej dla\u00a0tego rz\u0105du. To\u00a0jednak decyzja premiera i\u00a0to on b\u0119dzie dobiera\u0142 sobie wsp\u00f3\u0142pracownik\u00f3w \u2013\u00a0zaznacza\u0142. &#13;\n<\/p>\n<p>&#13;<br \/>\nAnonimowy polityk KO przyzna\u0142 jednak, \u017ce\u00a0w\u00a0tej partii nie\u00a0t\u0119skni\u0105 za\u00a0Ho\u0142owi\u0105. \u2013\u00a0Nie\u00a0ma\u00a0wielu fan\u00f3w, m\u00f3wi\u0105c bardzo dyplomatycznie. Biejat i\u00a0Ho\u0142ownia natyrali si\u0119 dzie\u0144 i\u00a0noc, \u017ceby wygra\u0142 Nawrocki. To\u00a0do\u015b\u0107 powszechne przekonanie, \u017ce\u00a0Ho\u0142ownia to\u00a0kto\u015b, kto nie\u00a0pomaga. Entuzjazmu wewn\u0105trz partii na\u00a0pewno nie\u00a0ma. Sporo za\u00a0uszami ma\u00a0to\u00a0towarzystwo \u2013\u00a0m\u00f3wi\u0142. &#13;\n<\/p>\n<p>Ho\u0142ownia wr\u00f3ci do\u00a0rz\u0105du? \u201eBy\u0142o ju\u017c wiele zwrot\u00f3w akcji\u201d<\/p>\n<p>&#13;<br \/>\nZ kolei pose\u0142 Witold Zembaczy\u0144ski z\u00a0KO udzieli\u0142 komentarza pod\u00a0nazwiskiem. \u2013\u00a0Z\u00a0panem marsza\u0142kiem by\u0142o ju\u017c wiele zwrot\u00f3w akcji i\u00a0nie wiem, co\u00a0jeszcze spektakularnego mo\u017ce wi\u0105za\u0107 si\u0119 z\u00a0jego karier\u0105 polityczn\u0105. Dlatego patrz\u0119 na\u00a0to\u00a0z\u00a0dystansem. W\u00a0czasie kariery pana marsza\u0142ka spektakularne zwroty si\u0119 zdarza\u0142y, wi\u0119c zak\u0142adam, \u017ce\u00a0mog\u0105 nast\u0105pi\u0107 kolejne \u2013\u00a0stwierdza\u0142. &#13;\n<\/p>\n<p>&#13;<br \/>\nSam Ho\u0142ownia nie\u00a0kry\u0142, \u017ce\u00a0kilka miesi\u0119cy temu powiedzia\u0142 kole\u017cankom i\u00a0kolegom z\u00a0partii, \u017ce\u00a0got\u00f3w jest pokierowa\u0107 klubem Polski 2050. Obecny szef klubu Pawe\u0142 \u015aliz potwierdzi\u0142, \u017ce\u00a0s\u0142ysza\u0142 te\u00a0s\u0142owa. Filozoficznie doda\u0142, \u017ce\u00a0\u201eczas poka\u017ce\u201d. &#13;\n<\/p>\n<p>&#13;<br \/>\n   Czytaj te\u017c:<br \/><a href=\"https:\/\/www.wprost.pl\/kraj\/12427470\/tusk-otwarcie-o-wspolnej-liscie-za-rok-o-tej-porze-bedzie-rzeznia.html\" rel=\"follow nofollow noopener\" data-schema=\"WPROST\" data-image=\"https:\/\/img.wprost.pl\/_thumb\/24\/93\/695a6355d1811721f367d613ffc7.jpeg\" target=\"_blank\">Tusk m\u00f3wi otwarcie o\u00a0wsp\u00f3lnej li\u015bcie. \u201eZa\u00a0rok o\u00a0tej porze b\u0119dzie rze\u017ania\u201d<\/a>   Czytaj te\u017c:<br \/><a href=\"https:\/\/www.wprost.pl\/kraj\/12424128\/afera-collegium-humanum-szymon-holownia-i-michal-kobosko-straca-immunitety.html\" rel=\"follow nofollow noopener\" data-schema=\"WPROST\" data-image=\"https:\/\/img.wprost.pl\/_thumb\/21\/b3\/7ed2432a4990489ff85625208d62.jpeg\" target=\"_blank\">Wniosek prokuratury pokrzy\u017cuje plany Ho\u0142owni? \u201eTrudno powo\u0142a\u0107 kogo\u015b takiego na\u00a0ministra\u201d<\/a>&#13;<\/p>\n","protected":false},"excerpt":{"rendered":"&#13; Nowy miesi\u0105c to\u00a0tak\u017ce nowe spekulacje na\u00a0temat przysz\u0142o\u015bci Szymona Ho\u0142owni. W\u00a0rozmowach z\u00a0portalem RadioZet.pl politycy koalicji rz\u0105dz\u0105cej nie\u00a0wykluczaj\u0105 powrotu&hellip;\n","protected":false},"author":2,"featured_media":663917,"comment_status":"","ping_status":"","sticky":false,"template":"","format":"standard","meta":{"footnotes":"","_share_on_mastodon":"0"},"categories":[62713],"tags":[1345,49,59734,907,331,3753,50529,9384,43315],"class_list":["post-663916","post","type-post","status-publish","format-standard","has-post-thumbnail","category-donald-tusk","tag-donald-tusk","tag-kraj","tag-opinie-i-komentarze","tag-polityka","tag-polska-2050","tag-powrot","tag-rekonstrukcja-rzadu","tag-szymon-holownia","tag-wprost"],"share_on_mastodon":{"url":"https:\/\/pubeurope.com\/@pl\/117205118920474855","error":""},"_links":{"self":[{"href":"https:\/\/www.europesays.com\/pl\/wp-json\/wp\/v2\/posts\/663916","targetHints":{"allow":["GET"]}}],"collection":[{"href":"https:\/\/www.europesays.com\/pl\/wp-json\/wp\/v2\/posts"}],"about":[{"href":"https:\/\/www.europesays.com\/pl\/wp-json\/wp\/v2\/types\/post"}],"author":[{"embeddable":true,"href":"https:\/\/www.europesays.com\/pl\/wp-json\/wp\/v2\/users\/2"}],"replies":[{"embeddable":true,"href":"https:\/\/www.europesays.com\/pl\/wp-json\/wp\/v2\/comments?post=663916"}],"version-history":[{"count":0,"href":"https:\/\/www.europesays.com\/pl\/wp-json\/wp\/v2\/posts\/663916\/revisions"}],"wp:featuredmedia":[{"embeddable":true,"href":"https:\/\/www.europesays.com\/pl\/wp-json\/wp\/v2\/media\/663917"}],"wp:attachment":[{"href":"https:\/\/www.europesays.com\/pl\/wp-json\/wp\/v2\/media?parent=663916"}],"wp:term":[{"taxonomy":"category","embeddable":true,"href":"https:\/\/www.europesays.com\/pl\/wp-json\/wp\/v2\/categories?post=663916"},{"taxonomy":"post_tag","embeddable":true,"href":"https:\/\/www.europesays.com\/pl\/wp-json\/wp\/v2\/tags?post=663916"}],"curies":[{"name":"wp","href":"https:\/\/api.w.org\/{rel}","templated":true}]}}