{"id":663922,"date":"2026-09-03T04:08:12","date_gmt":"2026-09-03T04:08:12","guid":{"rendered":"https:\/\/www.europesays.com\/pl\/663922\/"},"modified":"2026-09-03T04:08:12","modified_gmt":"2026-09-03T04:08:12","slug":"prognoza-pogody-na-dzisiaj-03-09-dla-bialegostoku-sprawdz-szczegoly","status":"publish","type":"post","link":"https:\/\/www.europesays.com\/pl\/663922\/","title":{"rendered":"Prognoza pogody na dzisiaj (03.09) dla Bia\u0142egostoku. Sprawd\u017a szczeg\u00f3\u0142y"},"content":{"rendered":"<p><img decoding=\"async\" loading=\"eager\" fetchpriority=\"high\" class=\"atomsArticleGalleryImage__mainImg\" src=\"https:\/\/www.europesays.com\/pl\/wp-content\/uploads\/2026\/09\/il20260623_969928655_medium.jpg\" alt=\"B&#x119;dziemy mie&#x107; dzisiaj z&#x142;ot&#x105; polsk&#x105; jesie&#x144; w Bia&#x142;ymstoku? Sprawd&#x17A; prognoz&#x119; pogody na czwartek, 03.09\" width=\"1920\" height=\"1280\"\/><\/p>\n<p>\n        B\u0119dziemy mie\u0107 dzisiaj z\u0142ot\u0105 polsk\u0105 jesie\u0144 w Bia\u0142ymstoku? Sprawd\u017a prognoz\u0119 pogody na czwartek, 03.09<\/p>\n<p>          fot. Sam Edwards\/ Getty Images\n        <\/p>\n<p>Jaka b\u0119dzie dzisiaj pogoda w Bia\u0142ymstoku? Sprawdzili\u015bmy najbardziej aktualne prognozy pogody dla Twojej okolicy. Jaka b\u0119dzie pogoda w czwartek, 03.09? Jak sie ubra\u0107, by czu\u0107 sie dobrze zar\u00f3wno na zewn\u0105trz, jak i wewn\u0105trz budynk\u00f3w? Jaka b\u0119dzie temperatura dzisiaj w Bia\u0142ymstoku? Czy wiatr b\u0119dzie silny? Przekonaj si\u0119, sprawdzaj\u0105c poni\u017csz\u0105 prognoz\u0119 pogody na czwartek dla Bia\u0142egostoku.<\/p>\n","protected":false},"excerpt":{"rendered":"B\u0119dziemy mie\u0107 dzisiaj z\u0142ot\u0105 polsk\u0105 jesie\u0144 w Bia\u0142ymstoku? Sprawd\u017a prognoz\u0119 pogody na czwartek, 03.09 fot. Sam Edwards\/ Getty&hellip;\n","protected":false},"author":2,"featured_media":663923,"comment_status":"","ping_status":"","sticky":false,"template":"","format":"standard","meta":{"footnotes":"","_share_on_mastodon":"0"},"categories":[51614],"tags":[2151,101806,101807,42,38,40,39,41,1600],"class_list":["post-663922","post","type-post","status-publish","format-standard","has-post-thumbnail","category-bialystok","tag-bialystok","tag-meteo","tag-meteorologia","tag-pl","tag-poland","tag-polish","tag-polska","tag-polski","tag-prognoza-pogody"],"share_on_mastodon":{"url":"https:\/\/pubeurope.com\/@pl\/117205147059180657","error":""},"_links":{"self":[{"href":"https:\/\/www.europesays.com\/pl\/wp-json\/wp\/v2\/posts\/663922","targetHints":{"allow":["GET"]}}],"collection":[{"href":"https:\/\/www.europesays.com\/pl\/wp-json\/wp\/v2\/posts"}],"about":[{"href":"https:\/\/www.europesays.com\/pl\/wp-json\/wp\/v2\/types\/post"}],"author":[{"embeddable":true,"href":"https:\/\/www.europesays.com\/pl\/wp-json\/wp\/v2\/users\/2"}],"replies":[{"embeddable":true,"href":"https:\/\/www.europesays.com\/pl\/wp-json\/wp\/v2\/comments?post=663922"}],"version-history":[{"count":0,"href":"https:\/\/www.europesays.com\/pl\/wp-json\/wp\/v2\/posts\/663922\/revisions"}],"wp:featuredmedia":[{"embeddable":true,"href":"https:\/\/www.europesays.com\/pl\/wp-json\/wp\/v2\/media\/663923"}],"wp:attachment":[{"href":"https:\/\/www.europesays.com\/pl\/wp-json\/wp\/v2\/media?parent=663922"}],"wp:term":[{"taxonomy":"category","embeddable":true,"href":"https:\/\/www.europesays.com\/pl\/wp-json\/wp\/v2\/categories?post=663922"},{"taxonomy":"post_tag","embeddable":true,"href":"https:\/\/www.europesays.com\/pl\/wp-json\/wp\/v2\/tags?post=663922"}],"curies":[{"name":"wp","href":"https:\/\/api.w.org\/{rel}","templated":true}]}}