{"id":663936,"date":"2026-09-03T04:15:12","date_gmt":"2026-09-03T04:15:12","guid":{"rendered":"https:\/\/www.europesays.com\/pl\/663936\/"},"modified":"2026-09-03T04:15:12","modified_gmt":"2026-09-03T04:15:12","slug":"szanty-we-wroclawiu-rozpoczecie-sezonu-mechanicy-shanty-we-wroclawiu","status":"publish","type":"post","link":"https:\/\/www.europesays.com\/pl\/663936\/","title":{"rendered":"Szanty we Wroc\u0142awiu &#8211; rozpocz\u0119cie sezonu &#8211; MECHANICY SHANTY we Wroc\u0142awiu"},"content":{"rendered":"<p class=\"atomsHappeningContent__desc\">MECHANICY SHANTY i EKT-GDYNIA zagraj\u0105 na rozpocz\u0119cie wroc\u0142awskiego sezonu szantowego!<\/p>\n<p>Podobnie jak w ubieg\u0142ych latach zapraszamy do Starego Klasztoru na koncert rozpoczynaj\u0105cy sezon jesiennego \u015bpiewania szant w klubach.<\/p>\n<p>Pa\u017adziernik to miesi\u0105c, w kt\u00f3rym ko\u0144czymy rejsy dalekie i bliskie, zar\u00f3wno po morzach i oceanach, jak i po mazurskich jeziorach i wracamy do Wroc\u0142awia.<br \/>Aby p\u0142ynnie zmieni\u0107 sezon \u017ceglarski w sezon szantowego \u015bpiewania spotkamy si\u0119 w pi\u0105tek 2 pa\u017adziernika w Starym Klasztorze.<\/p>\n<p>W Sali Gotyckiej zagra sprawdzona ju\u017c ekipa koncertowa \u2013 Mechanicy Shanty oraz EKT \u2013 Gdynia.<br \/>Ten zestaw gwiazd gwarantuje najlepsz\u0105 szantow\u0105 zabaw\u0119 \u2013 mo\u017cna b\u0119dzie \u015bpiewa\u0107 i ta\u0144czy\u0107 do p\u00f3\u017aniej nocy, nie zabraknie te\u017c okazji do spotkania znajomych z wakacyjnych rejs\u00f3w i do powspominania \u017ceglarskich przyg\u00f3d.<\/p>\n<p>Bezpo\u015brednio po zako\u0144czeniu koncert\u00f3w gwiazd zapraszamy do nowo otwartej Piwnicy Starego Klasztoru na SZANTOWE AFTER PARTY, kt\u00f3re poprowadzi wroc\u0142awski zesp\u00f3\u0142 7 SPOSOB\u00d3W.<\/p>\n<p>Szanty we Wroc\u0142awiu &#8211; rozpocz\u0119cie sezonu<br \/>MECHANICY SHANTY<br \/>EKT &#8211; GDYNIA<\/p>\n","protected":false},"excerpt":{"rendered":"MECHANICY SHANTY i EKT-GDYNIA zagraj\u0105 na rozpocz\u0119cie wroc\u0142awskiego sezonu szantowego! Podobnie jak w ubieg\u0142ych latach zapraszamy do Starego&hellip;\n","protected":false},"author":2,"featured_media":663937,"comment_status":"","ping_status":"","sticky":false,"template":"","format":"standard","meta":{"footnotes":"","_share_on_mastodon":"0"},"categories":[51607],"tags":[6226,10195,10723,42,38,40,39,41,1853,22920],"class_list":["post-663936","post","type-post","status-publish","format-standard","has-post-thumbnail","category-wroclaw","tag-bilety","tag-impreza","tag-koncerty","tag-pl","tag-poland","tag-polish","tag-polska","tag-polski","tag-wroclaw","tag-wydarzenie"],"share_on_mastodon":{"url":"https:\/\/pubeurope.com\/@pl\/117205174007127846","error":""},"_links":{"self":[{"href":"https:\/\/www.europesays.com\/pl\/wp-json\/wp\/v2\/posts\/663936","targetHints":{"allow":["GET"]}}],"collection":[{"href":"https:\/\/www.europesays.com\/pl\/wp-json\/wp\/v2\/posts"}],"about":[{"href":"https:\/\/www.europesays.com\/pl\/wp-json\/wp\/v2\/types\/post"}],"author":[{"embeddable":true,"href":"https:\/\/www.europesays.com\/pl\/wp-json\/wp\/v2\/users\/2"}],"replies":[{"embeddable":true,"href":"https:\/\/www.europesays.com\/pl\/wp-json\/wp\/v2\/comments?post=663936"}],"version-history":[{"count":0,"href":"https:\/\/www.europesays.com\/pl\/wp-json\/wp\/v2\/posts\/663936\/revisions"}],"wp:featuredmedia":[{"embeddable":true,"href":"https:\/\/www.europesays.com\/pl\/wp-json\/wp\/v2\/media\/663937"}],"wp:attachment":[{"href":"https:\/\/www.europesays.com\/pl\/wp-json\/wp\/v2\/media?parent=663936"}],"wp:term":[{"taxonomy":"category","embeddable":true,"href":"https:\/\/www.europesays.com\/pl\/wp-json\/wp\/v2\/categories?post=663936"},{"taxonomy":"post_tag","embeddable":true,"href":"https:\/\/www.europesays.com\/pl\/wp-json\/wp\/v2\/tags?post=663936"}],"curies":[{"name":"wp","href":"https:\/\/api.w.org\/{rel}","templated":true}]}}