{"id":663944,"date":"2026-09-03T04:20:14","date_gmt":"2026-09-03T04:20:14","guid":{"rendered":"https:\/\/www.europesays.com\/pl\/663944\/"},"modified":"2026-09-03T04:20:14","modified_gmt":"2026-09-03T04:20:14","slug":"filharmonia-narodowa-koncert-symfoniczny-w-warszawie","status":"publish","type":"post","link":"https:\/\/www.europesays.com\/pl\/663944\/","title":{"rendered":"Filharmonia Narodowa \/ koncert symfoniczny w Warszawie"},"content":{"rendered":"<p class=\"atomsHappeningContent__desc\">Wykonawcy:<br \/>&#8211; Orkiestra Filharmonii Narodowej;<br \/>&#8211; Markus Stenz &#8211; dyrygent;<br \/>&#8211; Simone Lamsma &#8211; skrzypce.<\/p>\n<p>Program koncertu:<br \/>&#8211; Jean Sibelius<br \/>Koncert skrzypcowy d-moll op. 47 [31&#8242;];<br \/>&#8211; Arnold Sch\u00f6nberg<br \/>Poemat symfoniczny Peleas i Melizanda op. 5 [46&#8242;].<\/p>\n<p>Tw\u00f3rczo\u015b\u0107 najwi\u0119kszego fi\u0144skiego kompozytora Jeana Sibeliusa zajmuje miejsce odr\u0119bne w muzyce prze\u0142omu XIX i XX wieku przez sw\u00f3j oryginalny styl, w kt\u00f3rym cechy romantyczne (z widoczn\u0105 sk\u0142onno\u015bci\u0105 eksperymentatorsk\u0105) dope\u0142nia ciemny koloryt i typ elegijnej nastrojowo\u015bci, identyfikowany jako idiom muzyki skandynawskiej. Powsta\u0142y w latach 1903\u20131905 Koncert skrzypcowy d-moll jest pod tym wzgl\u0119dem jednym z najciekawszych i najbardziej reprezentatywnych dzie\u0142. Jego koncepcja zasadza si\u0119 na uderzaj\u0105cym wr\u0119cz kontra\u015bcie instrumentu solowego i orkiestry. Mocno eksponowana i technicznie wymagaj\u0105ca partia skrzypiec nawi\u0105zuje do idei wirtuozowskiego koncertu romantycznego, podczas gdy orkiestra traktowana jest symfonicznie, a w jej masywnym brzmieniu dominuje ponury odcie\u0144 niskich rejestr\u00f3w. <\/p>\n<p>Poemat symfoniczny Peleas i Melizanda Arnolda Sch\u00f6nberga \u0142\u0105czy z Koncertem Sibeliusa ten sam rok powstania \u2013 czas prze\u0142omu, kt\u00f3ry dla wielkiego nowatora muzycznego, jakim niebawem okaza\u0142 si\u0119 Sch\u00f6nberg, sta\u0142 si\u0119 punktem zwrotnym w niejasn\u0105 jeszcze wtedy stron\u0119 awangardy. Sch\u00f6nberg czu\u0142 si\u0119 w romantycznej konwencji ju\u017c wyra\u017anie ograniczony nie tylko technicznie, ale przede wszystkim emocjonalnie, a s\u0142ynny dramat Maurice\u2019a Maeterlincka o niejasnym, symbolicznym przes\u0142aniu, kt\u00f3ry jest fabularn\u0105 kanw\u0105 dla jego poematu, stwarza\u0142 pretekst do muzycznego wyra\u017cenia w spos\u00f3b gwa\u0142towny i niepohamowany mrocznych uczu\u0107, kt\u00f3re przekracza\u0142y normy dotychczasowego j\u0119zyka. Muzyka wzbiera wi\u0119c tu i eksploduje z nieznan\u0105 dot\u0105d si\u0142\u0105, staj\u0105c si\u0119 zaczynem nowego, ekspresjonistycznego \u015bwiata d\u017awi\u0119kowej wyobra\u017ani.<br \/>[Robert Losiak]<\/p>\n","protected":false},"excerpt":{"rendered":"Wykonawcy:&#8211; Orkiestra Filharmonii Narodowej;&#8211; Markus Stenz &#8211; dyrygent;&#8211; Simone Lamsma &#8211; skrzypce. Program koncertu:&#8211; Jean SibeliusKoncert skrzypcowy d-moll&hellip;\n","protected":false},"author":2,"featured_media":663945,"comment_status":"","ping_status":"","sticky":false,"template":"","format":"standard","meta":{"footnotes":"","_share_on_mastodon":"0"},"categories":[51605],"tags":[6226,10195,10723,42,38,40,39,41,435,22920],"class_list":["post-663944","post","type-post","status-publish","format-standard","has-post-thumbnail","category-warszawa","tag-bilety","tag-impreza","tag-koncerty","tag-pl","tag-poland","tag-polish","tag-polska","tag-polski","tag-warszawa","tag-wydarzenie"],"share_on_mastodon":{"url":"https:\/\/pubeurope.com\/@pl\/117205193396671543","error":""},"_links":{"self":[{"href":"https:\/\/www.europesays.com\/pl\/wp-json\/wp\/v2\/posts\/663944","targetHints":{"allow":["GET"]}}],"collection":[{"href":"https:\/\/www.europesays.com\/pl\/wp-json\/wp\/v2\/posts"}],"about":[{"href":"https:\/\/www.europesays.com\/pl\/wp-json\/wp\/v2\/types\/post"}],"author":[{"embeddable":true,"href":"https:\/\/www.europesays.com\/pl\/wp-json\/wp\/v2\/users\/2"}],"replies":[{"embeddable":true,"href":"https:\/\/www.europesays.com\/pl\/wp-json\/wp\/v2\/comments?post=663944"}],"version-history":[{"count":0,"href":"https:\/\/www.europesays.com\/pl\/wp-json\/wp\/v2\/posts\/663944\/revisions"}],"wp:featuredmedia":[{"embeddable":true,"href":"https:\/\/www.europesays.com\/pl\/wp-json\/wp\/v2\/media\/663945"}],"wp:attachment":[{"href":"https:\/\/www.europesays.com\/pl\/wp-json\/wp\/v2\/media?parent=663944"}],"wp:term":[{"taxonomy":"category","embeddable":true,"href":"https:\/\/www.europesays.com\/pl\/wp-json\/wp\/v2\/categories?post=663944"},{"taxonomy":"post_tag","embeddable":true,"href":"https:\/\/www.europesays.com\/pl\/wp-json\/wp\/v2\/tags?post=663944"}],"curies":[{"name":"wp","href":"https:\/\/api.w.org\/{rel}","templated":true}]}}