{"id":663946,"date":"2026-09-03T04:21:10","date_gmt":"2026-09-03T04:21:10","guid":{"rendered":"https:\/\/www.europesays.com\/pl\/663946\/"},"modified":"2026-09-03T04:21:10","modified_gmt":"2026-09-03T04:21:10","slug":"ewa-beata-ossowska-koncert-chopinowski-w-warszawie","status":"publish","type":"post","link":"https:\/\/www.europesays.com\/pl\/663946\/","title":{"rendered":"Ewa Beata Ossowska \/ Koncert chopinowski w Warszawie"},"content":{"rendered":"<p class=\"atomsHappeningContent__desc\">Program koncertu:<br \/>*Fryderyk Chopin (1810-1849):<br \/>&#8211; Etiuda c-moll op. 10 nr 12<br \/>&#8211; 2 Mazurki op. 24<br \/>g-moll nr 1<br \/>b-moll nr 4<br \/>&#8211; Fantaisie-Impromptu cis-moll op. 66<br \/>&#8211; Scherzo b-moll op. 31<br \/>&#8211; 5 Preludi\u00f3w op. 28<br \/>c-moll nr 20<br \/>B-dur nr 21<br \/>g-moll nr 22<br \/>F-dur nr 23<br \/>d-moll nr 24<br \/>&#8211; Grande Valse Brillante in F major op. 34 nr 3<br \/>&#8211; Walc e-moll op. posth<br \/>&#8211; Polonez As-dur op. 53.<br \/>Ewa Beata Ossowska \u2013 pianistka \u2013 uko\u0144czy\u0142a z wyr\u00f3\u017cnieniem PSM II st. Im. J\u00f3zefa Elsnera w Warszawie i Akademi\u0119 Muzyczn\u0105 im. Fryderyka Chopina w Warszawie. Studia podyplomowe odby\u0142a jako stypendystka rz\u0105du francuskiego w Ecole Normale de Musique de Paris (1998-1999).<br \/>Pracowa\u0142a pod kierunkiem profesor\u00f3w: Macieja Poliszewskiego, J\u00f3zefa Stompla, Kazimierza Gier\u017coda i Siergieja Markarowa. Bra\u0142a udzia\u0142 w wielu mi\u0119dzynarodowych kursach mistrzowskich prowadzonych m. in. przez Jerome Rose`a (USA), Lee Kum Singa (Kanada), Wiktora Mier\u017canowa (Rosja), Lazara Bermana (W\u0142ochy).<\/p>\n<p>Rozwija szerok\u0105 dzia\u0142alno\u015b\u0107 artystyczn\u0105 jako solistka i kameralistka wyst\u0119puj\u0105c w kraju i za granic\u0105. Koncertowa\u0142a we Francji (Theatre Du Renard, Theatre de L\u2019Alliance Francaise, Salle Pleyel &#8211; Chopin, Instytut Polski, Cite des Arts, Auditorium Saint Germain-des-Pres), we W\u0142oszech (Florencja \u2013 Galeria Sztuki Wsp\u00f3\u0142czesnej \u2013 La Sfacciata), w Niemczech (m.in. recitale na \u015bwiatowej wystawie EXPO 2000 w Hanowerze w Pawilonie Polskim). Jako jedyna Polka zosta\u0142a te\u017c zaproszona do presti\u017cowego recitalu w Pawilonie Unii Europejskiej. Wyst\u0119powa\u0142a na Bia\u0142orusi, Ukrainie (Festiwal \u201eGwiazdy Planety\u201d \u2013 Ja\u0142ta, Filharmonia Narodowa \u2013 Kij\u00f3w), w Rosji, S\u0142owenii (Nowa Goritza \u2013 zaproszenie Konsula Honorowego RP), w Macedonii (Skopie \u2013 Galeria Narodowa, Filharmonia Narodowa), w Holandii i w Belgii (Aula Uniwersytetu Gandawskiego). Jako solistka wsp\u00f3\u0142pracowa\u0142a z wybitnymi dyrygentami \u2013 mi\u0119dzy innymi \u0141ukaszem Borowiczem, Arkadijem Feldmanem i Janem Mi\u0142oszem Zarzyckim, graj\u0105c z Narodow\u0105 Orkiestr\u0105 Filharmonii Kijowskiej, Narodow\u0105 Orkiestr\u0105 Kaliningradzk\u0105 i Narodow\u0105 Orkiestr\u0105 Filharmonii Macedo\u0144skiej. W Polsce wyst\u0119puje mi\u0119dzy innymi w \u017belazowej Woli (miejscu urodzin Fryderyka Chopina) i w Warszawie w \u0141azienkach Kr\u00f3lewskich (Pa\u0142ac na Wodzie, Pa\u0142ac My\u015blewicki, Teatr Stanis\u0142awowski, Stara Pomara\u0144czarnia, Teatr na Wyspie), w Zamku Ostrogskich, na Zamku Kr\u00f3lewskim i w Pa\u0142acyku Szustra. Wyst\u0119powa\u0142a te\u017c w Filharmonii Kieleckiej, Pa\u0142acu w Radziejowicach, Pa\u0142acu w Jab\u0142onnej, Pa\u0142acu J\u00f3zefa Brandta w Oro\u0144sku i wielu innych salach koncertowych.<\/p>\n","protected":false},"excerpt":{"rendered":"Program koncertu:*Fryderyk Chopin (1810-1849):&#8211; Etiuda c-moll op. 10 nr 12&#8211; 2 Mazurki op. 24g-moll nr 1b-moll nr 4&#8211;&hellip;\n","protected":false},"author":2,"featured_media":663947,"comment_status":"","ping_status":"","sticky":false,"template":"","format":"standard","meta":{"footnotes":"","_share_on_mastodon":"0"},"categories":[51605],"tags":[6226,10195,10723,42,38,40,39,41,435,22920],"class_list":["post-663946","post","type-post","status-publish","format-standard","has-post-thumbnail","category-warszawa","tag-bilety","tag-impreza","tag-koncerty","tag-pl","tag-poland","tag-polish","tag-polska","tag-polski","tag-warszawa","tag-wydarzenie"],"share_on_mastodon":{"url":"https:\/\/pubeurope.com\/@pl\/117205197308173246","error":""},"_links":{"self":[{"href":"https:\/\/www.europesays.com\/pl\/wp-json\/wp\/v2\/posts\/663946","targetHints":{"allow":["GET"]}}],"collection":[{"href":"https:\/\/www.europesays.com\/pl\/wp-json\/wp\/v2\/posts"}],"about":[{"href":"https:\/\/www.europesays.com\/pl\/wp-json\/wp\/v2\/types\/post"}],"author":[{"embeddable":true,"href":"https:\/\/www.europesays.com\/pl\/wp-json\/wp\/v2\/users\/2"}],"replies":[{"embeddable":true,"href":"https:\/\/www.europesays.com\/pl\/wp-json\/wp\/v2\/comments?post=663946"}],"version-history":[{"count":0,"href":"https:\/\/www.europesays.com\/pl\/wp-json\/wp\/v2\/posts\/663946\/revisions"}],"wp:featuredmedia":[{"embeddable":true,"href":"https:\/\/www.europesays.com\/pl\/wp-json\/wp\/v2\/media\/663947"}],"wp:attachment":[{"href":"https:\/\/www.europesays.com\/pl\/wp-json\/wp\/v2\/media?parent=663946"}],"wp:term":[{"taxonomy":"category","embeddable":true,"href":"https:\/\/www.europesays.com\/pl\/wp-json\/wp\/v2\/categories?post=663946"},{"taxonomy":"post_tag","embeddable":true,"href":"https:\/\/www.europesays.com\/pl\/wp-json\/wp\/v2\/tags?post=663946"}],"curies":[{"name":"wp","href":"https:\/\/api.w.org\/{rel}","templated":true}]}}