{"id":663948,"date":"2026-09-03T04:22:09","date_gmt":"2026-09-03T04:22:09","guid":{"rendered":"https:\/\/www.europesays.com\/pl\/663948\/"},"modified":"2026-09-03T04:22:09","modified_gmt":"2026-09-03T04:22:09","slug":"wynik-marzen-dla-aryny-sabalenki-w-us-open-wystarczyly-53-minuty","status":"publish","type":"post","link":"https:\/\/www.europesays.com\/pl\/663948\/","title":{"rendered":"Wynik marze\u0144 dla Aryny Sabalenki w US Open. Wystarczy\u0142y 53 minuty"},"content":{"rendered":"<p>Ci, kt\u00f3rzy poczuli si\u0119 zachwyceni poziomem meczu Huberta Hurkacza z Benem Sheltonem na korcie centralnym, nie mogli spodziewa\u0107 si\u0119 podobnych emocji w starciu Aryny Sabalenki z Polin\u0105 Jacenko. Rosjanka pochodz\u0105ca z Murma\u0144ska zajmuje dopiero 160. miejsce w rankingu WTA, przedzieraj\u0105c si\u0119 do g\u0142\u00f3wnej drabinki US Open poprzez kwalifikacje.<\/p>\n<p>Dalszy ci\u0105g artyku\u0142u pod materia\u0142em wideo<\/p>\n<p>Sw\u00f3j cel minimum spe\u0142ni\u0142a z du\u017c\u0105 nadwy\u017ck\u0105, bo w pierwszej rundzie do\u0142o\u017cy\u0142a trzysetow\u0105 wygran\u0105 nad Renat\u0105 Zarazu\u0105. Ale nie by\u0142o w\u0105tpliwo\u015bci, \u017ce przeciwko liderce rankingu poziom p\u00f3jdzie znacz\u0105co w g\u00f3r\u0119.<\/p>\n<p><a href=\"https:\/\/przegladsportowy.onet.pl\/\" title=\"Strona g\u0142\u00f3wna serwisu\" aria-label=\"Strona g\u0142\u00f3wna serwisu\" data-astro-prefetch=\"tap\" class=\"ods-a-logo-main-desktop\" rel=\"nofollow noopener\" target=\"_blank\"><img src=\"https:\/\/cdn.przegladsportowy.onet.pl\/img\/Logo_desktop_Onet.svg\" class=\"ods-a-logo-main-desktop__image\" alt=\"Logo\" width=\"107\" height=\"60\" fetchpriority=\"high\" decoding=\"sync\" style=\"height:60px\"\/><\/a><\/p>\n<p class=\"ods-m-google-article__text\">Czytaj nas cz\u0119\u015bciej w Google<\/p>\n<p><a href=\"https:\/\/google.com\/preferences\/source?q=przegladsportowy.onet.pl\" target=\"_blank\" rel=\"noopener noreferrer nofollow\" aria-label=\"Dodaj w Google\" title=\"Dodaj w Google\" class=\"ods-a-button ods-a-button__primary ods-a-button__default ods-a-button-l\">Dodaj w Google<\/a><\/p>\n<p>I tak te\u017c by\u0142o. Dominacja Aryny Sabalenki na korcie nie podlega\u0142a dyskusji od pocz\u0105tku do ko\u0144ca. Liderka rankingu WTA wyst\u0119puje w Nowym Jorku, licz\u0105c si\u0119 z wielk\u0105 presj\u0105, bo ka\u017cda wpadka mo\u017ce odebra\u0107 jej pierwsze miejsce w rankingu. Do tego ostatnie miesi\u0105ce w jej wykonaniu nie sta\u0142y na najwy\u017cszym poziomie. Daleko by\u0142o jej do formy, jak\u0105 pokazywa\u0142a podczas Sunshine Double w Indian Wells i Miami. Ale dzi\u015b i tak r\u00f3\u017cnica klas by\u0142a widoczna jak na d\u0142oni.<\/p>\n<p>Jacenko sta\u0107 by\u0142o tylko na jednego gema wygranego ju\u017c pod koniec pierwszego seta, przy prowadzeniu Aryny Sabalenki 5:0. Serwis z pewno\u015bci\u0105 nie by\u0142 atutem Rosjanki, regularnie &#8222;nadziewa\u0142a si\u0119&#8221; na skuteczne winnery z return\u00f3w w wykonaniu faworytki. Wynik 6:1 po pierwszym secie dobrze odzwierciedla\u0142 to, co dzia\u0142o si\u0119 na korcie.<\/p>\n<p>Zaskoczy\u0107 mog\u0142o jedynie to, \u017ce przy wyniku 3:0 w drugiej partii Sabalenka zanotowa\u0142a seri\u0119 b\u0142\u0119d\u00f3w, kt\u00f3ra oznacza\u0142a prze\u0142amanie na korzy\u015b\u0107 Jacenko. C\u00f3\u017c jednak z tego, skoro w kolejnym gemie nie wygra\u0142a cho\u0107by jednego punktu.<\/p>\n<p>Dalszych emocji ju\u017c si\u0119 nie doczekali\u015bmy. Po wygranej 6:1, 6:1 Aryna Sabalenka mo\u017ce ju\u017c my\u015ble\u0107 o meczu trzeciej rundy US Open. Tam powinno by\u0107 ju\u017c du\u017co trudniej, bo na obro\u0144czyni\u0119 tytu\u0142u czeka znacznie bardziej do\u015bwiadczona Kami\u0142a Rachimowa.<\/p>\n<p>Aryna Sabalenka \u2014 Polina Jacenko 6:1, 6:1<\/p>\n","protected":false},"excerpt":{"rendered":"Ci, kt\u00f3rzy poczuli si\u0119 zachwyceni poziomem meczu Huberta Hurkacza z Benem Sheltonem na korcie centralnym, nie mogli spodziewa\u0107&hellip;\n","protected":false},"author":2,"featured_media":663949,"comment_status":"","ping_status":"","sticky":false,"template":"","format":"standard","meta":{"footnotes":"","_share_on_mastodon":"0"},"categories":[24],"tags":[128289,1352,61195,48,46,42,38,40,39,41,47,127,126,156,22568,157],"class_list":["post-663948","post","type-post","status-publish","format-standard","has-post-thumbnail","category-sport","tag-adshield_tst0","tag-aryna_sabalenka","tag-bottomfeed_styl","tag-nat_styl","tag-omp","tag-pl","tag-poland","tag-polish","tag-polska","tag-polski","tag-screening_general","tag-sport","tag-sports","tag-tenis","tag-us_open","tag-wta"],"share_on_mastodon":{"url":"https:\/\/pubeurope.com\/@pl\/117205202225448376","error":""},"_links":{"self":[{"href":"https:\/\/www.europesays.com\/pl\/wp-json\/wp\/v2\/posts\/663948","targetHints":{"allow":["GET"]}}],"collection":[{"href":"https:\/\/www.europesays.com\/pl\/wp-json\/wp\/v2\/posts"}],"about":[{"href":"https:\/\/www.europesays.com\/pl\/wp-json\/wp\/v2\/types\/post"}],"author":[{"embeddable":true,"href":"https:\/\/www.europesays.com\/pl\/wp-json\/wp\/v2\/users\/2"}],"replies":[{"embeddable":true,"href":"https:\/\/www.europesays.com\/pl\/wp-json\/wp\/v2\/comments?post=663948"}],"version-history":[{"count":0,"href":"https:\/\/www.europesays.com\/pl\/wp-json\/wp\/v2\/posts\/663948\/revisions"}],"wp:featuredmedia":[{"embeddable":true,"href":"https:\/\/www.europesays.com\/pl\/wp-json\/wp\/v2\/media\/663949"}],"wp:attachment":[{"href":"https:\/\/www.europesays.com\/pl\/wp-json\/wp\/v2\/media?parent=663948"}],"wp:term":[{"taxonomy":"category","embeddable":true,"href":"https:\/\/www.europesays.com\/pl\/wp-json\/wp\/v2\/categories?post=663948"},{"taxonomy":"post_tag","embeddable":true,"href":"https:\/\/www.europesays.com\/pl\/wp-json\/wp\/v2\/tags?post=663948"}],"curies":[{"name":"wp","href":"https:\/\/api.w.org\/{rel}","templated":true}]}}