{"id":663964,"date":"2026-09-03T04:30:50","date_gmt":"2026-09-03T04:30:50","guid":{"rendered":"https:\/\/www.europesays.com\/pl\/663964\/"},"modified":"2026-09-03T04:30:50","modified_gmt":"2026-09-03T04:30:50","slug":"nawrocki-nagrany-w-sprawie-zondacrypto-palac-zabiera-glos","status":"publish","type":"post","link":"https:\/\/www.europesays.com\/pl\/663964\/","title":{"rendered":"Nawrocki nagrany w sprawie Zondacrypto? Pa\u0142ac zabiera g\u0142os"},"content":{"rendered":"<p>\u2014 Ja si\u0119, panie redaktorze, u\u015bmiecham, bo to s\u0105 po prostu bzdury \u2014 oznajmi\u0142 Rafa\u0142 Le\u015bkiewicz, pytany o rzekome ta\u015bmy z udzia\u0142em Karola Nawrockiego. Rzecznik oskar\u017cy\u0142 \u015brodowisko Koalicji Obywatelskiej o celowe rozpowszechnianie takich informacji.<\/p>\n<p>Le\u015bkiewicz zapewni\u0142 r\u00f3wnie\u017c, \u017ce Karol Nawrocki nie mia\u0142 zwi\u0105zk\u00f3w z dzia\u0142alno\u015bci\u0105 bran\u017cy kryptowalutowej: \u2014 W \u017caden spos\u00f3b nie by\u0142 zwi\u0105zany ani z rynkiem kryptowalut, ani w og\u00f3le z kwestiami dotycz\u0105cymi funkcjonowania tego rynku w Polsce \u2014 podkre\u015bli\u0142.<\/p>\n<p><a href=\"https:\/\/www.onet.pl\/\" title=\"Strona G\u0142\u00f3wna\" aria-label=\"Strona G\u0142\u00f3wna\" data-astro-prefetch=\"tap\" class=\"ods-a-logo-main-desktop\" rel=\"nofollow noopener\" target=\"_blank\"><img src=\"https:\/\/cdn.wiadomosci.onet.pl\/img\/Logo_desktop_Onet.svg\" class=\"ods-a-logo-main-desktop__image\" alt=\"Logo\" width=\"107\" height=\"60\" fetchpriority=\"high\" decoding=\"sync\" style=\"height:60px\"\/><\/a><\/p>\n<p class=\"ods-m-google-article__text\">Czytaj nas cz\u0119\u015bciej w Google<\/p>\n<p><a href=\"https:\/\/google.com\/preferences\/source?q=wiadomosci.onet.pl\" target=\"_blank\" rel=\"noopener noreferrer nofollow\" aria-label=\"Dodaj w Google\" title=\"Dodaj w Google\" class=\"ods-a-button ods-a-button__primary ods-a-button__default ods-a-button-l\">Dodaj w Google<\/a>O co dok\u0142adnie chodzi w aferze Zondacrypto [WYJA\u015aNIAMY]<img class=\"ods-a-photo ods-a-photo--background\" src=\"https:\/\/www.europesays.com\/pl\/wp-content\/uploads\/2026\/09\/1788409849_559_qKuk9lBaHR0cHM6Ly9vY2RuLmV1L3B1bHNjbXMvTURBXy8wMTUwMTFjZTA1ZmRmYTE1YzJiMmJiNTBlOGU2YmM0OS5qcGeRlQLNA.jpeg\" height=\"254\" width=\"450\" alt=\"Przemys\u0142aw Kral\" loading=\"lazy\" fetchpriority=\"low\" decoding=\"async\"\/>Rzecznik prezydenta wskazuje na Romana Giertycha<\/p>\n<p>Rzecznik prezydenta przeszed\u0142 nast\u0119pnie do kontrataku i przekonywa\u0142, \u017ce jednym z najwa\u017cniejszych problem\u00f3w zwi\u0105zanych z afer\u0105 Zondacrypto jest rola Romana Giertycha.<\/p>\n<p>Le\u015bkiewicz zwr\u00f3ci\u0142 uwag\u0119 na fakt, \u017ce polityk KO jest jednocze\u015bnie obro\u0144c\u0105 szefa gie\u0142dy Przemys\u0142awa Krala. Zdaniem rzecznika prezydenta w\u0142a\u015bnie ta sytuacja powinna znajdowa\u0107 si\u0119 w centrum zainteresowania opinii publicznej.<\/p>\n<p>Dalszy ci\u0105g artyku\u0142u pod materia\u0142em wideoPa\u0142ac: Zondacrypto to nie afera jednego \u015brodowiska<\/p>\n<p>We wcze\u015bniejszej cz\u0119\u015bci rozmowy rzecznik prezydenta zakwestionowa\u0142 tak\u017ce narracj\u0119, wed\u0142ug kt\u00f3rej sprawa Zondacrypto dotyczy przede wszystkim \u015brodowisk prawicowych.<\/p>\n<p>Jak przekonywa\u0142, w wydarzeniach sponsorowanych przez firm\u0119 w latach 2024-2025 uczestniczyli r\u00f3wnie\u017c wysocy rang\u0105 politycy Koalicji Obywatelskiej.<\/p>\n","protected":false},"excerpt":{"rendered":"\u2014 Ja si\u0119, panie redaktorze, u\u015bmiecham, bo to s\u0105 po prostu bzdury \u2014 oznajmi\u0142 Rafa\u0142 Le\u015bkiewicz, pytany o&hellip;\n","protected":false},"author":2,"featured_media":663965,"comment_status":"","ping_status":"","sticky":false,"template":"","format":"standard","meta":{"footnotes":"","_share_on_mastodon":"0"},"categories":[62712],"tags":[61195,690,43,49,15327,48,46,4412,47,17994],"class_list":["post-663964","post","type-post","status-publish","format-standard","has-post-thumbnail","category-karol-nawrocki","tag-bottomfeed_styl","tag-karol-nawrocki","tag-karol_nawrocki","tag-kraj","tag-kryptowaluta","tag-nat_styl","tag-omp","tag-roman_giertych","tag-screening_general","tag-zondacrypto"],"share_on_mastodon":{"url":"https:\/\/pubeurope.com\/@pl\/117205236687137075","error":""},"_links":{"self":[{"href":"https:\/\/www.europesays.com\/pl\/wp-json\/wp\/v2\/posts\/663964","targetHints":{"allow":["GET"]}}],"collection":[{"href":"https:\/\/www.europesays.com\/pl\/wp-json\/wp\/v2\/posts"}],"about":[{"href":"https:\/\/www.europesays.com\/pl\/wp-json\/wp\/v2\/types\/post"}],"author":[{"embeddable":true,"href":"https:\/\/www.europesays.com\/pl\/wp-json\/wp\/v2\/users\/2"}],"replies":[{"embeddable":true,"href":"https:\/\/www.europesays.com\/pl\/wp-json\/wp\/v2\/comments?post=663964"}],"version-history":[{"count":0,"href":"https:\/\/www.europesays.com\/pl\/wp-json\/wp\/v2\/posts\/663964\/revisions"}],"wp:featuredmedia":[{"embeddable":true,"href":"https:\/\/www.europesays.com\/pl\/wp-json\/wp\/v2\/media\/663965"}],"wp:attachment":[{"href":"https:\/\/www.europesays.com\/pl\/wp-json\/wp\/v2\/media?parent=663964"}],"wp:term":[{"taxonomy":"category","embeddable":true,"href":"https:\/\/www.europesays.com\/pl\/wp-json\/wp\/v2\/categories?post=663964"},{"taxonomy":"post_tag","embeddable":true,"href":"https:\/\/www.europesays.com\/pl\/wp-json\/wp\/v2\/tags?post=663964"}],"curies":[{"name":"wp","href":"https:\/\/api.w.org\/{rel}","templated":true}]}}