{"id":663978,"date":"2026-09-03T04:42:33","date_gmt":"2026-09-03T04:42:33","guid":{"rendered":"https:\/\/www.europesays.com\/pl\/663978\/"},"modified":"2026-09-03T04:42:33","modified_gmt":"2026-09-03T04:42:33","slug":"kluczowe-wiesci-w-lechu-poznan-zawodnik-wypada-na-kilka-tygodni","status":"publish","type":"post","link":"https:\/\/www.europesays.com\/pl\/663978\/","title":{"rendered":"Kluczowe wie\u015bci w Lechu Pozna\u0144! Zawodnik wypada na kilka tygodni"},"content":{"rendered":"<p><img decoding=\"async\" data-not-lazy=\"\" alt=\"Kluczowe wie\u015bci w Lechu Pozna\u0144! Zawodnik wypada na kilka tygodni - Zdj\u0119cie g\u0142\u00f3wne\" style=\"object-fit:cover;object-position:center;position:absolute;left:0;top:0;width:100%;height:100%;\" src=\"https:\/\/www.europesays.com\/pl\/wp-content\/uploads\/2026\/09\/4668f42d-418d-486a-ba71-ebb8ab1294de.webp\"\/><\/p>\n<p>Autor: Kacper Paterski | Opis: Nie jest to dobra wiadomo\u015b\u0107 dla Lecha Pozna\u0144! W najbli\u017cszym czasie musi poradzi\u0107 sobie bez swojego wychowanka<\/p>\n<p>Lech Pozna\u0144 wkracza w kolejny etap sezonu ju\u017c po zako\u0144czeniu eliminacji europejskich puchar\u00f3w. W najbli\u017cszych dniach podopiecznych Nielsa Frederiksena czekaj\u0105 wymagaj\u0105ce mecze z Jagielloni\u0105 Bia\u0142ystok i Rakowem Cz\u0119stochowa.<\/p>\n<p>W ostatnim czasie trener nie m\u00f3g\u0142 skorzysta\u0107 z kilku wa\u017cnych zawodnik\u00f3w &#8211; problemy zdrowotne dotkn\u0119\u0142y m.in. Mikaela Ishaka, Leo Bengtssona, a tak\u017ce Daniela Hakansa. Sytuacja w ich przypadku nie jest jednak dramatyczna i trener Kolejorza na konferencji prasowej m\u00f3g\u0142 przekaza\u0107 dobre wiadomo\u015bci.<\/p>\n<p>Wa\u017cni zawodnicy wracaj\u0105 do gry<\/p>\n<p>Najwi\u0119ksz\u0105 uwag\u0119 kibic\u00f3w przyci\u0105ga oczywi\u015bcie Mikael Ishak. Kapitan Lecha dozna\u0142 urazu podczas rewan\u017cowego spotkania z KI Klaksv\u00edk w eliminacjach Ligi Europy. Szwed musia\u0142 opu\u015bci\u0107 boisko jeszcze przed przerw\u0105, a przeprowadzone p\u00f3\u017aniej badanie wykaza\u0142o uszkodzenie mi\u0119\u015bnia dwug\u0142owego. Klub przewidywa\u0142 oko\u0142o trzech tygodni przerwy.<\/p>\n<p>Jego rehabilitacja przebiega zgodnie z pierwotnym planem i jak potwierdzi\u0142 trener, Szwed jest ju\u017c w ko\u0144cowej fazie powrotu do pe\u0142nej dyspozycji. Oznacza to, \u017ce znajdzie si\u0119 w kadrze meczowej na najbli\u017csze spotkanie z Jagielloni\u0105, cho\u0107 trudno przewidzie\u0107, w jakim wymiarze czasowym mo\u017ce pojawi\u0107 si\u0119 na boisku.<\/p>\n<p>W pe\u0142ni si\u0142 s\u0105 tak\u017ce Leo Bengtsson i Joao Moutinho. Obaj gracze w ostatnich tygodniach zmagali si\u0119 z urazami stopy. Szwed przed dwumeczem z FC Thun pracowa\u0142 indywidualne, a ju\u017c tydzie\u0144 p\u00f3\u017aniej kontynuowa\u0142 treningi z reszt\u0105 zespo\u0142u, za\u015b Portugalczyk, cho\u0107 czeka\u0142 na zielone \u015bwiat\u0142o do powrotu troch\u0119 d\u0142u\u017cej, to \u0107wiczy ju\u017c z zespo\u0142em przy pe\u0142nym obci\u0105\u017ceniu. Zawodnicy b\u0119d\u0105 brani pod uwag\u0119 przy ustalaniu sk\u0142adu na nadchodz\u0105cy mecz.\u00a0<\/p>\n<p>Warto wspomnie\u0107 te\u017c o sytuacji Daniela Hakansa. Zawodnik ju\u017c w pierwszej po\u0142owie rewan\u017cowego meczu z FC Thun opu\u015bci\u0142 boisko i nie znalaz\u0142 si\u0119 w kadrze meczowej na ligowe spotkanie z Widzewem. Uraz w jego przypadku okaza\u0142 si\u0119 niegro\u017any i powinien by\u0107 gotowy na powr\u00f3t ju\u017c w nast\u0119pnym tygodniu. Reprezentant Finlandii obecnie trenuje indywidualnie.<\/p>\n<p>Kluczowy zawodnik Lecha nie zagra przez nast\u0119pne kilka tygodni<\/p>\n<p>Niestety, przy tylu dobrych wiadomo\u015bciach, nie zabrak\u0142o te\u017c tych negatywnych. Niels Frederiksen potwierdzi\u0142, \u017ce w najbli\u017cszym czasie nie b\u0119dzie m\u00f3g\u0142 skorzysta\u0107 z Antoniego Kozubala.\u00a0<\/p>\n<p>&#8211; W ko\u0144c\u00f3wce meczu z Widzewem urazu kostki nabawi\u0142 si\u0119 Antoni Kozubal i nie b\u0119dzie go z nami przez najbli\u017csze 4-6 tygodni. To sprawia, \u017ce spodziewamy si\u0119 go po przerwie na mecze reprezentacyjne &#8211; przekaza\u0142 szkoleniowiec Kolejorza na konferencji prasowej.<\/p>\n<p>Nie da si\u0119 ukry\u0107, \u017ce w tym momencie cieszy powr\u00f3t do zdrowia Filipa Jagie\u0142\u0142y oraz transfer Gustava Berggrena, kt\u00f3rzy b\u0119d\u0105 mogli zast\u0105pi\u0107 wychowanka w tak kluczowych spotkaniach jak najbli\u017csze mecze z Jagielloni\u0105, Rakowem, czy Crystal Palace w Lidze Europy.<\/p>\n<p><img decoding=\"async\" data-not-lazy=\"\" alt=\"Jakub Kowalski - zdj\u0119cie autora\" class=\"rounded-circle article__author--image\" src=\"https:\/\/www.europesays.com\/pl\/wp-content\/uploads\/2026\/09\/1788410553_579_9c8c4aef-e682-4da8-92d8-13910106dd94.jpeg\"\/><a href=\"https:\/\/sportowy-poznan.pl\/autor\/PG5rLj9Gyn0BgDFdaNgt\" rel=\"nofollow noopener\" target=\"_blank\">Jakub Kowalski<\/a><\/p>\n<p>Od dziecka zakochany w wielu dyscyplinach sportu. Najlepiej odnajduje si\u0119 na pi\u0142karskim boisku i przed tarcz\u0105 do darta. Zim\u0105 z zapartym tchem \u015bledzi poczynania skoczk\u00f3w narciarskich. Z portalem \u201eSportowy Pozna\u0144\u201d zwi\u0105zany od pocz\u0105tku 2026 roku. W przesz\u0142o\u015bci publikowa\u0142 na \u0142amach Wirtualnej Polski oraz \u201eG\u0142osu Wielkopolskiego\u201d.<\/p>\n","protected":false},"excerpt":{"rendered":"Autor: Kacper Paterski | Opis: Nie jest to dobra wiadomo\u015b\u0107 dla Lecha Pozna\u0144! W najbli\u017cszym czasie musi poradzi\u0107&hellip;\n","protected":false},"author":2,"featured_media":663979,"comment_status":"","ping_status":"","sticky":false,"template":"","format":"standard","meta":{"footnotes":"","_share_on_mastodon":"0"},"categories":[51609],"tags":[215,5240,1750,2573,42,38,40,39,41,1817],"class_list":["post-663978","post","type-post","status-publish","format-standard","has-post-thumbnail","category-poznan","tag-lech-poznan","tag-liga-europy","tag-niels-frederiksen","tag-pko-bp-ekstraklasa","tag-pl","tag-poland","tag-polish","tag-polska","tag-polski","tag-poznan"],"share_on_mastodon":{"url":"https:\/\/pubeurope.com\/@pl\/117205280811273377","error":""},"_links":{"self":[{"href":"https:\/\/www.europesays.com\/pl\/wp-json\/wp\/v2\/posts\/663978","targetHints":{"allow":["GET"]}}],"collection":[{"href":"https:\/\/www.europesays.com\/pl\/wp-json\/wp\/v2\/posts"}],"about":[{"href":"https:\/\/www.europesays.com\/pl\/wp-json\/wp\/v2\/types\/post"}],"author":[{"embeddable":true,"href":"https:\/\/www.europesays.com\/pl\/wp-json\/wp\/v2\/users\/2"}],"replies":[{"embeddable":true,"href":"https:\/\/www.europesays.com\/pl\/wp-json\/wp\/v2\/comments?post=663978"}],"version-history":[{"count":0,"href":"https:\/\/www.europesays.com\/pl\/wp-json\/wp\/v2\/posts\/663978\/revisions"}],"wp:featuredmedia":[{"embeddable":true,"href":"https:\/\/www.europesays.com\/pl\/wp-json\/wp\/v2\/media\/663979"}],"wp:attachment":[{"href":"https:\/\/www.europesays.com\/pl\/wp-json\/wp\/v2\/media?parent=663978"}],"wp:term":[{"taxonomy":"category","embeddable":true,"href":"https:\/\/www.europesays.com\/pl\/wp-json\/wp\/v2\/categories?post=663978"},{"taxonomy":"post_tag","embeddable":true,"href":"https:\/\/www.europesays.com\/pl\/wp-json\/wp\/v2\/tags?post=663978"}],"curies":[{"name":"wp","href":"https:\/\/api.w.org\/{rel}","templated":true}]}}