{"id":663984,"date":"2026-09-03T04:45:10","date_gmt":"2026-09-03T04:45:10","guid":{"rendered":"https:\/\/www.europesays.com\/pl\/663984\/"},"modified":"2026-09-03T04:45:10","modified_gmt":"2026-09-03T04:45:10","slug":"boska-w-krakowie-krakow-nasze-miasto-2","status":"publish","type":"post","link":"https:\/\/www.europesays.com\/pl\/663984\/","title":{"rendered":"Boska w Krakowie | Krak\u00f3w Nasze Miasto"},"content":{"rendered":"<p class=\"atomsHappeningContent__desc\">Przesz\u0142a do historii jako Boska! Czarowa\u0142a g\u0142osem, ka\u017cdy chcia\u0142 j\u0105 us\u0142ysze\u0107, widzowie i s\u0142uchacze wype\u0142niali po brzegi sale Carnegie Hall&#8230; A ona, rado\u015bnie fa\u0142szuj\u0105c, rozkoszowa\u0142a si\u0119 swoim brakiem talentu, albo wiar\u0105, w to, czego B\u00f3g jej posk\u0105pi\u0142. Bogata ekscentryczka, Florence Foster Jenkins, bo o niej mowa, nie mia\u0142a ani s\u0142uchu, ani g\u0142osu, ale kto bogatemu zabroni spe\u0142nia\u0107 najbardziej nawet szalone marzenia? Jej si\u0119 to uda\u0142o! P\u0142yty z wykonanymi najgorszej \u015bpiewaczki \u015bwiata sprzedawane s\u0105 do dzisiaj na ca\u0142ym \u015bwiecie.<br \/>Zapraszamy na s\u0142odko-gorzk\u0105 komedi\u0119 brytyjskiego dramatopisarza Petera Quiltera i spotkanie z t\u0105 niepowtarzaln\u0105, barwn\u0105 postaci\u0105, kt\u00f3rej brak talentu nie przeszkodzi\u0142 w zrobieniu mi\u0119dzynarodowej kariery.<\/p>\n<p>Re\u017cyser: Robert Talarczyk<\/p>\n<p>Obsada: Marta Bizo\u0144 jako Florence Foster Jenkins, Tadeusz \u0141omnicki jako St Clair, Robert Ratuszny jako Cosme Mcmoon, Roksana Lewak jako Maria, Beata Schimscheiner jako Dorothy, Jagoda Pietruszk\u00f3wna jako Pani Verindah-Gedge.<\/p>\n<p>Autor: Peter Quilter<br \/>Przek\u0142ad: El\u017cbieta Wo\u017aniak<br \/>Data premiery: 2021-02-20<br \/>Gatunek: komedia<br \/>Scenografia: Katarzyna Borkowska<br \/>\u015awiat\u0142o: Katarzyna Borkowska<br \/>Kostiumy: Katarzyna Borkowska<\/p>\n","protected":false},"excerpt":{"rendered":"Przesz\u0142a do historii jako Boska! Czarowa\u0142a g\u0142osem, ka\u017cdy chcia\u0142 j\u0105 us\u0142ysze\u0107, widzowie i s\u0142uchacze wype\u0142niali po brzegi sale&hellip;\n","protected":false},"author":2,"featured_media":663985,"comment_status":"","ping_status":"","sticky":false,"template":"","format":"standard","meta":{"footnotes":"","_share_on_mastodon":"0"},"categories":[51606],"tags":[6226,10195,1304,42,38,40,39,41,8812,22920],"class_list":["post-663984","post","type-post","status-publish","format-standard","has-post-thumbnail","category-krakow","tag-bilety","tag-impreza","tag-krakow","tag-pl","tag-poland","tag-polish","tag-polska","tag-polski","tag-spektakle","tag-wydarzenie"],"share_on_mastodon":{"url":"https:\/\/pubeurope.com\/@pl\/117205292692813197","error":""},"_links":{"self":[{"href":"https:\/\/www.europesays.com\/pl\/wp-json\/wp\/v2\/posts\/663984","targetHints":{"allow":["GET"]}}],"collection":[{"href":"https:\/\/www.europesays.com\/pl\/wp-json\/wp\/v2\/posts"}],"about":[{"href":"https:\/\/www.europesays.com\/pl\/wp-json\/wp\/v2\/types\/post"}],"author":[{"embeddable":true,"href":"https:\/\/www.europesays.com\/pl\/wp-json\/wp\/v2\/users\/2"}],"replies":[{"embeddable":true,"href":"https:\/\/www.europesays.com\/pl\/wp-json\/wp\/v2\/comments?post=663984"}],"version-history":[{"count":0,"href":"https:\/\/www.europesays.com\/pl\/wp-json\/wp\/v2\/posts\/663984\/revisions"}],"wp:featuredmedia":[{"embeddable":true,"href":"https:\/\/www.europesays.com\/pl\/wp-json\/wp\/v2\/media\/663985"}],"wp:attachment":[{"href":"https:\/\/www.europesays.com\/pl\/wp-json\/wp\/v2\/media?parent=663984"}],"wp:term":[{"taxonomy":"category","embeddable":true,"href":"https:\/\/www.europesays.com\/pl\/wp-json\/wp\/v2\/categories?post=663984"},{"taxonomy":"post_tag","embeddable":true,"href":"https:\/\/www.europesays.com\/pl\/wp-json\/wp\/v2\/tags?post=663984"}],"curies":[{"name":"wp","href":"https:\/\/api.w.org\/{rel}","templated":true}]}}