{"id":664004,"date":"2026-09-03T05:02:12","date_gmt":"2026-09-03T05:02:12","guid":{"rendered":"https:\/\/www.europesays.com\/pl\/664004\/"},"modified":"2026-09-03T05:02:12","modified_gmt":"2026-09-03T05:02:12","slug":"tv-republika-nie-wplacila-rocznej-raty-za-koncesje-uruchomiono-zbiorke-wprost","status":"publish","type":"post","link":"https:\/\/www.europesays.com\/pl\/664004\/","title":{"rendered":"TV Republika nie wp\u0142aci\u0142a rocznej raty za koncesj\u0119. Uruchomiono zbi\u00f3rk\u0119 \u2013 Wprost"},"content":{"rendered":"\n<p>&#13;<br \/>\nWe wtorek 1\u00a0wrze\u015bnia 2026\u00a0r. min\u0105\u0142 termin przelania na\u00a0konto Krajowej Rady Radiofonii i\u00a0Telewizji kolejnej raty za\u00a0koncesj\u0119. Jak podaje \u201eGazeta Wyborcza\u201d TV Republika powinna wp\u0142aci\u0107 2\u00a0043 718,10 z\u0142. W\u00a0\u015brod\u0119 departament Bud\u017cetu i\u00a0Finans\u00f3w KRRiT podczas posiedzenia poinformowa\u0142 cz\u0142onk\u00f3w organu o\u00a0braku przelewu ze\u00a0strony stacji Tomasza Sakiewicza. Je\u015bli pieni\u0105dze nie\u00a0wp\u0142yn\u0105 to\u00a0Telewizja Republika dostanie wezwanie do\u00a0zap\u0142aty. &#13;\n<\/p>\n<p>TV Republika znowu nie\u00a0zap\u0142aci\u0142a za\u00a0koncesj\u0119. Oburzenie po\u00a0zarzutach stacji Sakiewicza<\/p>\n<p>&#13;<br \/>\nZostanie ono uznane za\u00a0dor\u0119czone, gdyby nie\u00a0zosta\u0142o odebrane dwa razy. Kolejnym krokiem b\u0119dzie wyst\u0105pienie o\u00a0egzekucj\u0119 d\u0142ugu, co\u00a0mo\u017ce doprowadzi\u0107 do\u00a0zablokowania kont stacji. Z\u00a0racji op\u00f3\u017anienia TV Republika b\u0119dzie musia\u0142a doliczy\u0107 do\u00a0rachunku 400 tys. z\u0142 odsetek. Krajowa Rada Radiofonii i\u00a0Telewizji wyrazi\u0142a oburzenie oskar\u017ceniami stacji dotycz\u0105cymi n\u0119kania. &#13;\n<\/p>\n<p>&#13;<br \/>\n\u2013 Sprzeciwiamy si\u0119 tym oskar\u017ceniom, \u017ce\u00a0dzia\u0142amy przeciwko TV Republika, w\u00a0kwestii koncesji wszystkich traktujemy tak samo \u2013\u00a0przekonywa\u0142 prof. Tadeusz Kowalski. We\u00a0wtorek o\u00a0godz. 22.40 podczas drugiej cz\u0119\u015bci programu magazynu satyrycznego \u201ePiachem w\u00a0tryby\u201d widzowie stacji Sakiewicza mogli zobaczy\u0107 znaczek, kt\u00f3ry informowa\u0142 o\u00a0tym, \u017ce\u00a0stacja \u201ezbiera \u015brodki na\u00a0op\u0142at\u0119 koncesyjn\u0105\u201d. W\u00a0\u015brod\u0119 wieczorem pasek post\u0119pu pokazywa\u0142, \u017ce\u00a0zebrano trzy proc. &#13;\n<\/p>\n<p>TV Republika ma\u00a0kolejne k\u0142opoty z\u00a0koncesj\u0105. Uruchomiono zbi\u00f3rk\u0119<\/p>\n<p>&#13;<br \/>\n\u2013 Donald Tusk ma\u00a0nadziej\u0119, \u017ce\u00a0nie uda si\u0119 nam zebra\u0107 na\u00a0t\u0119 koncesj\u0119. A\u00a0jak nie\u00a0zbierzemy, Tusk osi\u0105gnie sw\u00f3j cel, b\u0119dziemy mieli mniejsze zasi\u0119gi. Tusk b\u0119dzie w\u00a0si\u00f3dmym niebie \u2013\u00a0podkre\u015blono w\u00a0\u015brod\u0119 na\u00a0antenie stacji. Problem z\u00a0<a href=\"https:\/\/www.wprost.pl\/kraj\/12263421\/chaos-ws-koncesji-tv-republika-prezes-tomasz-sakiewicz-o-uderzeniu-w-stacje.html\" target=\"_blank\" rel=\"nofollow noopener\">koncesj\u0105 Telewizji Republika<\/a> nie\u00a0jest nowy i\u00a0by\u0142o o\u00a0nim g\u0142o\u015bno w\u00a0pierwszych miesi\u0105cach tego roku. W\u00f3wczas w\u00a0KRRiT nie\u00a0uda\u0142o si\u0119 przeg\u0142osowa\u0107 wniosku, aby\u00a0stacji roz\u0142o\u017cono na\u00a0raty miesi\u0119czne roczn\u0105 rat\u0119 za\u00a0koncesj\u0119. &#13;\n<\/p>\n<p>&#13;<br \/>\n   Czytaj te\u017c:<br \/><a href=\"https:\/\/www.wprost.pl\/kraj\/12428316\/tv-republika-rusza-z-castingiem-na-nowych-reporterow-znamy-szczegoly.html\" rel=\"follow nofollow noopener\" data-schema=\"WPROST\" data-image=\"https:\/\/img.wprost.pl\/_thumb\/1e\/4e\/de40c96a3d6efdde12699ff00b10.jpeg\" target=\"_blank\">Jest szansa na\u00a0do\u0142\u0105czenie do\u00a0TV Republika. Szukaj\u0105 kogo\u015b, kto \u201enie boi si\u0119 zadawa\u0107 trudnych pyta\u0144\u201d<\/a>   Czytaj te\u017c:<br \/><a href=\"https:\/\/www.wprost.pl\/kraj\/12427680\/lubelski-urzad-marszalkowski-ogranicza-wspolprace-z-tv-republika.html\" rel=\"follow nofollow noopener\" data-schema=\"WPROST\" data-image=\"https:\/\/img.wprost.pl\/_thumb\/74\/bc\/07a838b1be8d3b1d5d7475c8e8af.jpeg\" target=\"_blank\">Umowy za\u00a0692 tys. zamiast milion\u00f3w. TV Republika ma\u00a0problem<\/a>&#13;<\/p>\n","protected":false},"excerpt":{"rendered":"&#13; We wtorek 1\u00a0wrze\u015bnia 2026\u00a0r. min\u0105\u0142 termin przelania na\u00a0konto Krajowej Rady Radiofonii i\u00a0Telewizji kolejnej raty za\u00a0koncesj\u0119. Jak podaje&hellip;\n","protected":false},"author":2,"featured_media":664005,"comment_status":"","ping_status":"","sticky":false,"template":"","format":"standard","meta":{"footnotes":"","_share_on_mastodon":"0"},"categories":[62713],"tags":[1345,11270,49,52592,75161,224,284,43315,17315],"class_list":["post-664004","post","type-post","status-publish","format-standard","has-post-thumbnail","category-donald-tusk","tag-donald-tusk","tag-koncesja","tag-kraj","tag-krystian-winogrodzki","tag-rata","tag-telewizja","tag-tv-republika","tag-wprost","tag-zbiorka"],"share_on_mastodon":{"url":"https:\/\/pubeurope.com\/@pl\/117205358622081516","error":""},"_links":{"self":[{"href":"https:\/\/www.europesays.com\/pl\/wp-json\/wp\/v2\/posts\/664004","targetHints":{"allow":["GET"]}}],"collection":[{"href":"https:\/\/www.europesays.com\/pl\/wp-json\/wp\/v2\/posts"}],"about":[{"href":"https:\/\/www.europesays.com\/pl\/wp-json\/wp\/v2\/types\/post"}],"author":[{"embeddable":true,"href":"https:\/\/www.europesays.com\/pl\/wp-json\/wp\/v2\/users\/2"}],"replies":[{"embeddable":true,"href":"https:\/\/www.europesays.com\/pl\/wp-json\/wp\/v2\/comments?post=664004"}],"version-history":[{"count":0,"href":"https:\/\/www.europesays.com\/pl\/wp-json\/wp\/v2\/posts\/664004\/revisions"}],"wp:featuredmedia":[{"embeddable":true,"href":"https:\/\/www.europesays.com\/pl\/wp-json\/wp\/v2\/media\/664005"}],"wp:attachment":[{"href":"https:\/\/www.europesays.com\/pl\/wp-json\/wp\/v2\/media?parent=664004"}],"wp:term":[{"taxonomy":"category","embeddable":true,"href":"https:\/\/www.europesays.com\/pl\/wp-json\/wp\/v2\/categories?post=664004"},{"taxonomy":"post_tag","embeddable":true,"href":"https:\/\/www.europesays.com\/pl\/wp-json\/wp\/v2\/tags?post=664004"}],"curies":[{"name":"wp","href":"https:\/\/api.w.org\/{rel}","templated":true}]}}