{"id":664006,"date":"2026-09-03T05:03:14","date_gmt":"2026-09-03T05:03:14","guid":{"rendered":"https:\/\/www.europesays.com\/pl\/664006\/"},"modified":"2026-09-03T05:03:14","modified_gmt":"2026-09-03T05:03:14","slug":"nawrocki-zaakceptuje-wniosek-msz-mimo-jakosci-fotografii","status":"publish","type":"post","link":"https:\/\/www.europesays.com\/pl\/664006\/","title":{"rendered":"Nawrocki zaakceptuje wniosek MSZ. &#8222;Mimo jako\u015bci fotografii&#8221;"},"content":{"rendered":"\n<p>&#13;<br \/>\nSzef prezydenckiego Biura Polityki Mi\u0119dzynarodowej Marcin Przydacz zwr\u00f3ci\u0142 si\u0119 za\u00a0po\u015brednictwem platformy X do\u00a0ministra spraw zagranicznych Rados\u0142awa Sikorskiego. &#8222;Panie Ministrze, je\u015bli pyta Pan o\u00a0opini\u0119 Prezydenta RP w\u00a0sprawie kandydata na\u00a0stanowisko kierownika plac\u00f3wki, to\u00a0uprzejma pro\u015bba, aby\u00a0nast\u0119pnym razem wyra\u017ca\u0142 si\u0119 Pan nieco ja\u015bniej. Podpowied\u017a na\u00a0przysz\u0142o\u015b\u0107: za\u0142\u0105czana kopia zdj\u0119cia kandydata nie\u00a0powinna by\u0107 wykonywana technik\u0105 chiaroscuro&#8221; \u2013\u00a0napisa\u0142. Do\u00a0wpisu do\u0142\u0105czy\u0142 zdj\u0119cie dokumentu. &#13;\n<\/p>\n<p>&#13;<br \/>\nChiaroscuro to\u00a0technika, kt\u00f3ra polega na\u00a0u\u017cyciu silnych kontrast\u00f3w mi\u0119dzy \u015bwiat\u0142em a\u00a0cieniem. W\u00a0malarstwie i\u00a0rysunku termin ten jest cz\u0119sto stosowany zamiennie ze\u00a0&#8222;\u015bwiat\u0142ocieniem&#8221;. &#13;\n<\/p>\n<p>Wymiana uszczypliwo\u015bci i\u00a0deklaracja Przydacza<\/p>\n<p>&#13;<br \/>\nPrzydaczowi odpowiedzia\u0142 rzecznik MSZ Maciej Wewi\u00f3r. &#8222;Dobrze, \u017ce\u00a0publicznie potwierdza Pan, \u017ce\u00a0MSZ konsultuje z\u00a0Prezydentem kandydatury na\u00a0kierownik\u00f3w plac\u00f3wek. Dokumenty wychodz\u0105ce z\u00a0MSZ s\u0105 zupe\u0142nie innej jako\u015bci, nawet papier mamy inny. Prosz\u0119 skontrolowa\u0107 w\u0142asne kserokopiarki i\u00a0obieg dokumentacji w\u00a0Kancelarii Prezydenta&#8221; \u2013\u00a0wezwa\u0142. &#13;\n<\/p>\n<p>&#13;<br \/>\n&#8222;Pr\u00f3bujemy si\u0119 domy\u015bla\u0107, o\u00a0kogo mo\u017ce Panu chodzi\u0107. By\u0107 mo\u017ce jest to\u00a0osoba, kt\u00f3rej kandydatura zosta\u0142a wycofana 9\u00a0miesi\u0119cy temu, ale\u00a0to\u00a0nie najlepiej \u015bwiadczy\u0142oby o\u00a0sprawno\u015bci KPRP. Aby\u00a0w\u00a0pe\u0142ni wyja\u015bni\u0107 spraw\u0119, bardzo prosimy o\u00a0przekazanie tych dokument\u00f3w do\u00a0MSZ \u2013\u00a0wyja\u015bnimy to\u00a0do\u00a0samego spodu. Je\u015bli problemem w\u00a0powo\u0142aniu danej osoby jest jako\u015b\u0107 zdj\u0119cia w\u00a0dokumentach, kt\u00f3re przygotowa\u0142a Panu Kancelaria, to\u00a0bardzo prosimy o\u00a0wskazanie, o\u00a0kogo dok\u0142adnie chodzi \u2013\u00a0ch\u0119tnie wy\u015blemy je\u00a0raz jeszcze&#8221; \u2013\u00a0podkre\u015bli\u0142. &#13;\n<\/p>\n<p>&#13;<br \/>\nNa reakcj\u0119 Marcina Przydacza nie\u00a0trzeba by\u0142o d\u0142ugo czeka\u0107. &#8222;Pud\u0142o. Nad niczym tam nie\u00a0panujecie, nawet nad tym co\u00a0i\u00a0komu wysy\u0142acie. To\u00a0jak Pa\u0144stwo chcecie panowa\u0107 nad polityk\u0105 zagraniczn\u0105 wa\u017cnego pa\u0144stwa? Podpowiem Panom, bo\u00a0s\u0142ysz\u0119, \u017ce\u00a0mimo pop\u0142ochu w\u00a0Gmachu \u2013\u00a0nadal nie\u00a0wiecie o\u00a0co chodzi. Pismo zosta\u0142o podpisane z\u00a0upowa\u017cnienia Ministra Spraw Zagranicznych i\u00a0nadane 27 sierpnia bie\u017c\u0105cego roku. Nie\u00a09 miesi\u0119cy temu. Jako\u015b\u0107 za\u0142\u0105cznika \u2013\u00a0jak na\u00a0fotografii. Nawet pewnie Wam si\u0119 nie\u00a0chcia\u0142o sprawdzi\u0107 co\u00a0w\u00a0nim jest&#8221; \u2013\u00a0stwierdzi\u0142. &#13;\n<\/p>\n<p>&#13;<br \/>\n&#8222;Ale zaskocz\u0119 Pana. Na\u00a0to\u00a0pismo MSZ dostanie jutro odpowied\u017a. Prezydent RP nie\u00a0zg\u0142asza uwag do\u00a0tej osoby. Mimo kompromituj\u0105co s\u0142abej jako\u015bci fotografii, osoba wskazana w\u00a0dokumencie jest godna pe\u0142nienia funkcji ambasadora i\u00a0Pan Prezydent z\u00a0przyjemno\u015bci\u0105 przyjmie od\u00a0niej listy uwierzytelniaj\u0105ce w\u00a0uzgodnionym terminie&#8221; \u2013\u00a0poinformowa\u0142 prezydencki minister. &#8222;Ale wida\u0107, \u017ce\u00a0chaos jest Waszym drugim imieniem&#8221; \u2013\u00a0doda\u0142. &#13;\n<\/p>\n<p>Sp\u00f3r o\u00a0ambasador\u00f3w<\/p>\n<p>&#13;<br \/>\nSp\u00f3r dotycz\u0105cy obsady plac\u00f3wek dyplomatycznych rozpocz\u0105\u0142 si\u0119 w\u00a0marcu 2024\u00a0r. Szef MSZ Rados\u0142aw Sikorski zdecydowa\u0142 w\u00f3wczas o\u00a0<a href=\"https:\/\/dorzeczy.pl\/kraj\/561504\/msz-minister-sikorski-zdecydowal-o-odwolaniu-ponad-50-ambasadorow.html\" rel=\"nofollow noopener\" target=\"_blank\">zako\u0144czeniu misji<\/a> przez ponad 50 ambasador\u00f3w oraz\u00a0wycofaniu kilkunastu kandydatur przedstawionych przez poprzednie kierownictwo resortu. &#13;\n<\/p>\n<p>&#13;<br \/>\nW grudniu ub.r. Sikorski przedstawi\u0142 prezydentowi Karolowi Nawrockiemu propozycj\u0119 dotycz\u0105c\u0105 obsady 100 stanowisk ambasadorskich. 10 ambasador\u00f3w mia\u0142oby wskaza\u0107 MSZ, 10 \u2013\u00a0prezydent, a\u00a0pozosta\u0142ych 80 mia\u0142oby by\u0107 zawodowymi dyplomatami spoza politycznego rozdania. &#13;\n<\/p>\n<p>&#13;<br \/>\nPod koniec stycznia br. Nawrocki i\u00a0Sikorski spotkali si\u0119 w\u00a0Pa\u0142acu Prezydenckim. Jednym z\u00a0temat\u00f3w rozmowy by\u0142y nominacje ambasadorskie. Przed spotkaniem Sikorski m\u00f3wi\u0142 o\u00a042 wnioskach oczekuj\u0105cych na\u00a0podpis prezydenta. &#13;\n<\/p>\n<p>&#13;<br \/>\nMarcin Przydacz z\u00a0Kancelarii Prezydenta twierdzi\u0142 p\u00f3\u017aniej, \u017ce\u00a0porozumienie Nawrockiego i\u00a0Sikorskiego w\u00a0sprawie ambasador\u00f3w <a href=\"https:\/\/dorzeczy.pl\/opinie\/912466\/spor-o-ambasadorow-przydacz-tusk-zablokowal-porozumienie-nawrockiego-z-msz.html\" rel=\"nofollow noopener\" target=\"_blank\">zablokowa\u0142<\/a> premier Donald Tusk. &#13;\n<\/p>\n<p>&#13;<br \/>\n   Czytaj te\u017c:<br \/><a href=\"https:\/\/dorzeczy.pl\/opinie\/934207\/wojna-o-ambasadorow-sikorski-ostro-uderza-w-prezydenta-nawrockiego.html\" rel=\"follow nofollow noopener\" data-schema=\"DORZECZY\" data-image=\"https:\/\/img.dorzeczy.pl\/_thumb\/e6\/dd\/efaf29exxca36e548b658xxb39fb.jpeg\" target=\"_blank\">Sikorski wraca do\u00a0sprawy ambasador\u00f3w i\u00a0uderza w\u00a0Nawrockiego: Jeszcze nie\u00a0jest kr\u00f3lem<\/a>&#13;<\/p>\n","protected":false},"excerpt":{"rendered":"&#13; Szef prezydenckiego Biura Polityki Mi\u0119dzynarodowej Marcin Przydacz zwr\u00f3ci\u0142 si\u0119 za\u00a0po\u015brednictwem platformy X do\u00a0ministra spraw zagranicznych Rados\u0142awa Sikorskiego.&hellip;\n","protected":false},"author":2,"featured_media":664007,"comment_status":"","ping_status":"","sticky":false,"template":"","format":"standard","meta":{"footnotes":"","_share_on_mastodon":"0"},"categories":[62712],"tags":[2248,662,98,690,49,1162,1315,103,1005,1850,100786],"class_list":["post-664006","post","type-post","status-publish","format-standard","has-post-thumbnail","category-karol-nawrocki","tag-ambasador","tag-dawid-sienkowski","tag-dorzeczy","tag-karol-nawrocki","tag-kraj","tag-msz","tag-nawrocki","tag-obserwator-mediow","tag-prezydent","tag-przydacz","tag-wewior"],"share_on_mastodon":{"url":"https:\/\/pubeurope.com\/@pl\/117205362435842473","error":""},"_links":{"self":[{"href":"https:\/\/www.europesays.com\/pl\/wp-json\/wp\/v2\/posts\/664006","targetHints":{"allow":["GET"]}}],"collection":[{"href":"https:\/\/www.europesays.com\/pl\/wp-json\/wp\/v2\/posts"}],"about":[{"href":"https:\/\/www.europesays.com\/pl\/wp-json\/wp\/v2\/types\/post"}],"author":[{"embeddable":true,"href":"https:\/\/www.europesays.com\/pl\/wp-json\/wp\/v2\/users\/2"}],"replies":[{"embeddable":true,"href":"https:\/\/www.europesays.com\/pl\/wp-json\/wp\/v2\/comments?post=664006"}],"version-history":[{"count":0,"href":"https:\/\/www.europesays.com\/pl\/wp-json\/wp\/v2\/posts\/664006\/revisions"}],"wp:featuredmedia":[{"embeddable":true,"href":"https:\/\/www.europesays.com\/pl\/wp-json\/wp\/v2\/media\/664007"}],"wp:attachment":[{"href":"https:\/\/www.europesays.com\/pl\/wp-json\/wp\/v2\/media?parent=664006"}],"wp:term":[{"taxonomy":"category","embeddable":true,"href":"https:\/\/www.europesays.com\/pl\/wp-json\/wp\/v2\/categories?post=664006"},{"taxonomy":"post_tag","embeddable":true,"href":"https:\/\/www.europesays.com\/pl\/wp-json\/wp\/v2\/tags?post=664006"}],"curies":[{"name":"wp","href":"https:\/\/api.w.org\/{rel}","templated":true}]}}