{"id":664026,"date":"2026-09-03T05:22:08","date_gmt":"2026-09-03T05:22:08","guid":{"rendered":"https:\/\/www.europesays.com\/pl\/664026\/"},"modified":"2026-09-03T05:22:08","modified_gmt":"2026-09-03T05:22:08","slug":"emigranci-ocenili-panstwa-ktore-miejsce-zajela-polska-niemcy-na-przedostatniej-pozycji-wprost","status":"publish","type":"post","link":"https:\/\/www.europesays.com\/pl\/664026\/","title":{"rendered":"Emigranci ocenili pa\u0144stwa. Kt\u00f3re miejsce zaj\u0119\u0142a Polska? Niemcy na przedostatniej pozycji \u2013 Wprost"},"content":{"rendered":"\n<p>&#13;<br \/>\nS\u0105 wyniki nowego raportu Expat Insider 2026. Wzi\u0119\u0142o w\u00a0nim udzia\u0142 niemal 7,8 tys. emigrant\u00f3w (w tym ekspat\u00f3w, czyli wysoko wykwalifikowanych specjalist\u00f3w, kt\u00f3rzy zdecydowali si\u0119 opu\u015bci\u0107 ojczyzn\u0119) ze\u00a0162 pa\u0144stw. &#13;\n<\/p>\n<p>&#13;<br \/>\nGrupa respondent\u00f3w wype\u0142ni\u0142a ankiet\u0119 internetow\u0105 i\u00a0wskaza\u0142a \u2013\u00a0w\u00a0ich opinii \u2013\u00a0najlepsze miejsce na\u00a0Ziemi. &#13;\n<\/p>\n<p>&#13;<br \/>\nZnajduje si\u0119 ono w\u00a0Ameryce Centralnej. &#13;\n<\/p>\n<p>Emigranci ocenili pa\u0144stwa, nie\u00a0brakuje zaskocze\u0144. Niemcy na\u00a0przedostatnim miejscu<\/p>\n<p>&#13;<br \/>\nZdaniem wielu emigrant\u00f3w to\u00a0Panama le\u017c\u0105ca na\u00a0przesmyku \u0142\u0105cz\u0105cym Ameryk\u0119 P\u00f3\u0142nocn\u0105 i\u00a0Po\u0142udniow\u0105 jest rajem do\u00a0\u017cycia. Oferuje \u015bwietne warunki rozwoju zawodowego i\u00a0wysokie pensje. 90 proc. ankietowanych twierdzi, \u017ce\u00a0otrzymuje wynagrodzenie wystarczaj\u0105ce do\u00a0spe\u0142niania czego\u015b wi\u0119cej ni\u017c\u00a0podstawowe potrzeby. &#13;\n<\/p>\n<p>&#13;<br \/>\nDalej robi si\u0119 jeszcze ciekawiej, bowiem za\u00a0Panam\u0105 w\u00a0rankingu uplasowa\u0142 si\u0119 Meksyk i\u00a0Tajlandia. W\u00a0pierwszym przypadku emigranci zwracaj\u0105 uwag\u0119 na\u00a0warto\u015bci, kt\u00f3rymi kieruj\u0105 si\u0119 mieszka\u0144cy (s\u0105 niezwykle go\u015bcinni), a\u00a0w\u00a0drugim \u2013\u00a0na\u00a0\u201eog\u00f3lny poziom zadowolenia\u201d. Przeci\u0119tny emigrant nie\u00a0musi mie\u0107 grubego portfela, by\u00a0\u017cy\u0107 tam dobrze (uwag\u0119 zwracaj\u0105 m.in. ceny mieszka\u0144 na\u00a0wynajem, kt\u00f3re s\u0105 niskie), a\u00a0w\u00a0razie problem\u00f3w zdrowotnych mog\u0105 liczy\u0107 na\u00a0wykwalifikowana pomoc (ochrona zdrowia jest tam wed\u0142ug nich na\u00a0bardzo wysokim poziomie). &#13;\n<\/p>\n<p>&#13;<br \/>\nDla Polak\u00f3w ciekawostk\u0105 mog\u0105 by\u0107 Niemcy, kt\u00f3re zaj\u0119\u0142y przedostatnie miejsce. Emigranci uwa\u017caj\u0105 s\u0105siad\u00f3w za\u00a0niezbyt przyjaznych. Do\u00a0osiedlenia si\u0119 tam nie\u00a0zach\u0119caj\u0105 problemy w\u00a0obszarze biurokracji, a\u00a0tak\u017ce obszar cyfryzacji \u2013\u00a0pa\u0144stwo jest w\u00a0tym kontek\u015bcie daleko w\u00a0tyle. &#13;\n<\/p>\n<p>Wyniki raportu Expat Insider 2026. Kt\u00f3re miejsce w\u00a0rankingu zaj\u0119\u0142a Polska?<br \/>\n&#13;<br \/>\n&#13;<br \/>\nPanama &#13;<br \/>\n&#13;<br \/>\n&#13;<br \/>\nMeksyk &#13;<br \/>\n&#13;<br \/>\n&#13;<br \/>\nTajlandia &#13;<br \/>\n&#13;<br \/>\n&#13;<br \/>\nZjednoczone Emiraty Arabskie &#13;<br \/>\n&#13;<br \/>\n&#13;<br \/>\nBrazylia &#13;<br \/>\n&#13;<br \/>\n&#13;<br \/>\nHiszpania &#13;<br \/>\n&#13;<br \/>\n&#13;<br \/>\nSingapur &#13;<br \/>\n&#13;<br \/>\n&#13;<br \/>\nPortugalia &#13;<br \/>\n&#13;<br \/>\n&#13;<br \/>\nMalezja &#13;<br \/>\n&#13;<br \/>\n&#13;<br \/>\nLuksemburg &#13;<br \/>\n&#13;<br \/>\n&#13;<br \/>\nAustralia &#13;<br \/>\n&#13;<br \/>\n&#13;<br \/>\nArabia Saudyjska &#13;<br \/>\n&#13;<br \/>\n&#13;<br \/>\nRepublika Po\u0142udniowej Afryki &#13;<br \/>\n&#13;<br \/>\n&#13;<br \/>\nFrancja &#13;<br \/>\n&#13;<br \/>\n&#13;<br \/>\nBelgia &#13;<br \/>\n&#13;<br \/>\n&#13;<br \/>\nDania &#13;<br \/>\n&#13;<br \/>\n&#13;<br \/>\n&#8211; \u2013\u00a0&#8211;\u00a0\u2013 &#8211;\u00a0Polska \u2013\u00a0&#8211;\u00a0\u2013 &#8211;\u00a0&#8211; &#13;<br \/>\n&#13;<br \/>\n&#13;<br \/>\nIrlandia &#13;<br \/>\n&#13;<br \/>\n&#13;<br \/>\nJaponia &#13;<br \/>\n&#13;<br \/>\n&#13;<br \/>\nUSA &#13;<br \/>\n&#13;<br \/>\n&#13;<br \/>\nHolandia &#13;<br \/>\n&#13;<br \/>\n&#13;<br \/>\nSzwajcaria &#13;<br \/>\n&#13;<br \/>\n&#13;<br \/>\nAustria &#13;<br \/>\n&#13;<br \/>\n&#13;<br \/>\nW\u0142ochy &#13;<br \/>\n&#13;<br \/>\n&#13;<br \/>\nCzechy &#13;<br \/>\n&#13;<br \/>\n&#13;<br \/>\nSzwecja &#13;<br \/>\n&#13;<br \/>\n&#13;<br \/>\nKanada &#13;<br \/>\n&#13;<br \/>\n&#13;<br \/>\nWielka Brytania &#13;<br \/>\n&#13;<br \/>\n&#13;<br \/>\nTurcja &#13;<br \/>\n&#13;<br \/>\n&#13;<br \/>\nNiemcy &#13;<br \/>\n&#13;<br \/>\n&#13;<br \/>\nNorwegia &#13;<br \/>\n&#13;<\/p>\n<p>&#13;<br \/>\n   Czytaj te\u017c:<br \/><a href=\"https:\/\/podroze.wprost.pl\/miejsca\/12430506\/z-morza-wylonila-sie-mala-wysepka-polacy-maja-swietna-zabawe.html\" rel=\"follow nofollow noopener\" data-schema=\"WPROST\" data-image=\"https:\/\/img.wprost.pl\/_thumb\/9e\/12\/da29645fe85c359f7e2dc9454cd0.jpeg\" target=\"_blank\">Z Ba\u0142tyku wy\u0142oni\u0142a si\u0119 urocza wyspa. \u201eTo\u00a0jest absolutny HIT\u201d<\/a>   Czytaj te\u017c:<br \/><a href=\"https:\/\/www.wprost.pl\/swiat\/12429960\/atak-w-lipsku-niemcy-oficjalnie-wskazuja-rosje-tusk-reaguje.html\" rel=\"follow nofollow noopener\" data-schema=\"WPROST\" data-image=\"https:\/\/img.wprost.pl\/_thumb\/70\/3b\/ddef958c12b6886d3e02488f76c6.jpeg\" target=\"_blank\">Niemcy potwierdzaj\u0105: Rosja sta\u0142a za\u00a0pr\u00f3b\u0105 ataku. Stanowcza odpowied\u017a Berlina<\/a>&#13;<\/p>\n","protected":false},"excerpt":{"rendered":"&#13; S\u0105 wyniki nowego raportu Expat Insider 2026. Wzi\u0119\u0142o w\u00a0nim udzia\u0142 niemal 7,8 tys. emigrant\u00f3w (w tym ekspat\u00f3w,&hellip;\n","protected":false},"author":2,"featured_media":664027,"comment_status":"","ping_status":"","sticky":false,"template":"","format":"standard","meta":{"footnotes":"","_share_on_mastodon":"0"},"categories":[12],"tags":[3545,49,129084,18330,42,38,40,39,41,80,43315,10666],"class_list":["post-664026","post","type-post","status-publish","format-standard","has-post-thumbnail","category-polska","tag-emigracja","tag-kraj","tag-kraje","tag-panstwa","tag-pl","tag-poland","tag-polish","tag-polska","tag-polski","tag-swiat","tag-wprost","tag-zycie"],"share_on_mastodon":{"url":"https:\/\/pubeurope.com\/@pl\/117205437404277868","error":""},"_links":{"self":[{"href":"https:\/\/www.europesays.com\/pl\/wp-json\/wp\/v2\/posts\/664026","targetHints":{"allow":["GET"]}}],"collection":[{"href":"https:\/\/www.europesays.com\/pl\/wp-json\/wp\/v2\/posts"}],"about":[{"href":"https:\/\/www.europesays.com\/pl\/wp-json\/wp\/v2\/types\/post"}],"author":[{"embeddable":true,"href":"https:\/\/www.europesays.com\/pl\/wp-json\/wp\/v2\/users\/2"}],"replies":[{"embeddable":true,"href":"https:\/\/www.europesays.com\/pl\/wp-json\/wp\/v2\/comments?post=664026"}],"version-history":[{"count":0,"href":"https:\/\/www.europesays.com\/pl\/wp-json\/wp\/v2\/posts\/664026\/revisions"}],"wp:featuredmedia":[{"embeddable":true,"href":"https:\/\/www.europesays.com\/pl\/wp-json\/wp\/v2\/media\/664027"}],"wp:attachment":[{"href":"https:\/\/www.europesays.com\/pl\/wp-json\/wp\/v2\/media?parent=664026"}],"wp:term":[{"taxonomy":"category","embeddable":true,"href":"https:\/\/www.europesays.com\/pl\/wp-json\/wp\/v2\/categories?post=664026"},{"taxonomy":"post_tag","embeddable":true,"href":"https:\/\/www.europesays.com\/pl\/wp-json\/wp\/v2\/tags?post=664026"}],"curies":[{"name":"wp","href":"https:\/\/api.w.org\/{rel}","templated":true}]}}