{"id":664032,"date":"2026-09-03T05:31:10","date_gmt":"2026-09-03T05:31:10","guid":{"rendered":"https:\/\/www.europesays.com\/pl\/664032\/"},"modified":"2026-09-03T05:31:10","modified_gmt":"2026-09-03T05:31:10","slug":"iga-swiatek-zagra-w-ii-rundzie-us-open-swietna-godzina-meczu","status":"publish","type":"post","link":"https:\/\/www.europesays.com\/pl\/664032\/","title":{"rendered":"Iga \u015awi\u0105tek zagra w II rundzie US Open. \u015awietna godzina meczu"},"content":{"rendered":"\n<p class=\"contentpart contentpart--default contentpart--text\" data-position=\"0\">Rozstawiona z numerem \u00f3smym <a href=\"https:\/\/sportowefakty.wp.pl\/tenis\/iga-swiatek\" rel=\"nofollow noopener\" target=\"_blank\">Iga \u015awi\u0105tek<\/a>\u00a0rywalizacj\u0119 w wielkoszlemowym US Open 2026 rozpocz\u0119\u0142a od dwusetowego zwyci\u0119stwa nad <a href=\"https:\/\/sportowefakty.wp.pl\/xiyu-wanga\" rel=\"nofollow noopener\" target=\"_blank\">Xiyu Wang<\/a>. Kolejn\u0105 rywalk\u0105 Polki b\u0119dzie <a href=\"https:\/\/sportowefakty.wp.pl\/tenis\/nadia-podoroska\" rel=\"nofollow noopener\" target=\"_blank\">Nadia Podoroska<\/a>, kt\u00f3ra na otwarcie w trzech partiach upora\u0142a si\u0119 z <a href=\"https:\/\/sportowefakty.wp.pl\/tenis\/simona-waltert\" rel=\"nofollow noopener\" target=\"_blank\">Simon\u0105 Waltert<\/a>.<\/p>\n<p class=\"contentpart contentpart--default contentpart--text\" data-position=\"1\">29-letnia Podoroska aktualnie zajmuje 449. miejsce w rankingu WTA, ale jest to pok\u0142osie 14-miesi\u0119cznej pauzy spowodowanej kontuzj\u0105 biodra. Najwy\u017cej Argentynka by\u0142a 36. W zawodowej karierze nie zdoby\u0142a tytu\u0142u w g\u0142\u00f3wnym cyklu, a jej najlepszym wielkoszlemowym wynikiem jest p\u00f3\u0142fina\u0142 Roland Garros 2020.<\/p>\n<p>  <img decoding=\"async\" src=\"https:\/\/v.wpimg.pl\/X3dwLnN2d1IFFTpdYUl6R0ZNbgcnEHQREVV2TGEGbUtRT2MdOlZ2RBQUKABgQjQcDRotCStBd1IAAWMeIlM7VgwYIAorQAdEFFk_GCkQJQ\" alt=\"\" width=\"45\" height=\"58\" loading=\"lazy\"\/>  <\/p>\n<p class=\"contentpart contentpart--default contentpart--text\" data-position=\"2\">ZOBACZ WIDEO: Ameryka\u0144ski gwiazdor zwr\u00f3ci\u0142 si\u0119 do Lewandowskiego. &#8222;Musisz uwa\u017ca\u0107 na jedzenie&#8221;<\/p>\n<p class=\"contentpart contentpart--default contentpart--text\" data-position=\"4\">\u015awi\u0105tek i Podoroska zmierz\u0105 si\u0119 ze sob\u0105 po raz drugi. Poprzednio zagra\u0142y we wspomnianym p\u00f3\u0142finale Rolanda Garrosa, kiedy Polka zwyci\u0119\u017cy\u0142a 6:2, 6:1.<\/p>\n<p class=\"contentpart contentpart--default contentpart--text\" data-position=\"5\">Mecz \u015awi\u0105tek z Podorosk\u0105 odb\u0119dzie si\u0119 w czwartek. Zosta\u0142 zaplanowany na korcie Grandstand jako pierwszy w kolejno\u015bci. To oznacza, \u017ce rozpocznie si\u0119 o \u015bwietnej porze z perspektywy polskich kibic\u00f3w &#8211; godz. 17:00 naszego czasu.<\/p>\n<p class=\"contentpart contentpart--default contentpart--text\" data-position=\"6\">Transmisje telewizyjne z US Open 2026 w Eurosporcie i w us\u0142udze MAX. Portal WP SportoweFakty przeprowadzi tekstow\u0105 relacj\u0119 na \u017cywo z meczu \u015awi\u0105tek &#8211; Podoroska.<\/p>\n","protected":false},"excerpt":{"rendered":"Rozstawiona z numerem \u00f3smym Iga \u015awi\u0105tek\u00a0rywalizacj\u0119 w wielkoszlemowym US Open 2026 rozpocz\u0119\u0142a od dwusetowego zwyci\u0119stwa nad Xiyu Wang.&hellip;\n","protected":false},"author":2,"featured_media":664033,"comment_status":"","ping_status":"","sticky":false,"template":"","format":"standard","meta":{"footnotes":"","_share_on_mastodon":"0"},"categories":[24],"tags":[158,14105,129085,2384,42,38,40,39,41,127,126,156,102709,71,37628,157],"class_list":["post-664032","post","type-post","status-publish","format-standard","has-post-thumbnail","category-sport","tag-iga-swiatek","tag-itf","tag-nadia-podoroska","tag-nowy-jork","tag-pl","tag-poland","tag-polish","tag-polska","tag-polski","tag-sport","tag-sports","tag-tenis","tag-us-open","tag-usa","tag-wielki-szlem","tag-wta"],"share_on_mastodon":{"url":"https:\/\/pubeurope.com\/@pl\/117205473334995799","error":""},"_links":{"self":[{"href":"https:\/\/www.europesays.com\/pl\/wp-json\/wp\/v2\/posts\/664032","targetHints":{"allow":["GET"]}}],"collection":[{"href":"https:\/\/www.europesays.com\/pl\/wp-json\/wp\/v2\/posts"}],"about":[{"href":"https:\/\/www.europesays.com\/pl\/wp-json\/wp\/v2\/types\/post"}],"author":[{"embeddable":true,"href":"https:\/\/www.europesays.com\/pl\/wp-json\/wp\/v2\/users\/2"}],"replies":[{"embeddable":true,"href":"https:\/\/www.europesays.com\/pl\/wp-json\/wp\/v2\/comments?post=664032"}],"version-history":[{"count":0,"href":"https:\/\/www.europesays.com\/pl\/wp-json\/wp\/v2\/posts\/664032\/revisions"}],"wp:featuredmedia":[{"embeddable":true,"href":"https:\/\/www.europesays.com\/pl\/wp-json\/wp\/v2\/media\/664033"}],"wp:attachment":[{"href":"https:\/\/www.europesays.com\/pl\/wp-json\/wp\/v2\/media?parent=664032"}],"wp:term":[{"taxonomy":"category","embeddable":true,"href":"https:\/\/www.europesays.com\/pl\/wp-json\/wp\/v2\/categories?post=664032"},{"taxonomy":"post_tag","embeddable":true,"href":"https:\/\/www.europesays.com\/pl\/wp-json\/wp\/v2\/tags?post=664032"}],"curies":[{"name":"wp","href":"https:\/\/api.w.org\/{rel}","templated":true}]}}