{"id":664042,"date":"2026-09-03T05:36:13","date_gmt":"2026-09-03T05:36:13","guid":{"rendered":"https:\/\/www.europesays.com\/pl\/664042\/"},"modified":"2026-09-03T05:36:13","modified_gmt":"2026-09-03T05:36:13","slug":"berek-apolitycznym-czlonkiem-rzadu-zukowska-uderza-w-zurka","status":"publish","type":"post","link":"https:\/\/www.europesays.com\/pl\/664042\/","title":{"rendered":"Berek &#8222;apolitycznym&#8221; cz\u0142onkiem rz\u0105du? \u017bukowska uderza w \u017burka"},"content":{"rendered":"\n<p>&#13;<br \/>\n\u2013 Nie, nie\u00a0by\u0142. Dobrze oboje wiemy, czyje stanowisko reprezentowa\u0142 \u2013\u00a0napisa\u0142a \u017bukowska w\u00a0mediach spo\u0142eczno\u015bciowych. &#13;\n<\/p>\n<p>\u017burek: Berek by\u0142 apolitycznym cz\u0142onkiem rz\u0105du<\/p>\n<p>&#13;<br \/>\nWaldemar \u017burek zosta\u0142 zapytany w\u00a0\u015brod\u0119 podczas popo\u0142udniowej konferencji prasowej o\u00a0kandydatur\u0119 Macieja Berka do\u00a0Trybuna\u0142u Konstytucyjnego. Minister sprawiedliwo\u015bci wskazywa\u0142 na\u00a0jego do\u015bwiadczenie i\u00a0wiedz\u0119 prawnicz\u0105. \u2013\u00a0Musimy przyjrze\u0107 si\u0119 tej kandydaturze bardzo dok\u0142adnie. Maciej Berek, kt\u00f3rego pozna\u0142em, dla\u00a0mnie jest takim wzorem apolitycznego funkcjonariusza publicznego. Nigdy nie\u00a0by\u0142 w\u00a0partii, prosz\u0119 o\u00a0tym pami\u0119ta\u0107. Rzeczywi\u015bcie jest to\u00a0cz\u0142owiek o\u00a0wybitnej wiedzy prawniczej, tak\u017ce w\u00a0zakresie zagadnie\u0144 konstytucyjnych \u2013\u00a0powiedzia\u0142 \u017burek na\u00a0konferencji prasowej. &#13;\n<\/p>\n<p>&#13;<br \/>\nMinister m\u00f3wi\u0142 r\u00f3wnie\u017c o\u00a0funkcjonowaniu Berka w\u00a0rz\u0105dzie. \u2013\u00a0Na\u00a0pewno b\u0119d\u0119 wspiera\u0142 kandydatury os\u00f3b, kt\u00f3re znam jako osoby niezale\u017cne. Widzia\u0142em kilka takich sytuacji, kiedy pan Berek, b\u0119d\u0105c apolitycznym cz\u0142onkiem rz\u0105du, bo\u00a0to nam si\u0119 wydaje, \u017ce\u00a0to\u00a0jest niemo\u017cliwe, ale\u00a0jak tworzyli\u015bmy na\u00a0przyk\u0142ad s\u0142u\u017cb\u0119 cywiln\u0105, jak mamy dobre wzorce w\u00a0wielu krajach, gdzie jest rz\u0105d, kt\u00f3ry tworz\u0105 politycy, cz\u0142onkowie partii, ale\u00a0bardzo wielu funkcjonariuszy publicznych jest takim kr\u0119gos\u0142upem pa\u0144stwa tak\u017ce w\u00a0kwestiach prawnych i\u00a0zmieniaj\u0105 si\u0119 rz\u0105dy, zmieniaj\u0105 si\u0119 politycy, a\u00a0ci funkcjonariusze trwaj\u0105 na\u00a0swoich stanowiskach, bo\u00a0oni s\u0105 w\u0142a\u015bnie apolityczni. Tak powinno si\u0119 tworzy\u0107 s\u0142u\u017cb\u0119 cywiln\u0105 \u2013\u00a0stwierdzi\u0142. &#13;\n<\/p>\n<p>\u017bukowska ripostuje \u017burka<\/p>\n<p>&#13;<br \/>\nDo wypowiedzi ministra sprawiedliwo\u015bci odnios\u0142a si\u0119 na\u00a0X Anna Maria \u017bukowska. &#8222;Nie, nie\u00a0by\u0142. Dobrze oboje wiemy, czyje stanowisko reprezentowa\u0142&#8221; \u2013\u00a0napisa\u0142a przewodnicz\u0105ca klubu Lewicy zwracaj\u0105c si\u0119 bezpo\u015brednio do\u00a0ministra sprawiedliwo\u015bci. &#13;\n<\/p>\n<p>&#13;<br \/>\n\u017bukowska wskaza\u0142a r\u00f3wnie\u017c na\u00a0rol\u0119 Berka przy przygotowywaniu rz\u0105dowych projekt\u00f3w deregulacyjnych. &#8222;By\u0142 te\u017c osobi\u015bcie odpowiedzialny za\u00a0projekty ustaw deregulacyjnych. Z\u00a0jakiego powodu te\u00a0ustawy przechodzi\u0142y przez rz\u0105d szybciej ni\u017c\u00a0inne? Wyda\u0142 nawet publikacj\u0119 rz\u0105dow\u0105 w\u00a0tym temacie. W\u00a0innych nie\u00a0wyda\u0142&#8221; \u2013\u00a0doda\u0142a. &#13;\n<\/p>\n<p>\u017burek broni Berka<\/p>\n<p>&#13;<br \/>\nMinister sprawiedliwo\u015bci przekonywa\u0142 podczas konferencji, \u017ce\u00a0Berek potrafi\u0142 sprzeciwia\u0107 si\u0119 cz\u0142onkom rz\u0105du w\u00a0kwestiach dotycz\u0105cych stanowienia prawa. \u2013\u00a0Widzia\u0142em pana doktora w\u00a0sytuacjach, kiedy by\u0142 w\u00a0stanie wytkn\u0105\u0107 ka\u017cdemu, bez wzgl\u0119du na\u00a0to, jakim by\u0142 cz\u0142onkiem rz\u0105du, \u017ce\u00a0prawo jest w\u00a0jaki\u015b spos\u00f3b wadliwie tworzone i\u00a0\u017ce nie\u00a0ma\u00a0jego zgody na\u00a0to. Wi\u0119c jest to\u00a0cz\u0142owiek o\u00a0bardzo silnym charakterze \u2013\u00a0m\u00f3wi\u0142 \u017burek. &#13;\n<\/p>\n<p>&#13;<br \/>\n\u2013 My\u015bl\u0119, \u017ce\u00a0zrobiono mu ogromn\u0105 krzywd\u0119, por\u00f3wnuj\u0105c go\u00a0z\u00a0takimi, kt\u00f3rzy jednego dnia siedzieli w\u00a0partii okre\u015blonej i\u00a0zmieniali \u0142aw\u0119 sejmow\u0105 na\u00a0s\u0119dziowsk\u0105 tog\u0119 \u2013\u00a0przekonywa\u0142. &#13;\n<\/p>\n<p>Berek kandydatem do\u00a0Trybuna\u0142u Konstytucyjnego<\/p>\n<p>&#13;<br \/>\nMaciej Berek jest kandydatem na\u00a0s\u0119dziego Trybuna\u0142u Konstytucyjnego. <a href=\"https:\/\/dorzeczy.pl\/kraj\/936280\/berek-kandydatem-do-trybunalu-konstytucyjnego-komunikat-sejmu.html\" rel=\"nofollow noopener\" target=\"_blank\">G\u0142osowanie<\/a> nad jego kandydatur\u0105 ma\u00a0odby\u0107 si\u0119 podczas pierwszego po\u00a0wakacyjnej przerwie posiedzenia Sejmu, zaplanowanego na\u00a02\u20134 wrze\u015bnia. &#13;\n<\/p>\n<p>&#13;<br \/>\nZgodnie z\u00a0harmonogramem pos\u0142owie maj\u0105 zdecydowa\u0107 w\u00a0tej sprawie w\u00a0pi\u0105tek rano. Wcze\u015bniej kandydatur\u0119 ma\u00a0rozpatrzy\u0107 i\u00a0zaopiniowa\u0107 sejmowa Komisja Sprawiedliwo\u015bci. &#13;\n<\/p>\n<p>&#13;<br \/>\n   Czytaj te\u017c:<br \/><a href=\"https:\/\/dorzeczy.pl\/opinie\/935776\/prezydent-grzmi-ws-braku-pieniedzy-dla-tk-wstyd-dla-obecnie-rzadzacych.html\" rel=\"follow nofollow noopener\" data-schema=\"DORZECZY\" data-image=\"https:\/\/img.dorzeczy.pl\/_thumb\/df\/bf\/f0c2cec2e59babd58f6c0e997c27.jpeg\" target=\"_blank\">Prezydent grzmi ws. braku pieni\u0119dzy dla\u00a0TK: Wstyd dla\u00a0obecnie rz\u0105dz\u0105cych<\/a>   Czytaj te\u017c:<br \/><a href=\"https:\/\/dorzeczy.pl\/opinie\/935929\/sedziowie-tk-wskazali-pierwszy-krok-do-zazegnania-kryzysu.html\" rel=\"follow nofollow noopener\" data-schema=\"DORZECZY\" data-image=\"https:\/\/img.dorzeczy.pl\/_thumb\/4f\/6f\/c405c2ac13742397ee6223424673.jpeg\" target=\"_blank\">&#8222;Pierwszy krok do\u00a0za\u017cegnania kryzysu&#8221;. S\u0119dziowie TK wydali o\u015bwiadczenie<\/a>&#13;<\/p>\n","protected":false},"excerpt":{"rendered":"&#13; \u2013 Nie, nie\u00a0by\u0142. Dobrze oboje wiemy, czyje stanowisko reprezentowa\u0142 \u2013\u00a0napisa\u0142a \u017bukowska w\u00a0mediach spo\u0142eczno\u015bciowych. &#13; \u017burek: Berek by\u0142&hellip;\n","protected":false},"author":2,"featured_media":664043,"comment_status":"","ping_status":"","sticky":false,"template":"","format":"standard","meta":{"footnotes":"","_share_on_mastodon":"0"},"categories":[12],"tags":[10402,32,33,22709,1345,98,36,37,27,49,34,35,4463,51372,28,31,25,102,42,38,40,39,41,380,8233,29,30,8232,2558,26],"class_list":["post-664042","post","type-post","status-publish","format-standard","has-post-thumbnail","category-polska","tag-anna-maria-zukowska","tag-breaking-news","tag-breakingnews","tag-deregulacja","tag-donald-tusk","tag-dorzeczy","tag-featured-news","tag-featurednews","tag-headlines","tag-kraj","tag-latest-news","tag-latestnews","tag-lewica","tag-maciej-berek","tag-naglowki","tag-najwazniejsze-artykuly","tag-news","tag-opinie","tag-pl","tag-poland","tag-polish","tag-polska","tag-polski","tag-rzad","tag-tk","tag-top-stories","tag-topstories","tag-trybunal-konstytucyjny","tag-waldemar-zurek","tag-wiadomosci"],"share_on_mastodon":{"url":"https:\/\/pubeurope.com\/@pl\/117205492616315543","error":""},"_links":{"self":[{"href":"https:\/\/www.europesays.com\/pl\/wp-json\/wp\/v2\/posts\/664042","targetHints":{"allow":["GET"]}}],"collection":[{"href":"https:\/\/www.europesays.com\/pl\/wp-json\/wp\/v2\/posts"}],"about":[{"href":"https:\/\/www.europesays.com\/pl\/wp-json\/wp\/v2\/types\/post"}],"author":[{"embeddable":true,"href":"https:\/\/www.europesays.com\/pl\/wp-json\/wp\/v2\/users\/2"}],"replies":[{"embeddable":true,"href":"https:\/\/www.europesays.com\/pl\/wp-json\/wp\/v2\/comments?post=664042"}],"version-history":[{"count":0,"href":"https:\/\/www.europesays.com\/pl\/wp-json\/wp\/v2\/posts\/664042\/revisions"}],"wp:featuredmedia":[{"embeddable":true,"href":"https:\/\/www.europesays.com\/pl\/wp-json\/wp\/v2\/media\/664043"}],"wp:attachment":[{"href":"https:\/\/www.europesays.com\/pl\/wp-json\/wp\/v2\/media?parent=664042"}],"wp:term":[{"taxonomy":"category","embeddable":true,"href":"https:\/\/www.europesays.com\/pl\/wp-json\/wp\/v2\/categories?post=664042"},{"taxonomy":"post_tag","embeddable":true,"href":"https:\/\/www.europesays.com\/pl\/wp-json\/wp\/v2\/tags?post=664042"}],"curies":[{"name":"wp","href":"https:\/\/api.w.org\/{rel}","templated":true}]}}