{"id":664044,"date":"2026-09-03T05:37:11","date_gmt":"2026-09-03T05:37:11","guid":{"rendered":"https:\/\/www.europesays.com\/pl\/664044\/"},"modified":"2026-09-03T05:37:11","modified_gmt":"2026-09-03T05:37:11","slug":"seria-przelaman-magdalena-frech-byla-tak-blisko-i-ta-reakcja-gwiazdy-przeglad-sportowy","status":"publish","type":"post","link":"https:\/\/www.europesays.com\/pl\/664044\/","title":{"rendered":"Seria prze\u0142ama\u0144, Magdalena Fr\u0119ch by\u0142a tak blisko. I ta reakcja gwiazdy &#8211; Przegl\u0105d Sportowy"},"content":{"rendered":"<p>Reprezentantka Polski musia\u0142a d\u0142ugo zaczeka\u0107 na drug\u0105 cz\u0119\u015b\u0107 jej meczu pierwszej rundy przeciwko Ivie Jovic. Panie zacz\u0119\u0142y sw\u00f3j b\u00f3j o awans we wtorek, ale wszystko przerwa\u0142y ulewne opady deszczu. Przy stanie 4:4 wszystko zosta\u0142o wznowione dopiero w nocy ze \u015brody na czwartek.<\/p>\n<p>Dalszy ci\u0105g artyku\u0142u pod materia\u0142em wideo<\/p>\n<p>I cho\u0107 naprawd\u0119 niez\u0142a dyspozycja Magdaleny Fr\u0119ch przy cz\u0119sto wyst\u0119puj\u0105cych b\u0142\u0119dach w grze Ivy Jovi\u0107 mog\u0142y dawa\u0107 nam powody do optymizmu na pocz\u0105tku spotkania, to po powrocie na kort niestety nie by\u0142o ju\u017c tak dobrze. Polka wygra\u0142a ju\u017c tylko jednego gema w pierwszym secie, daj\u0105c si\u0119 prze\u0142ama\u0107 w samej ko\u0144c\u00f3wce.<\/p>\n<p><a href=\"https:\/\/przegladsportowy.onet.pl\/\" title=\"Strona g\u0142\u00f3wna serwisu\" aria-label=\"Strona g\u0142\u00f3wna serwisu\" data-astro-prefetch=\"tap\" class=\"ods-a-logo-main-desktop\" rel=\"nofollow noopener\" target=\"_blank\"><img src=\"https:\/\/cdn.przegladsportowy.onet.pl\/img\/Logo_desktop_Onet.svg\" class=\"ods-a-logo-main-desktop__image\" alt=\"Logo\" width=\"107\" height=\"60\" fetchpriority=\"high\" decoding=\"sync\" style=\"height:60px\"\/><\/a><\/p>\n<p class=\"ods-m-google-article__text\">Czytaj nas cz\u0119\u015bciej w Google<\/p>\n<p><a href=\"https:\/\/google.com\/preferences\/source?q=przegladsportowy.onet.pl\" target=\"_blank\" rel=\"noopener noreferrer nofollow\" aria-label=\"Dodaj w Google\" title=\"Dodaj w Google\" class=\"ods-a-button ods-a-button__primary ods-a-button__default ods-a-button-l\">Dodaj w Google<\/a><\/p>\n<p>Utalentowana Amerykanka wysz\u0142a na prowadzenie 7:5, jednak pocz\u0105tek drugiego seta m\u00f3g\u0142 doprowadzi\u0107 do upragnionej zmiany. To Polka prze\u0142ama\u0142a jako pierwsza, ale nie posz\u0142a za ciosem. Jovic szybko wr\u00f3ci\u0142a do gry, a nast\u0119pnie przesz\u0142a do pe\u0142nej ofensywy. Da\u0142o jej to wynik 7:5 i 4:2 w drugim secie, znacznie przybli\u017caj\u0105c j\u0105 do zwyci\u0119stwa.<\/p>\n<p>Kluczowym gemem dla drugiego seta m\u00f3g\u0142 by\u0107 jednak ten \u00f3smy, chyba najd\u0142u\u017cszy w ca\u0142ym spotkaniu. Magdalena Fr\u0119ch mia\u0142a pi\u0142ki na wyr\u00f3wnanie wyniku drugiej partii, ale ostatecznie to Iva Jovic wykorzysta\u0142a swoj\u0105 szans\u0119 na kolejne prze\u0142amanie i po chwili mog\u0142a rozpocz\u0105\u0107 serwowanie po awans do drugiej rundy.<\/p>\n<p>W tak trudnym momencie Amerykanka musia\u0142a broni\u0107 trzech break point\u00f3w, ale zrobi\u0142a to w najlepszym mo\u017cliwym stylu, za spraw\u0105 znakomitego serwisu. A ju\u017c chwil\u0119 p\u00f3\u017aniej 18-latka mog\u0142a \u015bwi\u0119towa\u0107 awans do drugiej rundy. Tym samym po trzech meczach Polak\u00f3w w \u015brod\u0119 na kortach US Open wci\u0105\u017c musieli\u015bmy czeka\u0107 na pierwsz\u0105 wygran\u0105.<\/p>\n<p>Magdalena Fr\u0119ch \u2014 Iva Jovic 5:7, 3:6<\/p>\n","protected":false},"excerpt":{"rendered":"Reprezentantka Polski musia\u0142a d\u0142ugo zaczeka\u0107 na drug\u0105 cz\u0119\u015b\u0107 jej meczu pierwszej rundy przeciwko Ivie Jovic. Panie zacz\u0119\u0142y sw\u00f3j&hellip;\n","protected":false},"author":2,"featured_media":664045,"comment_status":"","ping_status":"","sticky":false,"template":"","format":"standard","meta":{"footnotes":"","_share_on_mastodon":"0"},"categories":[5],"tags":[61195,32,33,36,37,27,39433,34,35,5369,28,31,48,25,46,42,38,40,39,41,47,156,29,30,22568,26,157],"class_list":["post-664044","post","type-post","status-publish","format-standard","has-post-thumbnail","category-naglowki","tag-bottomfeed_styl","tag-breaking-news","tag-breakingnews","tag-featured-news","tag-featurednews","tag-headlines","tag-iva_jovic","tag-latest-news","tag-latestnews","tag-magdalena_frech","tag-naglowki","tag-najwazniejsze-artykuly","tag-nat_styl","tag-news","tag-omp","tag-pl","tag-poland","tag-polish","tag-polska","tag-polski","tag-screening_general","tag-tenis","tag-top-stories","tag-topstories","tag-us_open","tag-wiadomosci","tag-wta"],"share_on_mastodon":{"url":"https:\/\/pubeurope.com\/@pl\/117205497151910265","error":""},"_links":{"self":[{"href":"https:\/\/www.europesays.com\/pl\/wp-json\/wp\/v2\/posts\/664044","targetHints":{"allow":["GET"]}}],"collection":[{"href":"https:\/\/www.europesays.com\/pl\/wp-json\/wp\/v2\/posts"}],"about":[{"href":"https:\/\/www.europesays.com\/pl\/wp-json\/wp\/v2\/types\/post"}],"author":[{"embeddable":true,"href":"https:\/\/www.europesays.com\/pl\/wp-json\/wp\/v2\/users\/2"}],"replies":[{"embeddable":true,"href":"https:\/\/www.europesays.com\/pl\/wp-json\/wp\/v2\/comments?post=664044"}],"version-history":[{"count":0,"href":"https:\/\/www.europesays.com\/pl\/wp-json\/wp\/v2\/posts\/664044\/revisions"}],"wp:featuredmedia":[{"embeddable":true,"href":"https:\/\/www.europesays.com\/pl\/wp-json\/wp\/v2\/media\/664045"}],"wp:attachment":[{"href":"https:\/\/www.europesays.com\/pl\/wp-json\/wp\/v2\/media?parent=664044"}],"wp:term":[{"taxonomy":"category","embeddable":true,"href":"https:\/\/www.europesays.com\/pl\/wp-json\/wp\/v2\/categories?post=664044"},{"taxonomy":"post_tag","embeddable":true,"href":"https:\/\/www.europesays.com\/pl\/wp-json\/wp\/v2\/tags?post=664044"}],"curies":[{"name":"wp","href":"https:\/\/api.w.org\/{rel}","templated":true}]}}