{"id":664046,"date":"2026-09-03T05:38:09","date_gmt":"2026-09-03T05:38:09","guid":{"rendered":"https:\/\/www.europesays.com\/pl\/664046\/"},"modified":"2026-09-03T05:38:09","modified_gmt":"2026-09-03T05:38:09","slug":"spor-o-trybunal-konstytucyjny-tak-karol-nawrocki-moze-zablokowac-plan-donalda-tuska-wprost","status":"publish","type":"post","link":"https:\/\/www.europesays.com\/pl\/664046\/","title":{"rendered":"Sp\u00f3r o Trybuna\u0142 Konstytucyjny. Tak Karol Nawrocki mo\u017ce zablokowa\u0107 plan Donalda Tuska \u2013 Wprost"},"content":{"rendered":"\n<p>&#13;<br \/>\nKolejna o\u015b sporu wok\u00f3\u0142 Trybuna\u0142u Konstytucyjnego zarysowa\u0142a si\u0119 po\u00a0tym, gdy minister finans\u00f3w i\u00a0gospodarki Andrzej Doma\u0144ski poinformowa\u0142, \u017ce\u00a0<a href=\"https:\/\/www.wprost.pl\/kraj\/12429072\/trybunal-konstytucyjny-bez-pieniedzy-co-zrobi-bogdan-swieczkowski.html\" target=\"_blank\" rel=\"nofollow noopener\">w projekcie ustawy bud\u017cetowej na\u00a02027\u00a0r. nie\u00a0zosta\u0142y uwzgl\u0119dnione dochody i\u00a0wydatki TK<\/a>.  &#13;\n<\/p>\n<p>&#13;<br \/>\n\u2013 W\u00a0historii Trybuna\u0142u Konstytucyjnego dwa lata temu by\u0142a sytuacja, w\u00a0kt\u00f3rej rz\u0105d bez \u017cadnych powod\u00f3w, bez \u017cadnego uzasadnienia, moim zdaniem w\u00a0przest\u0119pczy spos\u00f3b, nie\u00a0zabud\u017cetowa\u0142 \u015brodk\u00f3w na\u00a0wynagrodzenia dla\u00a0s\u0119dzi\u00f3w TK. Rozumiem, \u017ce\u00a0teraz id\u0105 dalej, \u017ceby zupe\u0142nie pozbawi\u0107 Trybuna\u0142 Konstytucyjny mo\u017cliwo\u015bci finansowania \u2013\u00a0komentuje Zbigniew Bogucki w\u00a0rozmowie z\u00a0\u201eDziennikiem Gazet\u0105 Prawn\u0105\u201d. &#13;\n<\/p>\n<p>Trybuna\u0142 Konstytucyjny bez pieni\u0119dzy? Wsp\u00f3\u0142pracownik Karola Nawrockiego grzmi<\/p>\n<p>&#13;<br \/>\nSzef Kancelarii Prezydenta Karola Nawrockiego zaznacza, \u017ce\u00a0plan wydatk\u00f3w TK zosta\u0142 przedstawiony w\u00a0dok\u0142adnie taki sam spos\u00f3b jak dwa, pi\u0119\u0107 czy\u00a010 lat temu. \u2013\u00a0Tak samo przedstawiali go\u00a0wszyscy prezesi TK. Pan Doma\u0144ski jako minister finans\u00f3w nie\u00a0kwestionowa\u0142 takiego sposobu procedowania bud\u017cetu w\u00a0poprzednich latach. Wi\u0119c co\u00a0si\u0119 zmieni\u0142o? Zmieni\u0142o si\u0119 to, \u017ce\u00a0chc\u0105 w\u00a0spos\u00f3b bezprawny przej\u0105\u0107 Trybuna\u0142 i\u00a0chc\u0105 poprzez zag\u0142odzenie finansowe, szanta\u017c finansowy wymusi\u0107 dzia\u0142ania zgodne z\u00a0wol\u0105 w\u0142adzy na\u00a0konstytucyjnym organie. Je\u017celi komu\u015b si\u0119 wydaje, \u017ce\u00a0kancelaria prezydenta b\u0119dzie ust\u0119powa\u0142a pod\u00a0presj\u0105 bezprawia, to\u00a0si\u0119 myli. To\u00a0ma\u00a0by\u0107 presja finansowa, kt\u00f3ra ma\u00a0wymusza\u0107 ruch o\u00a0charakterze politycznym \u2013\u00a0m\u00f3wi Zbigniew Bogucki. &#13;\n<\/p>\n<p>&#13;<br \/>\nW pi\u0105tek 4\u00a0wrze\u015bnia w\u00a0Sejmie ma\u00a0odby\u0107 si\u0119 g\u0142osowanie nad kandydatur\u0105 Macieja Berka \u2013\u00a0by\u0142ego ministra, kt\u00f3rego Donald Tusk nazywa\u0142 swoj\u0105 \u201epraw\u0105 r\u0119k\u0105\u201d \u2013\u00a0do\u00a0Trybuna\u0142u Konstytucyjnego. Wci\u0105\u017c pod\u00a0znakiem zapytania pozostaje, czy\u00a0uzyska ona wymagan\u0105 wi\u0119kszo\u015b\u0107. Jak podaje \u201eDGP\u201d, nawet je\u015bli tak si\u0119 stanie, to\u00a0raczej pewne, \u017ce\u00a0\u015blubowania Berka nie\u00a0przyjmie Karol Nawrocki. &#13;\n<\/p>\n<p>\u2013 Ma\u00a0by\u0107 s\u0119dzi\u0105 we\u00a0w\u0142asnej sprawie? Pan minister Berek nadzorowa\u0142 polityk\u0119 rz\u0105du w\u00a0radzie ministr\u00f3w, a\u00a0teraz ma\u00a0mie\u0107 misj\u0119 koordynacji nadzorowania polityki rz\u0105du, tylko w\u00a0Trybunale. I\u00a0o\u00a0ile pierwsze jego zadanie by\u0142o dopuszczalne w\u00a0ramach zast\u0119powania premiera, o\u00a0tyle polityka w\u00a0Trybunale jest niedopuszczalna \u2013\u00a0ocenia Bogucki.  <\/p>\n<p>&#13;<br \/>\n   Czytaj te\u017c:<br \/><a href=\"https:\/\/www.wprost.pl\/kraj\/12430821\/maciej-berek-w-trybunale-konstytucyjnym-w-sejmie-wrze-gromy-na-tuska.html\" rel=\"follow nofollow noopener\" data-schema=\"WPROST\" data-image=\"https:\/\/img.wprost.pl\/_thumb\/bd\/6b\/6da97fd1e1743627a3c941d6262b.jpeg\" target=\"_blank\">Iskrzy ws. kandydatury Berka do\u00a0TK. \u201eHipokryzja PO\u201d, \u201eCudowny uzdrowiciel\u201d<\/a>   Czytaj te\u017c:<br \/><a href=\"https:\/\/www.wprost.pl\/kraj\/12430692\/maciej-berek-kandydatem-ko-do-tk-co-zrobi-lewica.html\" rel=\"follow nofollow noopener\" data-schema=\"WPROST\" data-image=\"https:\/\/img.wprost.pl\/_thumb\/b7\/d5\/33b0d801b2078fd03c5eb9638cc7.jpeg\" target=\"_blank\">Los kandydata do\u00a0TK jest w\u00a0ich r\u0119kach? Nowe fakty w\u00a0sprawie obsady Trybuna\u0142u<\/a>&#13;<\/p>\n","protected":false},"excerpt":{"rendered":"&#13; Kolejna o\u015b sporu wok\u00f3\u0142 Trybuna\u0142u Konstytucyjnego zarysowa\u0142a si\u0119 po\u00a0tym, gdy minister finans\u00f3w i\u00a0gospodarki Andrzej Doma\u0144ski poinformowa\u0142, \u017ce\u00a0w&hellip;\n","protected":false},"author":2,"featured_media":664047,"comment_status":"","ping_status":"","sticky":false,"template":"","format":"standard","meta":{"footnotes":"","_share_on_mastodon":"0"},"categories":[62713],"tags":[1345,690,49,64711,59734,907,8232,43315,18354],"class_list":["post-664046","post","type-post","status-publish","format-standard","has-post-thumbnail","category-donald-tusk","tag-donald-tusk","tag-karol-nawrocki","tag-kraj","tag-magdalena-frindt","tag-opinie-i-komentarze","tag-polityka","tag-trybunal-konstytucyjny","tag-wprost","tag-zbigniew-bogucki"],"share_on_mastodon":{"url":"https:\/\/pubeurope.com\/@pl\/117205500289795162","error":""},"_links":{"self":[{"href":"https:\/\/www.europesays.com\/pl\/wp-json\/wp\/v2\/posts\/664046","targetHints":{"allow":["GET"]}}],"collection":[{"href":"https:\/\/www.europesays.com\/pl\/wp-json\/wp\/v2\/posts"}],"about":[{"href":"https:\/\/www.europesays.com\/pl\/wp-json\/wp\/v2\/types\/post"}],"author":[{"embeddable":true,"href":"https:\/\/www.europesays.com\/pl\/wp-json\/wp\/v2\/users\/2"}],"replies":[{"embeddable":true,"href":"https:\/\/www.europesays.com\/pl\/wp-json\/wp\/v2\/comments?post=664046"}],"version-history":[{"count":0,"href":"https:\/\/www.europesays.com\/pl\/wp-json\/wp\/v2\/posts\/664046\/revisions"}],"wp:featuredmedia":[{"embeddable":true,"href":"https:\/\/www.europesays.com\/pl\/wp-json\/wp\/v2\/media\/664047"}],"wp:attachment":[{"href":"https:\/\/www.europesays.com\/pl\/wp-json\/wp\/v2\/media?parent=664046"}],"wp:term":[{"taxonomy":"category","embeddable":true,"href":"https:\/\/www.europesays.com\/pl\/wp-json\/wp\/v2\/categories?post=664046"},{"taxonomy":"post_tag","embeddable":true,"href":"https:\/\/www.europesays.com\/pl\/wp-json\/wp\/v2\/tags?post=664046"}],"curies":[{"name":"wp","href":"https:\/\/api.w.org\/{rel}","templated":true}]}}