{"id":664068,"date":"2026-09-03T05:54:16","date_gmt":"2026-09-03T05:54:16","guid":{"rendered":"https:\/\/www.europesays.com\/pl\/664068\/"},"modified":"2026-09-03T05:54:16","modified_gmt":"2026-09-03T05:54:16","slug":"kto-nowym-prezydentem-krakowa-dzis-kluczowy-dzien","status":"publish","type":"post","link":"https:\/\/www.europesays.com\/pl\/664068\/","title":{"rendered":"Kto nowym prezydentem Krakowa? Dzi\u015b kluczowy dzie\u0144"},"content":{"rendered":"<p>&#13;<br \/>\n                    &#13;<br \/>\n                    &#13;<br \/>\n&#13;<br \/>\n                    &#13;<br \/>\n&#13;<\/p>\n<p>0:00<\/p>\n<p>3:31<\/p>\n<p>                    Pos\u0142uchaj artyku\u0142u<br \/>\n                    &#13;<br \/>\n                        Czytane g\u0142osem AI&#13;<br \/>\n                        &#13;<\/p>\n<p>&#13;<br \/>\n&#13;<br \/>\n&#13;<\/p>\n<p class=\"article-page__lead\">Wybory prezydenta Krakowa coraz bli\u017cej. Kto ostatecznie stanie do walki o fotel prezydencki? W czwartek 3 wrze\u015bnia do godz. 16 ewentualni kandydaci maj\u0105 czas na z\u0142o\u017cenie w miejskiej komisji wyborczej co najmniej 3 tys. podpis\u00f3w wraz z danymi takimi jak m.in. PESEL i adres.<\/p>\n<p>&#13;<br \/>\n                                    &#13;<br \/>\n                        &#13;<br \/>\n                        &#13;<br \/>\n                        <img decoding=\"async\" src=\"https:\/\/www.europesays.com\/pl\/wp-content\/uploads\/2026\/09\/wybory-prezydenta-krakowa-zblizaja-sie-wielkimi-krokami-fot-966x643-298bb764.jpg\" alt=\"Kto nowym prezydentem Krakowa? Dzi\u015b kluczowy dzie\u0144\" class=\"article-page__image\" loading=\"lazy\"\/>&#13;<\/p>\n<p>&#13;<br \/>\n                                                                    Wybory prezydenta Krakowa zbli\u017caj\u0105 si\u0119 wielkimi krokami, fot. \u0141ukasz G\u0105gulski&#13;<br \/>\n                                                                                                    \/PAP&#13;\n                                                            <\/p>\n<p>&#13;<\/p>\n<p>Wed\u0142ug ostatnich, uzyskanych w \u015brod\u0119 wieczorem przez PAP informacji w miejskiej komisji wyborczej, zarejestrowani jako kandydaci na prezydenta Krakowa zostali Micha\u0142 Drewnicki (PiS) i Aleksandra Owca (Partia Razem). Weryfikowane by\u0142y nadal zg\u0142oszenia Jana Hoffmana (radnego dzielnicy Stare Miasto) oraz senator Moniki Pi\u0105tkowskiej (KO, PSL).<\/p>\n<p>Sztab wyborczy Bartosza Boche\u0144czaka (Konfederacja) poinformowa\u0142 w \u015brod\u0119, \u017ce we wtorek r\u00f3wnie\u017c z\u0142o\u017cy\u0142 wymagan\u0105 liczb\u0119 podpis\u00f3w w komisji wyborczej. W ostatnim oficjalnym komunikacie (\u015broda) komisja nie wymienia jednak zg\u0142oszenia Boche\u0144czaka w\u015br\u00f3d zg\u0142osze\u0144 weryfikowanych.<\/p>\n<p><a href=\"https:\/\/www.rmf24.pl\/regiony\/krakow\/news-tyle-kosztowalo-ich-odwolanie-aleksandra-miszalskiego-byl-pr,nIdn,1016089\" rel=\"nofollow noopener\" target=\"_blank\"><img decoding=\"async\" src=\"https:\/\/www.europesays.com\/pl\/wp-content\/uploads\/2026\/09\/1788414856_817_aleksander-miszalski-lukasz-gibala-fot-966x643-4f501029.jpg\" width=\"290\" alt=\"\"\/><\/a><a href=\"https:\/\/www.rmf24.pl\/regiony\/krakow\/news-tyle-kosztowalo-ich-odwolanie-aleksandra-miszalskiego-byl-pr,nIdn,1016089\" rel=\"nofollow noopener\" target=\"_blank\">Tyle kosztowa\u0142o ich odwo\u0142anie Aleksandra Miszalskiego. By\u0142 praktycznie jeden sponsor<\/a><\/p>\n<p>Stowarzyszenie Krak\u00f3w dla Mieszka\u0144c\u00f3w, kt\u00f3rego liderem jest \u0141ukasz Giba\u0142a, sfinansowa\u0142o blisko 95 proc. kampanii referendalnej zach\u0119caj\u0105cej do udzia\u0142u w g\u0142osowaniu w sprawie odwo\u0142ania prezydenta Krakowa Aleksandra Miszalskiego. Na dzia\u0142ania zwi\u0105zane\u2026<\/p>\n<p>Co z \u0141ukaszem Giba\u0142\u0105?<\/p>\n<p>Podpisy w czwartek wci\u0105\u017c ma zbiera\u0107 faworyt w wyborach &#8211; radny miejski, za\u0142o\u017cyciel stowarzyszenia Krak\u00f3w dla Mieszka\u0144c\u00f3w \u0141ukasz Giba\u0142a. <a href=\"https:\/\/www.rmf24.pl\/regiony\/krakow\/news-wybory-w-krakowie-gibala-ma-problem-odrzucono-wiekszosc-zebr,nIdn,1015867\" target=\"_blank\" rel=\"noopener noreferrer nofollow\">Wcze\u015bniej uzyska\u0142 on niemal 5,5 tys. podpis\u00f3w, ale w poniedzia\u0142ek komisja wyborcza odrzuci\u0142a jego zg\u0142oszenie<\/a>, uznaj\u0105c wi\u0119kszo\u015b\u0107 \u2013 ponad 3 tys. \u2013 podpis\u00f3w za niewa\u017cne z powodu braku s\u0142owa \u201eKrak\u00f3w\u201d przy adresie mieszka\u0144ca. Jako prawid\u0142owe komisja oceni\u0142a 1613 podpis\u00f3w, co oznacza, \u017ce kandydat potrzebuje ich jeszcze 1387.<\/p>\n<p>B\u0119dziemy zbiera\u0107, bo chcemy mie\u0107 du\u017c\u0105 'g\u00f3rk\u0119&#8217;. Idzie bardzo dobrze. W naszym biurze s\u0105 takie godziny, np. kiedy mieszka\u0144cy wracaj\u0105 z pracy, \u017ce ustawiaj\u0105 si\u0119 kolejki, by z\u0142o\u017cy\u0107 podpis. To dla nas bardzo motywuj\u0105ce \u2013 powiedzia\u0142a w \u015brod\u0119 Renata Ropska ze sztabu Giba\u0142y, zapytana o to, czy kandydat planuje zbi\u00f3rk\u0119 jeszcze w czwartek.<\/p>\n<p>W czwartek karty z podpisami poparcia zamierza zanie\u015b\u0107 do komisji jedna z aktywniejszych kandydatek, pose\u0142 Daria Gosek-Popio\u0142ek (Lewica). Jej biuro przekaza\u0142o w \u015brod\u0119, \u017ce wymagane minimum 3 tys. podpis\u00f3w ju\u017c jest, ale w \u015brod\u0119 nadal prowadzona by\u0142a zbi\u00f3rka, by uzyska\u0107 jak najwi\u0119kszy zapas.<\/p>\n<p>Kiedy wybory prezydenta Krakowa?<\/p>\n<p>Przedterminowe wybory na prezydenta Krakowa odb\u0119d\u0105 si\u0119 27 wrze\u015bnia po tym, jak w referendum odwo\u0142any z tej funkcji zosta\u0142 Aleksander Miszalski (KO). Ewentualna II tura wypad\u0142aby 11 pa\u017adziernika.<\/p>\n<p>W\u015br\u00f3d 23 komitet\u00f3w wyborczych, planuj\u0105cych wystawi\u0107 kandydata, jest 10 komitet\u00f3w partii politycznych, jeden komitet organizacji oraz 12 komitet\u00f3w wyborc\u00f3w.<\/p>\n<p>Do 14 wrze\u015bnia miejska komisja wyborcza poda do publicznej wiadomo\u015bci obwieszczenie o zarejestrowanych, w kolejno\u015bci alfabetycznej, kandydatach na prezydenta miasta.<\/p>\n<p>Oni zapowiedzieli walk\u0119 o fotel prezydenta<\/p>\n<p>Walk\u0119 o fotel prezydenta Krakowa zapowiedzieli m.in. Marian Bana\u015b (by\u0142y prezes Najwy\u017cszej Izby Kontroli), Bartosz Boche\u0144czak (Konfederacja), Micha\u0142 Drewnicki (PiS), \u0141ukasz Giba\u0142a (komitet Krak\u00f3w dla Mieszka\u0144c\u00f3w), Daria Gosek-Popio\u0142ek (Lewica), Jan Hoffman (jeden z inicjator\u00f3w majowego referendum), Micha\u0142 Klimek (Konfederacja Korony Polskiej), Aleksandra Owca (Partia Razem), Monika Pi\u0105tkowska (komitet Ponad Podzia\u0142ami, poparcie KO i PSL), S\u0142awomir Pietrzyk (Socjaldemokracja Polska), Marianna Schreiber (celebrytka), Gra\u017cyna Zofia \u015awiat (Bezpartyjni Samorz\u0105dowcy Ma\u0142opolski), \u0141ukasz Wantuch (by\u0142y radny Krakowa).<\/p>\n<p>Do czasu wyboru nowego prezydenta Krakowa funkcj\u0119 t\u0119 pe\u0142ni wcze\u015bniejszy zast\u0119pca odwo\u0142anego prezydenta \u2013 Stanis\u0142aw Kracik.<\/p>\n","protected":false},"excerpt":{"rendered":"&#13; &#13; &#13; &#13; &#13; &#13; 0:00 3:31 Pos\u0142uchaj artyku\u0142u &#13; Czytane g\u0142osem AI&#13; &#13; &#13; &#13; &#13;&hellip;\n","protected":false},"author":2,"featured_media":664069,"comment_status":"","ping_status":"","sticky":false,"template":"","format":"standard","meta":{"footnotes":"","_share_on_mastodon":"0"},"categories":[51606],"tags":[1304,42,38,40,39,41],"class_list":["post-664068","post","type-post","status-publish","format-standard","has-post-thumbnail","category-krakow","tag-krakow","tag-pl","tag-poland","tag-polish","tag-polska","tag-polski"],"share_on_mastodon":{"url":"https:\/\/pubeurope.com\/@pl\/117205564200659363","error":""},"_links":{"self":[{"href":"https:\/\/www.europesays.com\/pl\/wp-json\/wp\/v2\/posts\/664068","targetHints":{"allow":["GET"]}}],"collection":[{"href":"https:\/\/www.europesays.com\/pl\/wp-json\/wp\/v2\/posts"}],"about":[{"href":"https:\/\/www.europesays.com\/pl\/wp-json\/wp\/v2\/types\/post"}],"author":[{"embeddable":true,"href":"https:\/\/www.europesays.com\/pl\/wp-json\/wp\/v2\/users\/2"}],"replies":[{"embeddable":true,"href":"https:\/\/www.europesays.com\/pl\/wp-json\/wp\/v2\/comments?post=664068"}],"version-history":[{"count":0,"href":"https:\/\/www.europesays.com\/pl\/wp-json\/wp\/v2\/posts\/664068\/revisions"}],"wp:featuredmedia":[{"embeddable":true,"href":"https:\/\/www.europesays.com\/pl\/wp-json\/wp\/v2\/media\/664069"}],"wp:attachment":[{"href":"https:\/\/www.europesays.com\/pl\/wp-json\/wp\/v2\/media?parent=664068"}],"wp:term":[{"taxonomy":"category","embeddable":true,"href":"https:\/\/www.europesays.com\/pl\/wp-json\/wp\/v2\/categories?post=664068"},{"taxonomy":"post_tag","embeddable":true,"href":"https:\/\/www.europesays.com\/pl\/wp-json\/wp\/v2\/tags?post=664068"}],"curies":[{"name":"wp","href":"https:\/\/api.w.org\/{rel}","templated":true}]}}