{"id":664072,"date":"2026-09-03T05:56:15","date_gmt":"2026-09-03T05:56:15","guid":{"rendered":"https:\/\/www.europesays.com\/pl\/664072\/"},"modified":"2026-09-03T05:56:15","modified_gmt":"2026-09-03T05:56:15","slug":"siatkowka-kobiet-polska-holandia-w-cwiercfinale-me-data-i-godzina-meczu","status":"publish","type":"post","link":"https:\/\/www.europesays.com\/pl\/664072\/","title":{"rendered":"Siatk\u00f3wka kobiet. Polska \u2013 Holandia w \u0107wier\u0107finale ME. Data i godzina meczu"},"content":{"rendered":"<p><img decoding=\"async\" data-nuxt-img=\"\"   onerror=\"this.setAttribute('data-error', 1)\" alt=\"Polskie siatkarki\" fetchpriority=\"high\" src=\"https:\/\/www.europesays.com\/pl\/wp-content\/uploads\/2026\/09\/pap_20260831_1v7-ratio-3x2-1.jpg\" data-v-f60c0091=\"\"\/>Polskie siatkarki w czwartek zagraj\u0105 w Stambule z Holandi\u0105 o awans do p\u00f3\u0142fina\u0142u mistrzostw Europy. (fot. AA\/ABACA \/ PAP)<\/p>\n<p class=\"post-excerpt desktop:order-1 desktop:font-bold my-0!\" data-v-99641e1f=\"\">Polskie siatkarki w czwartek zagraj\u0105 w Stambule z Holandi\u0105 o awans do p\u00f3\u0142fina\u0142u mistrzostw Europy. Bia\u0142o-czerwone wygra\u0142y ju\u017c sze\u015b\u0107 mecz\u00f3w z rz\u0119du i s\u0105 faworytkami starcia. W p\u00f3\u0142finale na zwyci\u0119zc\u0119 czeka faworyzowana Italia.<\/p>\n<p>Polska (komplet sze\u015bciu zwyci\u0119stw) zmierzy si\u0119 w \u0107wier\u0107finale ME z Holandi\u0105, notowan\u0105 ni\u017cej w rankingu FIVB i z jedn\u0105 pora\u017ck\u0105 w grupie. Zespo\u0142y dobrze si\u0119 znaj\u0105 \u2013 kilka Holenderek gra\u0142o lub gra w polskich klubach, a w tegorocznej Lidze Narod\u00f3w Polki wygra\u0142y z Holandi\u0105 3:1. Zwyci\u0119zca czwartkowego meczu zagra w p\u00f3\u0142finale z W\u0142ochami, a stawk\u0105 jest pierwszy od 17 lat medal ME dla Polek. <\/p>\n<p>Polskie siatkarki w czwartek mog\u0105 uczyni\u0107 du\u017cy krok na drodze do zdobycia pierwszego od 17 lat medalu mistrzostw Europy. W \u0107wier\u0107finale w Stambule zmierz\u0105 si\u0119 z ni\u017cej notowan\u0105 Holandi\u0105, z kt\u00f3r\u0105 w ostatnim czasie regularnie wygrywa\u0142y. W p\u00f3\u0142finale na zwyci\u0119zc\u0119 czeka ju\u017c uchodz\u0105ca za faworyta ca\u0142ego turnieju Italia.<\/p>\n<p><a href=\"https:\/\/zero.pl\/news\/tajemnice-muzeum-auschwitz-i-mieszkanie-dla-dyrektora-cywinskiego-za-13401-zl-miesiecznie\" class=\"\" rel=\"nofollow noopener\" target=\"_blank\">Tajemnice Muzeum Auschwitz i mieszkanie dla dyrektora Cywi\u0144skiego za 134,01 z\u0142 miesi\u0119cznie<\/a><\/p>\n<p>Bia\u0142o-czerwone z kompletem sze\u015bciu zwyci\u0119stw zameldowa\u0142y si\u0119 w najlepszej \u00f3semce turnieju. Rywalki dozna\u0142y jednej pora\u017cki w fazie grupowej \u2013 z Belgi\u0105 2:3. Holenderki mia\u0142y te\u017c spore k\u0142opoty w 1\/8 fina\u0142u, kiedy to dopiero po tie-breaku wyeliminowa\u0142y reprezentacj\u0119 S\u0142owenii.<\/p>\n<p>Dru\u017cyna z kraju tulipan\u00f3w jest bardzo dobrze znana polskim siatkarkom. Oba zespo\u0142y do\u015b\u0107 regularnie graj\u0105 ze sob\u0105, a kilka zawodniczek Holandii jest lub by\u0142o zwi\u0105zanych z polskimi klubami.<\/p>\n<p>Znajome twarze po obu stronach siatki<\/p>\n<p>Niezwykle do\u015bwiadczona \u015brodkowa Indy Baijens w sezonie 2020\/21 wyst\u0119powa\u0142a w Grupie Azoty Chemiku Police. Z kolei obie przyjmuj\u0105ce \u2013 Marrit Jasper i Laura Jensen \u2013 to zawodniczki DevelopResu Rzesz\u00f3w i jednocze\u015bnie kole\u017canki klubowe Alicji Grabki oraz Julity Piaseckiej. W przerwie letniej \u0141KS Commercecon \u0141\u00f3d\u017a podpisa\u0142 z kolei kontrakt z atakuj\u0105c\u0105 Elles Dambrink.<\/p>\n<p>Oba zespo\u0142y spotka\u0142y si\u0119 ju\u017c w tegorocznej edycji Ligi Narod\u00f3w \u2013 podopieczne trenera Stefano Lavariniego wygra\u0142y w\u00f3wczas 3:1. Takim samym wynikiem zako\u0144czy\u0142o si\u0119 r\u00f3wnie\u017c ubieg\u0142oroczne spotkanie tych dru\u017cyn w Lidze Narod\u00f3w. W rankingu FIVB Polska zajmuje czwarte miejsce, a Holandia \u2013 \u00f3sme.<\/p>\n<p>Ekip\u0119 \u201eOranje\u201d od 2023 r. prowadzi niemiecki szkoleniowiec Felix Koslowski, kt\u00f3ry wcze\u015bniej przez sze\u015b\u0107 lat pe\u0142ni\u0142 funkcj\u0119 selekcjonera reprezentacji Niemiec. Ju\u017c w pierwszym roku pracy z holenderskimi siatkarkami si\u0119gn\u0105\u0142 z nimi po br\u0105zowy medal mistrzostw Europy.<\/p>\n<p>Stawka meczu \u2013 powr\u00f3t na podium po latach<\/p>\n<p>Bia\u0142o-czerwone po raz ostatni na podium mistrzostw Europy stan\u0119\u0142y w 2009 r. w \u0141odzi \u2013 w\u00f3wczas wywalczy\u0142y br\u0105z. Od tamtej pory reprezentacja Polski czeka na kolejny medal wielkiej imprezy.<\/p>\n<p>Je\u015bli podopieczne Stefano Lavariniego wygraj\u0105 z Holandi\u0105, w p\u00f3\u0142finale zmierz\u0105 si\u0119 z W\u0142ochami. Na swojego rywala czeka ju\u017c drugi p\u00f3\u0142finalista tej cz\u0119\u015bci drabinki \u2013 reprezentacja Serbii.<\/p>\n<p>Czwartkowy mecz Polski z Holandi\u0105 rozpocznie si\u0119 o godzinie 15. Trzy godziny p\u00f3\u017aniej, w drugim \u0107wier\u0107finale, gospodynie turnieju Turczynki zmierz\u0105 si\u0119 z Niemkami.<\/p>\n<p>Obejrzyj tak\u017ce:<\/p>\n","protected":false},"excerpt":{"rendered":"Polskie siatkarki w czwartek zagraj\u0105 w Stambule z Holandi\u0105 o awans do p\u00f3\u0142fina\u0142u mistrzostw Europy. (fot. AA\/ABACA \/&hellip;\n","protected":false},"author":2,"featured_media":664073,"comment_status":"","ping_status":"","sticky":false,"template":"","format":"standard","meta":{"footnotes":"","_share_on_mastodon":"0"},"categories":[12],"tags":[1786,42,38,40,39,41,127],"class_list":["post-664072","post","type-post","status-publish","format-standard","has-post-thumbnail","category-polska","tag-holandia","tag-pl","tag-poland","tag-polish","tag-polska","tag-polski","tag-sport"],"share_on_mastodon":{"url":"https:\/\/pubeurope.com\/@pl\/117205571927564270","error":""},"_links":{"self":[{"href":"https:\/\/www.europesays.com\/pl\/wp-json\/wp\/v2\/posts\/664072","targetHints":{"allow":["GET"]}}],"collection":[{"href":"https:\/\/www.europesays.com\/pl\/wp-json\/wp\/v2\/posts"}],"about":[{"href":"https:\/\/www.europesays.com\/pl\/wp-json\/wp\/v2\/types\/post"}],"author":[{"embeddable":true,"href":"https:\/\/www.europesays.com\/pl\/wp-json\/wp\/v2\/users\/2"}],"replies":[{"embeddable":true,"href":"https:\/\/www.europesays.com\/pl\/wp-json\/wp\/v2\/comments?post=664072"}],"version-history":[{"count":0,"href":"https:\/\/www.europesays.com\/pl\/wp-json\/wp\/v2\/posts\/664072\/revisions"}],"wp:featuredmedia":[{"embeddable":true,"href":"https:\/\/www.europesays.com\/pl\/wp-json\/wp\/v2\/media\/664073"}],"wp:attachment":[{"href":"https:\/\/www.europesays.com\/pl\/wp-json\/wp\/v2\/media?parent=664072"}],"wp:term":[{"taxonomy":"category","embeddable":true,"href":"https:\/\/www.europesays.com\/pl\/wp-json\/wp\/v2\/categories?post=664072"},{"taxonomy":"post_tag","embeddable":true,"href":"https:\/\/www.europesays.com\/pl\/wp-json\/wp\/v2\/tags?post=664072"}],"curies":[{"name":"wp","href":"https:\/\/api.w.org\/{rel}","templated":true}]}}