{"id":664074,"date":"2026-09-03T05:57:14","date_gmt":"2026-09-03T05:57:14","guid":{"rendered":"https:\/\/www.europesays.com\/pl\/664074\/"},"modified":"2026-09-03T05:57:14","modified_gmt":"2026-09-03T05:57:14","slug":"wiedza-praktyka-profesjonalizm-rekrutacja-w-warszawskiej-uczelni-medycznej-do-konca-wrzesnia","status":"publish","type":"post","link":"https:\/\/www.europesays.com\/pl\/664074\/","title":{"rendered":"Wiedza, praktyka, profesjonalizm. Rekrutacja w Warszawskiej Uczelni Medycznej do ko\u0144ca wrze\u015bnia!"},"content":{"rendered":"<p>Rekrutacja na rok akademicki 2026\/2027 w Warszawskiej Uczelni Medycznej potrwa do ko\u0144ca wrze\u015bnia. Zosta\u0142y ostatnie wolne miejsca!<\/p>\n<p><img loading=\"lazy\" decoding=\"async\" style=\"aspect-ratio:1771\/1531;\" src=\"https:\/\/www.europesays.com\/pl\/wp-content\/uploads\/2026\/09\/wumed-rektor-w-debski-male.jpg\" width=\"1771\" height=\"1531\"\/>dr Waldemar D\u0119bski, rektor WUMed.<\/p>\n<p>W tym roku liczba ch\u0119tnych na kierunki medyczne by\u0142a zdecydowanie wi\u0119ksza ni\u017c limity przyj\u0119\u0107, kt\u00f3re okre\u015blili\u015bmy ze wzgl\u0119du na utrzymanie najwy\u017cszej jako\u015b\u0107 kszta\u0142cenia. Wcze\u015bniej ni\u017c w latach ubieg\u0142ych zako\u0144czyli\u015bmy rekrutacj\u0119 na studia licencjackie na kierunkach piel\u0119gniarstwo oraz elektroradiologia &#8211; niestacjonarne. Wszystkim zainteresowanym pozosta\u0142ymi kierunkami medycznymi i z zakresu nauk o zdrowiu &#8211; przypominamy &#8211; tylko pe\u0142ne doko\u0144czenie formalno\u015bci rekrutacyjnych zapewnia miejsce na I roku studi\u00f3w w WUMed. &#8211;\u00a0m\u00f3wi dr Waldemar D\u0119bski, rektor WUMed.<\/p>\n<p>WUMed prowadzi studia licencjackie i magisterskie na kierunkach: piel\u0119gniarstwo, po\u0142o\u017cnictwo,\u00a0<a href=\"https:\/\/wumed.edu.pl\/pl\/kierunki-studiow\/ratownictwo-medyczne\/studia-magisterskie-1784.html\" target=\"_blank\" rel=\"nofollow noopener\">ratownictwo medyczne<\/a>, elektroradiologia, kosmetologia, dietetyka, jednolite studia magisterskie na kierunku fizjoterapia, a tak\u017ce studia licencjackie pomostowe na kierunkach piel\u0119gniarstwo i po\u0142o\u017cnictwo.<\/p>\n<p>Studia prowadzone s\u0105 w trybie stacjonarnym i niestacjonarnym.<\/p>\n<p><img loading=\"lazy\" decoding=\"async\" style=\"aspect-ratio:1050\/300;\" src=\"https:\/\/www.europesays.com\/pl\/wp-content\/uploads\/2026\/09\/133.jpg\" width=\"1050\" height=\"300\"\/><a href=\"https:\/\/wumed.edu.pl\/pl\/kierunki-studiow.html\" rel=\"nofollow noopener\" target=\"_blank\">Kierunki studi\u00f3w<\/a> <a href=\"https:\/\/wumed.edu.pl\/pl\/kierunki-studiow\/ratownictwo-medyczne.html\" rel=\"nofollow noopener\" target=\"_blank\">Ratownictwo Medyczne<\/a><\/p>\n<p>Absolwenci uczelni przy Bobrowieckiej 9, znajduj\u0105 zatrudnienie w renomowanych plac\u00f3wkach medycznych.\u00a0<\/p>\n<p>Z satysfakcj\u0105 przyj\u0119li\u015bmy zestawienie wiod\u0105cej agencji rekrutacji i pracy &#8211; Personnal Service, w kt\u00f3rym Warszawska Uczelnia Medyczna im. Tadeusza Ko\u017aluka widnieje dwukrotnie, jako uczelnia zapewniaj\u0105ca kwalifikacje zawodowe gwarantuj\u0105ce najwy\u017csze wynagrodzenie absolwent\u00f3w piel\u0119gniarstwa i po\u0142o\u017cnictwa. &#8211; informuje dr Waldemar D\u0119bski, rektor WUMed.<\/p>\n<p>Uczelnia stawia na jako\u015b\u0107 kszta\u0142cenia. Oddaje do dyspozycji student\u00f3w nowoczesne, zaawansowane technologicznie pracownie, stworzone z my\u015bl\u0105 o praktycznej nauce zawod\u00f3w medycznych i kierunk\u00f3w z obszaru nauk o zdrowiu. Szczeg\u00f3ln\u0105 rol\u0119 odgrywa\u00a0<a href=\"https:\/\/wumed.edu.pl\/pl\/centrum-symulacji-medycznej.html\" target=\"_blank\" rel=\"nofollow noopener\">Centrum Symulacji Medycznej<\/a>, obejmuj\u0105ce pracowni\u0119 umiej\u0119tno\u015bci piel\u0119gniarskich, opieki po\u0142o\u017cniczej oraz pracowni\u0119 symulacji zabieg\u00f3w resuscytacyjnych. Ka\u017cda z tych przestrzeni zosta\u0142a dodatkowo wyposa\u017cona w system wirtualnej rzeczywisto\u015bci.<\/p>\n<p><img loading=\"lazy\" decoding=\"async\" style=\"aspect-ratio:1050\/300;\" src=\"https:\/\/www.europesays.com\/pl\/wp-content\/uploads\/2026\/09\/187.jpg\" width=\"1050\" height=\"300\"\/>Pracownia Wirtualnej Rzeczywisto\u015bci<\/p>\n<p>Prof. Joanna Jasi\u0144ska, prorektor ds. dydaktycznych i rozwoju Warszawskiej Uczelni Medycznej informuje: Kszta\u0142cimy w najwy\u017cszym standardzie. Wiedza, praktyka i profesjonalizm to fundamenty przygotowania przysz\u0142ych medyk\u00f3w. Dysponujemy zaawansowanymi pracowniami m.in.: ratownictwa medycznego, fizjoterapii, biofizyki i anatomii radiologicznej wyposa\u017conymi w najbardziej aktualne na rynku oprogramowanie i sprz\u0119t.<\/p>\n<p>Studenci maj\u0105 mo\u017cliwo\u015b\u0107 \u0107wiczenia w warunkach zbli\u017conych do rzeczywistych z wykorzystaniem zaawansowanych technologicznie symulator\u00f3w pacjenta i wysokiej klasy sprz\u0119tu medycznego, m.in. profesjonalnych kardiomonitor\u00f3w, aparat\u00f3w ultrasonograficznych a nawet rezonansu magnetycznego i tomografu komputerowego. Zaj\u0119cia praktyczne odbywaj\u0105 si\u0119 r\u00f3wnie\u017c na oddzia\u0142ach szpitalnych o r\u00f3\u017cnej referencyjno\u015bci, w Warszawie i wojew\u00f3dztwie mazowieckim.\u00a0<\/p>\n<p><img loading=\"lazy\" decoding=\"async\" style=\"aspect-ratio:500\/334;\" src=\"https:\/\/www.europesays.com\/pl\/wp-content\/uploads\/2026\/09\/1429.jpg\" width=\"500\" height=\"334\"\/><\/p>\n<p>Nie bez znaczenia dla rozwoju zawodowego przysz\u0142ych medyk\u00f3w jest mo\u017cliwo\u015b\u0107 odbycia praktyk zagranicznych w ramach programu\u00a0<a href=\"https:\/\/wumed.edu.pl\/pl\/wspolpraca-miedzynarodowa\/erasmus\/erasmus-2026-nabor-zakonczony.html\" target=\"_blank\" rel=\"nofollow noopener\">Erasmus+<\/a> Student Mobility for Traineeships.\u00a0<\/p>\n<p>W tym roku akademickim nasi studenci praktykowali w szpitalach klinicznych w Hiszpanii, Grecji i Austrii. Dzi\u0119ki pozyskanym \u015brodkom unijnym w wyniku konkursu, w roku akademickim 2026\/27, z praktyk w mi\u0119dzynarodowym \u015brodowisku medycznym skorzysta wi\u0119ksza liczba student\u00f3w Warszawskiej Uczelni Medycznej. &#8211; dodaje prof. Jasi\u0144ska.<\/p>\n<p>Dodatkowym atutem Warszawskiej Uczelni Medycznej jest konkurencyjne czesne w\u015br\u00f3d uczelni niepublicznych o profilu medycznym.\u00a0<\/p>\n<p>Wi\u0119cej informacji na <a href=\"https:\/\/wumed.edu.pl\/\" target=\"_blank\" rel=\"nofollow noopener\">www.wumed.edu.pl<\/a><\/p>\n<p><img loading=\"lazy\" decoding=\"async\" style=\"aspect-ratio:1736\/1063;\" src=\"https:\/\/www.europesays.com\/pl\/wp-content\/uploads\/2026\/09\/na-www-rerutacja-147x90.jpg\" width=\"1736\" height=\"1063\"\/><\/p>\n","protected":false},"excerpt":{"rendered":"Rekrutacja na rok akademicki 2026\/2027 w Warszawskiej Uczelni Medycznej potrwa do ko\u0144ca wrze\u015bnia. Zosta\u0142y ostatnie wolne miejsca! dr&hellip;\n","protected":false},"author":2,"featured_media":664075,"comment_status":"","ping_status":"","sticky":false,"template":"","format":"standard","meta":{"footnotes":"","_share_on_mastodon":"0"},"categories":[51605],"tags":[42,38,40,39,41,435],"class_list":["post-664074","post","type-post","status-publish","format-standard","has-post-thumbnail","category-warszawa","tag-pl","tag-poland","tag-polish","tag-polska","tag-polski","tag-warszawa"],"share_on_mastodon":{"url":"https:\/\/pubeurope.com\/@pl\/117205576030396613","error":""},"_links":{"self":[{"href":"https:\/\/www.europesays.com\/pl\/wp-json\/wp\/v2\/posts\/664074","targetHints":{"allow":["GET"]}}],"collection":[{"href":"https:\/\/www.europesays.com\/pl\/wp-json\/wp\/v2\/posts"}],"about":[{"href":"https:\/\/www.europesays.com\/pl\/wp-json\/wp\/v2\/types\/post"}],"author":[{"embeddable":true,"href":"https:\/\/www.europesays.com\/pl\/wp-json\/wp\/v2\/users\/2"}],"replies":[{"embeddable":true,"href":"https:\/\/www.europesays.com\/pl\/wp-json\/wp\/v2\/comments?post=664074"}],"version-history":[{"count":0,"href":"https:\/\/www.europesays.com\/pl\/wp-json\/wp\/v2\/posts\/664074\/revisions"}],"wp:featuredmedia":[{"embeddable":true,"href":"https:\/\/www.europesays.com\/pl\/wp-json\/wp\/v2\/media\/664075"}],"wp:attachment":[{"href":"https:\/\/www.europesays.com\/pl\/wp-json\/wp\/v2\/media?parent=664074"}],"wp:term":[{"taxonomy":"category","embeddable":true,"href":"https:\/\/www.europesays.com\/pl\/wp-json\/wp\/v2\/categories?post=664074"},{"taxonomy":"post_tag","embeddable":true,"href":"https:\/\/www.europesays.com\/pl\/wp-json\/wp\/v2\/tags?post=664074"}],"curies":[{"name":"wp","href":"https:\/\/api.w.org\/{rel}","templated":true}]}}