{"id":664076,"date":"2026-09-03T05:58:19","date_gmt":"2026-09-03T05:58:19","guid":{"rendered":"https:\/\/www.europesays.com\/pl\/664076\/"},"modified":"2026-09-03T05:58:19","modified_gmt":"2026-09-03T05:58:19","slug":"to-najwyzszy-budynek-w-polsce-i-jedna-z-najdrozszych-inwestycji","status":"publish","type":"post","link":"https:\/\/www.europesays.com\/pl\/664076\/","title":{"rendered":"To najwy\u017cszy budynek w Polsce i jedna z najdro\u017cszych inwestycji"},"content":{"rendered":"<p>&#13;<br \/>\n                    &#13;<br \/>\n                    &#13;<br \/>\n&#13;<br \/>\n                    &#13;<br \/>\n&#13;<br \/>\n                    &#13;<\/p>\n<p class=\"article-page__lead\">Varso Tower, wraz z a\u017curow\u0105 iglic\u0105 mierz\u0105cy a\u017c 310 metr\u00f3w, jest najwy\u017cszym budynkiem nie tylko w Warszawie i Polsce, ale i w ca\u0142ej Unii Europejskiej. Wie\u017ca, kt\u00f3ra od wrze\u015bnia 2025 roku udost\u0119pnia Warszawiakom i turystom spektakularny taras widokowy na szczycie, przyci\u0105ga uwag\u0119 ju\u017c z daleka.<\/p>\n<p>&#13;<br \/>\n                                    &#13;<br \/>\n                        &#13;<br \/>\n                        &#13;<br \/>\n                        <img decoding=\"async\" src=\"https:\/\/www.europesays.com\/pl\/wp-content\/uploads\/2026\/09\/varso-tower-najwyzszy-budynek-w-unii-europejskiej-fot-966x643-185b6401.jpg\" alt=\"To najwy\u017cszy budynek w Polsce i jedna z najdro\u017cszych inwestycji\" class=\"article-page__image\" loading=\"lazy\"\/>&#13;<\/p>\n<p>&#13;<br \/>\n                                                                    Varso Tower, najwy\u017cszy budynek w Unii Europejskiej, fot. MAREK BAZAK&#13;<br \/>\n                                                                                                    \/East News&#13;\n                                                            <\/p>\n<p>&#13;<\/p>\n<p>3 wrze\u015bnia to \u015bwiatowy dzie\u0144 wie\u017cowc\u00f3w. Data ta ma upami\u0119tnia\u0107 urodziny architekta i wizjonera Louisa Sullivana. Jeszcze do niedawna wie\u017cowce, zwane te\u017c drapaczami chmur, nie kojarzy\u0142y si\u0119 z polskim krajobrazem. Dzi\u015b nasz kraj tak\u017ce ma si\u0119 czym pochwali\u0107 w tej kategorii.\u00a0\u00a0<\/p>\n<p>Najwy\u017cszy budynek w Unii Europejskiej<\/p>\n<p>Varso Tower \u2013 najwy\u017cszy budynek w Polsce i Unii Europejskiej &#8211; to nie tylko jedna wie\u017ca, ale ca\u0142y kompleks trzech budynk\u00f3w. Opr\u00f3cz g\u0142\u00f3wnej, 230-metrowej wie\u017cy (do dachu), inwestycja obejmuje dwie ni\u017csze konstrukcje o wysoko\u015bci 90 i 81 metr\u00f3w.\u00a0<\/p>\n<p>Ca\u0142kowita powierzchnia kompleksu to 140 tysi\u0119cy metr\u00f3w kwadratowych, z czego znaczna cz\u0119\u015b\u0107 parter\u00f3w zosta\u0142a przeznaczona na lokale handlowo-us\u0142ugowe.\u00a0<\/p>\n<p>Budowa, zako\u0144czona we wrze\u015bniu 2022 roku, kosztowa\u0142a oko\u0142o 500 milion\u00f3w euro i by\u0142a jedn\u0105 z najdro\u017cszych inwestycji w historii Warszawy.<\/p>\n<p><a href=\"https:\/\/www.rmf24.pl\/regiony\/wroclaw\/news-we-wroclawiu-powstaje-maly-manhattan-najwyzszy-wiezowiec-w-u,nId,8087159\" rel=\"nofollow noopener\" target=\"_blank\"><img decoding=\"async\" src=\"https:\/\/www.europesays.com\/pl\/wp-content\/uploads\/2026\/09\/000MTI8P98EDLWR3-C0.jpg\" width=\"290\" alt=\"\"\/><\/a><a href=\"https:\/\/www.rmf24.pl\/regiony\/wroclaw\/news-we-wroclawiu-powstaje-maly-manhattan-najwyzszy-wiezowiec-w-u,nId,8087159\" rel=\"nofollow noopener\" target=\"_blank\">We Wroc\u0142awiu powstaje &#8222;ma\u0142y Manhattan&#8221;. Najwy\u017cszy wie\u017cowiec w Unii Europejskiej<\/a><\/p>\n<p>We Wroc\u0142awiu rusza wielka inwestycja, kt\u00f3ra mo\u017ce na zawsze odmieni\u0107 panoram\u0119 miasta. Giant Development Group planuje budow\u0119 najwy\u017cszego wie\u017cowca w Unii Europejskiej \u2013 Giant Tower. Obiekt ma liczy\u0107 a\u017c 272 metry wysoko\u015bci do dachu i wyprzedzi\u0107\u2026<\/p>\n<p>Nowy punkt widokowy w stolicy<\/p>\n<p>Przez dekady to Pa\u0142ac Kultury i Nauki w stolicy by\u0142 niekwestionowanym liderem wysoko\u015bci w Polsce. Dzi\u015b, cho\u0107 nadal imponuje (237 metr\u00f3w do iglicy, 44 pi\u0119tra), jego miejsce na czele przej\u0119\u0142a Varso Tower.\u00a0<\/p>\n<p>Oba budynki oferuj\u0105 niezapomniane widoki na Warszaw\u0119 \u2013 Varso Tower zaprasza na taras widokowy na samym szczycie, a Pa\u0142ac Kultury na 30. pi\u0119trze, na wysoko\u015bci 114 metr\u00f3w.<\/p>\n<p>Varso Tower to nie tylko rekordowa wysoko\u015b\u0107. Obiekt zaprojektowano z my\u015bl\u0105 o nowoczesnych technologiach i ekologii. Po\u0142o\u017cony w sercu dzielnicy Wola, przy ulicy Chmielnej, kompleks sta\u0142 si\u0119 siedzib\u0105 wielu presti\u017cowych firm i jednym z najbardziej rozpoznawalnych adres\u00f3w biznesowych w kraju.<\/p>\n<p><a href=\"https:\/\/www.rmf24.pl\/regiony\/warszawa\/news-bedzie-kontrola-stanu-technicznego-w-varso-tower-z-budynku-s,nIdn,1010229\" rel=\"nofollow noopener\" target=\"_blank\"><img decoding=\"async\" src=\"https:\/\/www.europesays.com\/pl\/wp-content\/uploads\/2026\/09\/varso-tw-966x643-0218dd1a.jpg\" width=\"290\" alt=\"\"\/><\/a><a href=\"https:\/\/www.rmf24.pl\/regiony\/warszawa\/news-bedzie-kontrola-stanu-technicznego-w-varso-tower-z-budynku-s,nIdn,1010229\" rel=\"nofollow noopener\" target=\"_blank\">B\u0119dzie kontrola stanu technicznego w Varso Tower. Z budynku spad\u0142y szyby<\/a><\/p>\n<p>Nadz\u00f3r budowlany sprawdzi stan techniczny budynku Varso Tower w Warszawie &#8211; to ustalenia dziennikarzy RMF FM. W czerwcu z najwy\u017cszego budynku w Unii Europejskiej spad\u0142a szyba, uszkadzaj\u0105c zaparkowane na jezdni trzy samochody. Na szcz\u0119\u015bcie nikt nie\u2026<\/p>\n<p>Pa\u0142acu Kultury nie otocz\u0105 wie\u017cowce?<\/p>\n<p>Liczba wie\u017cowc\u00f3w w Warszawie i Polsce wci\u0105\u017c ro\u015bnie. By\u0142 nawet pomys\u0142, by wie\u017cowcami otoczy\u0107 Pa\u0142ac Kultury i Nauki, kt\u00f3ry nie dla wszystkich jest chlub\u0105 miasta. Kilka miesi\u0119cy temu poinformowano jednak, \u017ce koncepcja si\u0119 zmieni\u0142a.<\/p>\n<p>Wok\u00f3\u0142 PKiN maj\u0105 powsta\u0107 wysokie budynki, lecz b\u0119d\u0105 one zaledwie kilkudziesi\u0119ciometrowe. Typowe wie\u017cowce w tym miejscu nie zostan\u0105 zbudowane.<\/p>\n<p><a href=\"https:\/\/www.rmf24.pl\/regiony\/warszawa\/news-spacer-180-metrow-nad-ziemia-ekstremalny-wyczyn-estonczyka-w,nId,8088800\" rel=\"nofollow noopener\" target=\"_blank\"><img decoding=\"async\" src=\"https:\/\/www.europesays.com\/pl\/wp-content\/uploads\/2026\/09\/000MUYVHVQ4CBM76-C0.jpg\" width=\"290\" alt=\"\"\/><\/a><a href=\"https:\/\/www.rmf24.pl\/regiony\/warszawa\/news-spacer-180-metrow-nad-ziemia-ekstremalny-wyczyn-estonczyka-w,nId,8088800\" rel=\"nofollow noopener\" target=\"_blank\">Spacer 180 metr\u00f3w nad ziemi\u0105. Ekstremalny wyczyn Esto\u0144czyka w Warszawie<\/a><\/p>\n<p>Sukcesem zako\u0144czy\u0142o si\u0119 przej\u015bcie esto\u0144skiego slacklinera po 500-metrowej ta\u015bmie pomi\u0119dzy Pa\u0142acem Kultury i Nauki a Varso Tower w Warszawie. Jaan Roose odby\u0142 ten nietypowy spacer na wysoko\u015bci blisko 180 metr\u00f3w nad ziemi\u0105.<\/p>\n<p>Najwy\u017csze budynki w PolsceVarso Tower (Warszawa) \u2013 310 mPa\u0142ac Kultury i Nauki (Warszawa) \u2013 237 mOlszynki Park (Rzesz\u00f3w) \u2013 221 mWarsaw Spire (Warszawa) \u2013 220 mSky Tower (Wroc\u0142aw) \u2013 212 mWarsaw Trade Tower (Warszawa) \u2013 208 mWarsaw Unit (Warszawa) \u2013 202 mSkyliner (Warszawa) \u2013 195 mQ22 (Warszawa) \u2013 195 mRondo 1 (Warszawa) \/ Z\u0142ota 44 (Warszawa) \u2013 po 192 m<\/p>\n","protected":false},"excerpt":{"rendered":"&#13; &#13; &#13; &#13; &#13; &#13; &#13; Varso Tower, wraz z a\u017curow\u0105 iglic\u0105 mierz\u0105cy a\u017c 310 metr\u00f3w, jest&hellip;\n","protected":false},"author":2,"featured_media":664077,"comment_status":"","ping_status":"","sticky":false,"template":"","format":"standard","meta":{"footnotes":"","_share_on_mastodon":"0"},"categories":[51605],"tags":[42,38,40,39,41,435],"class_list":["post-664076","post","type-post","status-publish","format-standard","has-post-thumbnail","category-warszawa","tag-pl","tag-poland","tag-polish","tag-polska","tag-polski","tag-warszawa"],"share_on_mastodon":{"url":"https:\/\/pubeurope.com\/@pl\/117205579134058718","error":""},"_links":{"self":[{"href":"https:\/\/www.europesays.com\/pl\/wp-json\/wp\/v2\/posts\/664076","targetHints":{"allow":["GET"]}}],"collection":[{"href":"https:\/\/www.europesays.com\/pl\/wp-json\/wp\/v2\/posts"}],"about":[{"href":"https:\/\/www.europesays.com\/pl\/wp-json\/wp\/v2\/types\/post"}],"author":[{"embeddable":true,"href":"https:\/\/www.europesays.com\/pl\/wp-json\/wp\/v2\/users\/2"}],"replies":[{"embeddable":true,"href":"https:\/\/www.europesays.com\/pl\/wp-json\/wp\/v2\/comments?post=664076"}],"version-history":[{"count":0,"href":"https:\/\/www.europesays.com\/pl\/wp-json\/wp\/v2\/posts\/664076\/revisions"}],"wp:featuredmedia":[{"embeddable":true,"href":"https:\/\/www.europesays.com\/pl\/wp-json\/wp\/v2\/media\/664077"}],"wp:attachment":[{"href":"https:\/\/www.europesays.com\/pl\/wp-json\/wp\/v2\/media?parent=664076"}],"wp:term":[{"taxonomy":"category","embeddable":true,"href":"https:\/\/www.europesays.com\/pl\/wp-json\/wp\/v2\/categories?post=664076"},{"taxonomy":"post_tag","embeddable":true,"href":"https:\/\/www.europesays.com\/pl\/wp-json\/wp\/v2\/tags?post=664076"}],"curies":[{"name":"wp","href":"https:\/\/api.w.org\/{rel}","templated":true}]}}