{"id":664078,"date":"2026-09-03T05:59:10","date_gmt":"2026-09-03T05:59:10","guid":{"rendered":"https:\/\/www.europesays.com\/pl\/664078\/"},"modified":"2026-09-03T05:59:10","modified_gmt":"2026-09-03T05:59:10","slug":"tak-amerykanie-potraktowali-ige-swiatek-niezrozumiala-decyzja-na-us-open","status":"publish","type":"post","link":"https:\/\/www.europesays.com\/pl\/664078\/","title":{"rendered":"Tak Amerykanie potraktowali Ig\u0119 \u015awi\u0105tek. Niezrozumia\u0142a decyzja na US Open"},"content":{"rendered":"<p>Korespondencja z Nowego Jorku<\/p>\n<p>Sze\u015b\u0107 lat temu by\u0142 to p\u00f3\u0142fina\u0142 Roland Garros, gdy \u015bwiat dopiero przekonywa\u0142 si\u0119 o niezwyk\u0142ym talencie Polki. Teraz zagraj\u0105 w momencie, gdy Iga jest ju\u017c wielk\u0105 gwiazd\u0105, w mi\u0119dzyczasie osi\u0105gn\u0119\u0142a niewyobra\u017calne sukcesy i zd\u0105\u017cy\u0142a nawet popa\u015b\u0107 w kryzys, z kt\u00f3rego w\u0142a\u015bnie wychodzi. Ale m\u00f3wi\u0105c szczerze, z mojej perspektywy przed czwartkowym meczem wa\u017cniejsze jest to, jak Iga \u015awi\u0105tek zosta\u0142a potraktowana przez w\u0142adze turnieju. W Pary\u017cu i Londynie taka sytuacja nie mia\u0142aby miejsca.<\/p>\n<p><a href=\"https:\/\/przegladsportowy.onet.pl\/\" title=\"Strona g\u0142\u00f3wna serwisu\" aria-label=\"Strona g\u0142\u00f3wna serwisu\" data-astro-prefetch=\"tap\" class=\"ods-a-logo-main-desktop\" rel=\"nofollow noopener\" target=\"_blank\"><img src=\"https:\/\/cdn.przegladsportowy.onet.pl\/img\/Logo_desktop_Onet.svg\" class=\"ods-a-logo-main-desktop__image\" alt=\"Logo\" width=\"107\" height=\"60\" fetchpriority=\"high\" decoding=\"sync\" style=\"height:60px\"\/><\/a><\/p>\n<p class=\"ods-m-google-article__text\">Czytaj nas cz\u0119\u015bciej w Google<\/p>\n<p><a href=\"https:\/\/google.com\/preferences\/source?q=przegladsportowy.onet.pl\" target=\"_blank\" rel=\"noopener noreferrer nofollow\" aria-label=\"Dodaj w Google\" title=\"Dodaj w Google\" class=\"ods-a-button ods-a-button__primary ods-a-button__default ods-a-button-l\">Dodaj w Google<\/a>Dalszy ci\u0105g artyku\u0142u pod materia\u0142em wideoNiezrozumia\u0142a decyzja organizator\u00f3w<\/p>\n<p>Po wielu miesi\u0105cach walki g\u0142\u00f3wnie z sam\u0105 sob\u0105, w ko\u0144cu nadszed\u0142 d\u0142ugo wyczekiwany prze\u0142om. Iga udowodni\u0142a, \u017ce jest w znakomitej formie. Wygra\u0142a turniej w Toronto, a w Cincinnati dotar\u0142a do p\u00f3\u0142fina\u0142u. Jej gra zn\u00f3w przypomina t\u0119 z absolutnie najlepszych lat. W Nowym Jorku rozpocz\u0119\u0142a od bardzo przekonuj\u0105cego zwyci\u0119stwa nad wymagaj\u0105c\u0105 Xiyu Wang.<\/p>\n<p>W drugiej rundzie zmierzy si\u0119 z Nadi\u0105 Podorosk\u0105. Nie jest to oczywi\u015bcie hit, kt\u00f3ry zelektryzuje ca\u0142y \u015bwiat, ale fakt, \u017ce by\u0142a mistrzyni US Open i by\u0142a liderka rankingu zostaje zepchni\u0119ta z dw\u00f3ch najwa\u017cniejszych aren na trzeci co do wielko\u015bci obiekt, Grandstand, budzi m\u00f3j niesmak. To mog\u0142o si\u0119 zdarzy\u0107 tylko w Stanach Zjednoczonych, gdzie organizatorzy znacznie mniej licz\u0105 si\u0119 z zas\u0142ugami najwi\u0119kszych gwiazd ni\u017c w europejskich turniejach wielkoszlemowych.<\/p>\n<p>Dlaczego to ma znaczenie?<\/p>\n<p>Ta decyzja ma ogromne znaczenie w szerszym kontek\u015bcie. Je\u015bli Iga wygra to spotkanie, w kolejnych fazach najprawdopodobniej wr\u00f3ci na kort Louisa Armstronga lub w og\u00f3le wyl\u0105duje po raz pierwszy na ogromnym korcie centralnym Arthura Ashe&#8217;a. Z punktu widzenia budowania rytmu, to najgorszy z mo\u017cliwych scenariuszy.<\/p>\n<p>Na przestrzeni ca\u0142ego turnieju wielkoszlemowego znacznie lepiej jest ogrywa\u0107 si\u0119 na jednym, maksymalnie dw\u00f3ch kortach, by wyczu\u0107 ich specyficzn\u0105 akustyk\u0119, wiatr i nawierzchni\u0119. Skakanie po trzech r\u00f3\u017cnych obiektach sprawia, \u017ce zawodnik na \u017cadnym z nich nie \u0142apie pewno\u015bci siebie. Nie wspominaj\u0105c ju\u017c nawet o tym, \u017ce Grandstand, na kt\u00f3rym \u015awi\u0105tek zagra, nie jest zadaszony, a na czwartek zapowiadane s\u0105 opady deszczu.<\/p>\n<p>Iga ju\u017c po meczu z Wang m\u00f3wi\u0142a, jak jeden kort r\u00f3\u017cni si\u0119 tu od drugiego pod wzgl\u0119dem szybko\u015bci nawierzchni. \u2014 G\u0142\u00f3wne korty s\u0105 wolniejsze ni\u017c te na otwartej przestrzeni \u2014 m\u00f3wi\u0142a.<\/p>\n<p>Tak czy inaczej, przed Polk\u0105 mecz, kt\u00f3ry ma by\u0107 dla niej kolejnym krokiem na tej pi\u0119knej drodze w Ameryce P\u00f3\u0142nocnej. \u015awi\u0105tek osi\u0105ga tam rewelacyjne wyniki w odmienionym nastroju i z odmienion\u0105, znacznie swobodniejsz\u0105 gr\u0105.<\/p>\n<p>Jak sama przyzna\u0142a po meczu pierwszej rundy, czeka j\u0105 teraz starcie z tenisistk\u0105, kt\u00f3ra przede wszystkim utrzymuje pi\u0142k\u0119 w korcie. Je\u015bli Iga zagra na takim poziomie, jak z Chink\u0105, mo\u017cemy by\u0107 ca\u0142kowicie spokojni. W tym meczu najwa\u017cniejsze b\u0119dzie to, co w kontek\u015bcie naszej tenisistki powtarzam regularnie od d\u0142u\u017cszego czasu. Je\u015bli Iga wygra z Ig\u0105 w swojej g\u0142owie, to o ostateczny wynik nie powinni\u015bmy si\u0119 martwi\u0107. A jak b\u0119dzie? Zobaczymy w czwartek o godz. 17.00.<\/p>\n","protected":false},"excerpt":{"rendered":"Korespondencja z Nowego Jorku Sze\u015b\u0107 lat temu by\u0142 to p\u00f3\u0142fina\u0142 Roland Garros, gdy \u015bwiat dopiero przekonywa\u0142 si\u0119 o&hellip;\n","protected":false},"author":2,"featured_media":664079,"comment_status":"","ping_status":"","sticky":false,"template":"","format":"standard","meta":{"footnotes":"","_share_on_mastodon":"0"},"categories":[24],"tags":[61195,252,128391,48,46,42,38,40,39,41,47,127,126,156,22568],"class_list":["post-664078","post","type-post","status-publish","format-standard","has-post-thumbnail","category-sport","tag-bottomfeed_styl","tag-iga_swiatek","tag-nadia_podoroska","tag-nat_styl","tag-omp","tag-pl","tag-poland","tag-polish","tag-polska","tag-polski","tag-screening_general","tag-sport","tag-sports","tag-tenis","tag-us_open"],"share_on_mastodon":{"url":"https:\/\/pubeurope.com\/@pl\/117205582877899031","error":""},"_links":{"self":[{"href":"https:\/\/www.europesays.com\/pl\/wp-json\/wp\/v2\/posts\/664078","targetHints":{"allow":["GET"]}}],"collection":[{"href":"https:\/\/www.europesays.com\/pl\/wp-json\/wp\/v2\/posts"}],"about":[{"href":"https:\/\/www.europesays.com\/pl\/wp-json\/wp\/v2\/types\/post"}],"author":[{"embeddable":true,"href":"https:\/\/www.europesays.com\/pl\/wp-json\/wp\/v2\/users\/2"}],"replies":[{"embeddable":true,"href":"https:\/\/www.europesays.com\/pl\/wp-json\/wp\/v2\/comments?post=664078"}],"version-history":[{"count":0,"href":"https:\/\/www.europesays.com\/pl\/wp-json\/wp\/v2\/posts\/664078\/revisions"}],"wp:featuredmedia":[{"embeddable":true,"href":"https:\/\/www.europesays.com\/pl\/wp-json\/wp\/v2\/media\/664079"}],"wp:attachment":[{"href":"https:\/\/www.europesays.com\/pl\/wp-json\/wp\/v2\/media?parent=664078"}],"wp:term":[{"taxonomy":"category","embeddable":true,"href":"https:\/\/www.europesays.com\/pl\/wp-json\/wp\/v2\/categories?post=664078"},{"taxonomy":"post_tag","embeddable":true,"href":"https:\/\/www.europesays.com\/pl\/wp-json\/wp\/v2\/tags?post=664078"}],"curies":[{"name":"wp","href":"https:\/\/api.w.org\/{rel}","templated":true}]}}