{"id":664080,"date":"2026-09-03T06:00:14","date_gmt":"2026-09-03T06:00:14","guid":{"rendered":"https:\/\/www.europesays.com\/pl\/664080\/"},"modified":"2026-09-03T06:00:14","modified_gmt":"2026-09-03T06:00:14","slug":"mandaryna-opowiedziala-o-powrocie-do-michala-wisniewskiego","status":"publish","type":"post","link":"https:\/\/www.europesays.com\/pl\/664080\/","title":{"rendered":"Mandaryna opowiedzia\u0142a o powrocie do Micha\u0142a Wi\u015bniewskiego"},"content":{"rendered":"<p class=\"article-p\" data-section=\"detail-body\"><a href=\"https:\/\/ludzie.fakt.pl\/mandaryna-przylapana-na-miescie-zrobila-to-po-oswiadczeniu-wisniewskiego\/dy81rc9\" id=\"074654d1-2756-467c-9601-b87ea5332c14\" rel=\"nofollow noopener\" target=\"_blank\">Mandaryna<\/a> po latach zn\u00f3w znalaz\u0142a si\u0119 w centrum uwagi za spraw\u0105 wielkiego powrotu na scen\u0119 oraz zbli\u017caj\u0105cego si\u0119 udzia\u0142u w &#8222;Ta\u0144cu z gwiazdami&#8221;. Prawdziw\u0105 sensacj\u0119 wywo\u0142a\u0142a jednak wiadomo\u015b\u0107 o tym, \u017ce wokalistka po latach ponownie zwi\u0105za\u0142a si\u0119 ze swoim pierwszym m\u0119\u017cem, Micha\u0142em Wi\u015bniewskim. W rozmowie z serwisem Plotek artystka zdradzi\u0142a, jak wygl\u0105da ich codzienno\u015b\u0107 z dala od kalkulacji i jak na ten niespodziewany obr\u00f3t spraw zareagowali ich bliscy.<\/p>\n<p>        Dalszy ci\u0105g artyku\u0142u pod materia\u0142em wideo <\/p>\n<p>        Mandaryna szczerze o powrocie do Micha\u0142a Wi\u015bniewskiego<\/p>\n<p class=\"article-p\" data-section=\"detail-body\">W sieci szybko pojawi\u0142y si\u0119 komentarze sugeruj\u0105ce, \u017ce g\u0142o\u015bny powr\u00f3t do by\u0142ego m\u0119\u017ca ma pom\u00f3c wokalistce w walce o g\u0142osy telewidz\u00f3w w zbli\u017caj\u0105cej si\u0119 edycji &#8222;Ta\u0144ca z Gwiazdami&#8221;. Gwiazda stanowczo odrzuca jednak jakiekolwiek teorie o budowaniu kariery na \u017cyciu prywatnym.<\/p>\n<p class=\"article-p\" data-section=\"detail-body\">\u2014 Jednego z drugim w og\u00f3le nie da si\u0119 \u0142\u0105czy\u0107. Nikt tego nie kalkulowa\u0142 i nikt np. nie organizowa\u0142 trasy pod to (&#8230;) Nie, w og\u00f3le nie my\u015bl\u0119 o naszej relacji w takich kategoriach \u2014 czy co\u015b mi pomo\u017ce, czy zaszkodzi. Ja si\u0119 po prostu ni\u0105 ciesz\u0119, prze\u017cywam i jest mi niezmiernie mi\u0142o. A to, co robi\u0119 zawodowo, to s\u0105 to rzeczy zupe\u0142nie niezwi\u0105zane z moj\u0105 relacj\u0105. Mam nadziej\u0119, \u017ce Micha\u0142 b\u0119dzie trzyma\u0142 za mnie kciuki i tyle \u2014 stwierdzi\u0142a.<\/p>\n<p>        Mandaryna i Wi\u015bniewski nie zamierzali ukrywa\u0107 swojego zwi\u0105zku<\/p>\n<p class=\"article-p\" data-section=\"detail-body\">Para od samego pocz\u0105tku nie zamierza\u0142a robi\u0107 ze swojego zwi\u0105zku sekretu. Zamiast ukrywa\u0107 si\u0119 przed paparazzi, postawili na ca\u0142kowit\u0105 naturalno\u015b\u0107.<\/p>\n<p class=\"article-p\" data-section=\"detail-body\">\u2014 Prawd\u0119 m\u00f3wi\u0105c, to w naszym przypadku w\u0142a\u015bnie nie celebrowali\u015bmy tego w tajemnicy, bo od razu ta sytuacja wysz\u0142a na \u015bwiat\u0142o dzienne \u2014 m\u00f3wi\u0142a.<\/p>\n<p class=\"article-p\" data-section=\"detail-body\">B\u0142yskawicznie prze\u0142o\u017cy\u0142o si\u0119 to na ogromn\u0105 sympati\u0119 internaut\u00f3w, kt\u00f3rzy zasypali sie\u0107 nostalgicznymi grafikami i \u017cartami.<\/p>\n<p class=\"article-p\" data-section=\"detail-body\">\u2014 Mam ca\u0142\u0105 galeri\u0119 mem\u00f3w, kt\u00f3re powsta\u0142y. S\u0105 bardzo urocze. Wi\u0119kszo\u015b\u0107 jest naprawd\u0119 wspania\u0142a (&#8230;) My\u015bl\u0119, \u017ce ludzie bardzo mi\u0142o wspominaj\u0105 czasy swojego dzieci\u0144stwa czy swojej m\u0142odo\u015bci, a my si\u0119 troch\u0119 z tym kojarzymy. I to jest fajne. Kto by nie chcia\u0142 powt\u00f3rzy\u0107 swojego \u017cycia jeszcze raz z m\u0105drzejsz\u0105 g\u0142ow\u0105? \u2014 stwierdzi\u0142a z dystansem.<\/p>\n<p class=\"article-p\" data-section=\"detail-body\"><a href=\"https:\/\/ludzie.fakt.pl\/michal-wisniewski-i-mandaryna-przylapani-na-calusach-milosc-kwitnie-zdjecia\/ws5sxvw\" id=\"47f81618-53ba-4f78-83d1-9e33e1e72d0a\" rel=\"nofollow noopener\" target=\"_blank\">Czu\u0142o\u015bci Mandaryny i Wi\u015bniewskiego na parkingu. Nie mogli oderwa\u0107 od siebie r\u0105k [ZDJ\u0118CIA]<\/a><\/p>\n<p class=\"article-p\" data-section=\"detail-body\"><a href=\"https:\/\/ludzie.fakt.pl\/mandaryna-reaguje-na-oswiadczenie-michala-wisniewskiego-sami-zobaczcie\/l85vq3y\" id=\"9c0d1385-b641-47d2-a098-e520cf30b821\" rel=\"nofollow noopener\" target=\"_blank\">Tak Mandaryna zareagowa\u0142a na o\u015bwiadczenie Wi\u015bniewskiego. Tylko sami zobaczcie!<\/a><\/p>\n<p class=\"article-p\" data-section=\"detail-body\"><a href=\"https:\/\/ludzie.fakt.pl\/tak-wygladal-slub-michala-wisniewskiego-i-mandaryny-w-kirun-zdjecia\/05qkh09\" id=\"b9d43612-2785-45ae-9e5d-d94fcac56dd5\" rel=\"nofollow noopener\" target=\"_blank\">Unikatowe zdj\u0119cia sprzed lat ze \u015blubu Micha\u0142a Wi\u015bniewskiego i Mandaryny. Mia\u0142 kosztowa\u0107 2 mln z\u0142<\/a><\/p>\n","protected":false},"excerpt":{"rendered":"Mandaryna po latach zn\u00f3w znalaz\u0142a si\u0119 w centrum uwagi za spraw\u0105 wielkiego powrotu na scen\u0119 oraz zbli\u017caj\u0105cego si\u0119&hellip;\n","protected":false},"author":2,"featured_media":664081,"comment_status":"","ping_status":"","sticky":false,"template":"","format":"standard","meta":{"footnotes":"","_share_on_mastodon":"0"},"categories":[22],"tags":[122,42,38,40,39,41,123],"class_list":["post-664080","post","type-post","status-publish","format-standard","has-post-thumbnail","category-rozrywka","tag-entertainment","tag-pl","tag-poland","tag-polish","tag-polska","tag-polski","tag-rozrywka"],"share_on_mastodon":{"url":"https:\/\/pubeurope.com\/@pl\/117205586834869247","error":""},"_links":{"self":[{"href":"https:\/\/www.europesays.com\/pl\/wp-json\/wp\/v2\/posts\/664080","targetHints":{"allow":["GET"]}}],"collection":[{"href":"https:\/\/www.europesays.com\/pl\/wp-json\/wp\/v2\/posts"}],"about":[{"href":"https:\/\/www.europesays.com\/pl\/wp-json\/wp\/v2\/types\/post"}],"author":[{"embeddable":true,"href":"https:\/\/www.europesays.com\/pl\/wp-json\/wp\/v2\/users\/2"}],"replies":[{"embeddable":true,"href":"https:\/\/www.europesays.com\/pl\/wp-json\/wp\/v2\/comments?post=664080"}],"version-history":[{"count":0,"href":"https:\/\/www.europesays.com\/pl\/wp-json\/wp\/v2\/posts\/664080\/revisions"}],"wp:featuredmedia":[{"embeddable":true,"href":"https:\/\/www.europesays.com\/pl\/wp-json\/wp\/v2\/media\/664081"}],"wp:attachment":[{"href":"https:\/\/www.europesays.com\/pl\/wp-json\/wp\/v2\/media?parent=664080"}],"wp:term":[{"taxonomy":"category","embeddable":true,"href":"https:\/\/www.europesays.com\/pl\/wp-json\/wp\/v2\/categories?post=664080"},{"taxonomy":"post_tag","embeddable":true,"href":"https:\/\/www.europesays.com\/pl\/wp-json\/wp\/v2\/tags?post=664080"}],"curies":[{"name":"wp","href":"https:\/\/api.w.org\/{rel}","templated":true}]}}