{"id":664088,"date":"2026-09-03T06:04:15","date_gmt":"2026-09-03T06:04:15","guid":{"rendered":"https:\/\/www.europesays.com\/pl\/664088\/"},"modified":"2026-09-03T06:04:15","modified_gmt":"2026-09-03T06:04:15","slug":"w-srodku-dnia-wyszedl-na-ulice-wroclawia-amerykanin-cos-jest-nie-tak","status":"publish","type":"post","link":"https:\/\/www.europesays.com\/pl\/664088\/","title":{"rendered":"W \u015brodku dnia wyszed\u0142 na ulice Wroc\u0142awia. Amerykanin: co\u015b jest nie tak"},"content":{"rendered":"<p><a href=\"https:\/\/www.google.com\/preferences\/source?q=finanse.wp.pl\" target=\"_blank\" rel=\"nofollow noopener\" class=\"preferred-source-banner\" id=\"preferred-source-banner\" data-vab-box=\"preferred_source_banner\"><\/p>\n<p class=\"preferred-source-banner-title\">Dodaj WP Finanse jako preferowane \u017ar\u00f3d\u0142o w Google<\/p>\n<p class=\"preferred-source-banner-subtitle\">Nasze tre\u015bci b\u0119d\u0105 cz\u0119\u015bciej wy\u015bwietla\u0107 si\u0119 w Twoich wynikach Google<\/p>\n<p><\/a> <\/p>\n<p>Grossi, kt\u00f3rego obserwuje na Instagramie ok. 1,4 mln u\u017cytkownik\u00f3w, relacjonuje swoj\u0105 podr\u00f3\u017c po kilku polskich miastach: Warszawie, Krakowie, <a href=\"https:\/\/finanse.wp.pl\/koniec-najslynniejszej-samowoli-w-zakopanem-to-kamien-milowy-7315495180126208a\" rel=\"noopener noreferrer nofollow\" target=\"_blank\">Zakopanem<\/a> i\u00a0Wroc\u0142awiu.<\/p>\n<p> Kr\u00f3l Latino z\u00a0audiencj\u0105 u\u00a0polskiego prezydenta. To\u00a0m\u00f3wi\u0105 w\u00a0Juracie  <\/p>\n<p>Jak donosi portal biznes.interia.pl, ostatnio najbardziej zaskoczy\u0142 go obraz \u017cycia w\u00a0\u015bcis\u0142ym centrum stolicy Dolnego \u015al\u0105ska w\u00a0godzinach, kt\u00f3re w\u00a0<a href=\"https:\/\/finanse.wp.pl\/bylam-w-jedynej-polskiej-knajpie-w-miami-tyle-zaplacilam-za-pierogi-7128995818589056a\" rel=\"noopener noreferrer nofollow\" target=\"_blank\">USA<\/a> zwykle kojarz\u0105 si\u0119 z\u00a0prac\u0105.<\/p>\n<p> <img role=\"presentation\" class=\"absolute left-1\/2 top-1\/2 max-h-[80%] max-w-[100px] -translate-x-1\/2 -translate-y-1\/2\" src=\"https:\/\/v.wpimg.pl\/ZXJfd3AudTkrBBIAbg54LGhcRlAxHQUrPgJGH2MAeGJoSQ1eIBI_K2UHAEVuBTY5KQMMXC0RPyoVERQdMgM9ejc\" loading=\"lazy\" decoding=\"async\"\/> <a href=\"https:\/\/finanse.wp.pl\/ceny-w-zakopanem-runely-tyle-trzeba-zaplacic-za-nocleg-7322932431013920a\" class=\"teaser-inline\" rel=\"nofollow noopener\" target=\"_blank\">  <img decoding=\"async\" src=\"https:\/\/www.europesays.com\/pl\/wp-content\/uploads\/2026\/09\/YzA0MjQ4dhsgUjtZfk97DmMKbwM4FnVYNBJ3SH4Fa0JxSGIMOFg8CCRAIkQ2RiwKIEc9RCFYdhsxWWIcYBs9EzJAIQsoGzwXI1Up.jpeg\" loading=\"lazy\" class=\"wp-media-image cropped\" alt=\"Ceny w Zakopanem run\u0119\u0142y. Tyle trzeba zap\u0142aci\u0107 za nocleg\"\/><\/p>\n<p>Ceny w Zakopanem run\u0119\u0142y. Tyle trzeba zap\u0142aci\u0107 za nocleg<\/p>\n<p><\/a><\/p>\n<p>Amerykanin zdziwiony jedn\u0105 rzecz\u0105 w Polsce. &#8222;Czy ktokolwiek ma prac\u0119&#8221;?<\/p>\n<p>&#8211; Co\u015b jest nie tak, Polsko &#8211; stwierdzi\u0142 na nagraniu, spaceruj\u0105c po <a href=\"https:\/\/finanse.wp.pl\/potezny-dlug-restauratorow-moga-spodziewac-sie-pozwow-eksmisyjnych-7325063081527456a\" rel=\"noopener noreferrer nofollow\" target=\"_blank\">wroc\u0142awskim starym mie\u015bcie<\/a>. <\/p>\n<blockquote><p>Polacy, musimy porozmawia\u0107 przez sekund\u0119. M\u00f3wi\u0119 to w\u00a0spos\u00f3b jak najbardziej nieobra\u017aliwy, ale czy w\u00a0waszym kraju ktokolwiek ma prac\u0119? &#8211; pyta\u0142.<\/p><\/blockquote>\n<p> <img role=\"presentation\" class=\"absolute left-1\/2 top-1\/2 max-h-[80%] max-w-[100px] -translate-x-1\/2 -translate-y-1\/2\" src=\"https:\/\/v.wpimg.pl\/ZXJfd3AudTkrBBIAbg54LGhcRlAxHQUrPgJGH2MAeGJoSQ1eIBI_K2UHAEVuBTY5KQMMXC0RPyoVERQdMgM9ejc\" loading=\"lazy\" decoding=\"async\"\/>  <\/p>\n<p>Influencer opisywa\u0142, \u017ce by\u0142 czwartek, godz. 14:00, a\u00a0wok\u00f3\u0142 widzia\u0142 zat\u0142oczone ulice, pe\u0142ne kawiarnie i\u00a0restauracje oraz osoby siedz\u0105ce na \u0142awkach. Zwraca\u0142 uwag\u0119, \u017ce cz\u0119\u015b\u0107 przechodni\u00f3w mog\u0142a by\u0107 turystami, ale jego zdaniem wielu wygl\u0105da\u0142o na mieszka\u0144c\u00f3w.<\/p>\n<p>&#8211; Jest godzina 14:00, czwartek, a\u00a0ulice s\u0105 pe\u0142ne, kawiarnie i\u00a0<a href=\"https:\/\/finanse.wp.pl\/najwiekszy-kryzys-w-gastronomii-od-lat-tyle-kosztuje-wynajem-lokalu-7258516737669504a\" rel=\"noopener noreferrer nofollow\" target=\"_blank\">restauracje<\/a> s\u0105 wype\u0142nione. (&#8230;) Ludzie siedz\u0105 na \u0142awkach &#8211; m\u00f3wi\u0142 Grossi. Jak doda\u0142, jest zwolennikiem turystyki krajowej, ale podobny widok mia\u0142 towarzyszy\u0107 mu w\u00a0kolejnych miastach, kt\u00f3re odwiedza\u0142 w\u00a0Polsce.<\/p>\n<p> <img role=\"presentation\" class=\"absolute left-1\/2 top-1\/2 max-h-[80%] max-w-[100px] -translate-x-1\/2 -translate-y-1\/2\" src=\"https:\/\/v.wpimg.pl\/ZXJfd3AudTkrBBIAbg54LGhcRlAxHQUrPgJGH2MAeGJoSQ1eIBI_K2UHAEVuBTY5KQMMXC0RPyoVERQdMgM9ejc\" loading=\"lazy\" decoding=\"async\"\/> <\/p>\n<blockquote><p>Mo\u017ce prowadzicie nocny tryb \u017cycia, ale stamt\u0105d, sk\u0105d ja pochodz\u0119, o\u00a014:00 w\u00a0czwartek wszyscy pracuj\u0105. A\u00a0w\u00a0Polsce nie wiem, czy ktokolwiek pracuje &#8211; oceni\u0142.<\/p><\/blockquote>\n<p> <a href=\"https:\/\/finanse.wp.pl\/te-polskie-sklepy-sa-hitem-wsrod-turystow-najlepszy-kraj-na-swiecie-7253956636010880a\" class=\"teaser-inline\" rel=\"nofollow noopener\" target=\"_blank\">  <img decoding=\"async\" src=\"https:\/\/www.europesays.com\/pl\/wp-content\/uploads\/2026\/09\/MDRkNTU3YiUzCThnekhvMHBRbD08EWFmJ0l0dnoCf3xiE2EyPF8oNjcbIXoyQTg0Mxw-eiVfYiUiAmEiZBwpLSEbIjUsHCgpMA4q.jpeg\" loading=\"lazy\" class=\"wp-media-image cropped\" alt=\"Tury\u015bci zachwyceni polskim sklepem. &quot;Najlepszy kraj na \u015bwiecie&quot;\"\/><\/p>\n<p>Tury\u015bci zachwyceni polskim sklepem. &#8222;Najlepszy kraj na \u015bwiecie&#8221;<\/p>\n<p><\/a><\/p>\n<p>&#8222;W USA \u017cyjecie, by pracowa\u0107&#8221;<\/p>\n<p>W\u00a0komentarzach pod filmem na Facebooku internauci przekonywali, \u017ce Grossi nagrywa\u0142 w\u00a0najbardziej turystycznej cz\u0119\u015bci Wroc\u0142awia. Wskazywali m.in. na obecno\u015b\u0107 student\u00f3w oraz os\u00f3b, kt\u00f3re umawiaj\u0105 si\u0119 w\u00a0centrum na spotkania, tak\u017ce biznesowe.<\/p>\n<p> <img role=\"presentation\" class=\"absolute left-1\/2 top-1\/2 max-h-[80%] max-w-[100px] -translate-x-1\/2 -translate-y-1\/2\" src=\"https:\/\/v.wpimg.pl\/ZXJfd3AudTkrBBIAbg54LGhcRlAxHQUrPgJGH2MAeGJoSQ1eIBI_K2UHAEVuBTY5KQMMXC0RPyoVERQdMgM9ejc\" loading=\"lazy\" decoding=\"async\"\/> <\/p>\n<p>Cz\u0119\u015b\u0107 komentuj\u0105cych wyja\u015bnia\u0142a te\u017c, \u017ce Polacy maj\u0105 26\u00a0dni p\u0142atnego urlopu i\u00a0cz\u0119sto podr\u00f3\u017cuj\u0105 latem, gdy dzieci maj\u0105 <a href=\"https:\/\/finanse.wp.pl\/wprowadzili-euro-i-narzekaja-na-brak-turystow-oto-gdzie-lezy-problem-7305215726348704a\" rel=\"noopener noreferrer nofollow\" target=\"_blank\">wakacje<\/a>. &#8222;Pracujemy, \u017ceby \u017cy\u0107, a\u00a0w\u00a0USA \u017cyjecie, by pracowa\u0107&#8221; &#8211; stwierdzi\u0142 jeden z\u00a0u\u017cytkownik\u00f3w. &#8222;W Polsce nie ma nic z\u0142ego w\u00a0tym, by podczas wakacji zwiedza\u0107 w\u0142asny kraj&#8221; &#8211; doda\u0142 kolejny.<\/p>\n<p>W\u00a0innych relacjach z\u00a0podr\u00f3\u017cy Grossi chwali\u0142 m.in. czysto\u015b\u0107, ziele\u0144 i\u00a0kuchni\u0119, a\u00a0tak\u017ce podkre\u015bla\u0142, \u017ce Polska wydaje mu si\u0119 bezpieczna i\u00a0przyjazna pieszym. Jego zdaniem to idealne miejsce dla <a href=\"https:\/\/finanse.wp.pl\/kuria-pozwala-troje-dzieci-chca-nas-niszczyc-w-imie-pieniadza-7324710381910112a\" rel=\"noopener noreferrer nofollow\" target=\"_blank\">rodzin<\/a>. &#8211; Nie umiem znale\u017a\u0107 \u017cadnego problemu &#8211; przyzna\u0142.<\/p>\n<p>\u017ar\u00f3d\u0142o: biznes.interia.pl, WP Finanse<\/p>\n","protected":false},"excerpt":{"rendered":"Dodaj WP Finanse jako preferowane \u017ar\u00f3d\u0142o w Google Nasze tre\u015bci b\u0119d\u0105 cz\u0119\u015bciej wy\u015bwietla\u0107 si\u0119 w Twoich wynikach Google&hellip;\n","protected":false},"author":2,"featured_media":664089,"comment_status":"","ping_status":"","sticky":false,"template":"","format":"standard","meta":{"footnotes":"","_share_on_mastodon":"0"},"categories":[12],"tags":[32,33,36,37,27,34,35,28,31,25,42,38,40,39,41,29,30,26],"class_list":["post-664088","post","type-post","status-publish","format-standard","has-post-thumbnail","category-polska","tag-breaking-news","tag-breakingnews","tag-featured-news","tag-featurednews","tag-headlines","tag-latest-news","tag-latestnews","tag-naglowki","tag-najwazniejsze-artykuly","tag-news","tag-pl","tag-poland","tag-polish","tag-polska","tag-polski","tag-top-stories","tag-topstories","tag-wiadomosci"],"share_on_mastodon":{"url":"https:\/\/pubeurope.com\/@pl\/117205602655752104","error":""},"_links":{"self":[{"href":"https:\/\/www.europesays.com\/pl\/wp-json\/wp\/v2\/posts\/664088","targetHints":{"allow":["GET"]}}],"collection":[{"href":"https:\/\/www.europesays.com\/pl\/wp-json\/wp\/v2\/posts"}],"about":[{"href":"https:\/\/www.europesays.com\/pl\/wp-json\/wp\/v2\/types\/post"}],"author":[{"embeddable":true,"href":"https:\/\/www.europesays.com\/pl\/wp-json\/wp\/v2\/users\/2"}],"replies":[{"embeddable":true,"href":"https:\/\/www.europesays.com\/pl\/wp-json\/wp\/v2\/comments?post=664088"}],"version-history":[{"count":0,"href":"https:\/\/www.europesays.com\/pl\/wp-json\/wp\/v2\/posts\/664088\/revisions"}],"wp:featuredmedia":[{"embeddable":true,"href":"https:\/\/www.europesays.com\/pl\/wp-json\/wp\/v2\/media\/664089"}],"wp:attachment":[{"href":"https:\/\/www.europesays.com\/pl\/wp-json\/wp\/v2\/media?parent=664088"}],"wp:term":[{"taxonomy":"category","embeddable":true,"href":"https:\/\/www.europesays.com\/pl\/wp-json\/wp\/v2\/categories?post=664088"},{"taxonomy":"post_tag","embeddable":true,"href":"https:\/\/www.europesays.com\/pl\/wp-json\/wp\/v2\/tags?post=664088"}],"curies":[{"name":"wp","href":"https:\/\/api.w.org\/{rel}","templated":true}]}}