{"id":664090,"date":"2026-09-03T06:05:14","date_gmt":"2026-09-03T06:05:14","guid":{"rendered":"https:\/\/www.europesays.com\/pl\/664090\/"},"modified":"2026-09-03T06:05:14","modified_gmt":"2026-09-03T06:05:14","slug":"rafal-zaorski-wsrod-zatrzymanych-w-sprawie-zondacrypto-zurek-ujawnia-szczegoly","status":"publish","type":"post","link":"https:\/\/www.europesays.com\/pl\/664090\/","title":{"rendered":"Rafa\u0142 Zaorski w\u015br\u00f3d zatrzymanych w sprawie Zondacrypto. \u017burek ujawnia szczeg\u00f3\u0142y"},"content":{"rendered":"<p>Zatrzymani w \u015brod\u0119 w zwi\u0105zku z afer\u0105 Zondacrypto maj\u0105 kluczowe informacje i dowody na temat tej afery &#8211; powiedzia\u0142 minister sprawiedliwo\u015bci Waldemar \u017burek. To m.in. informacje ws. zagini\u0119cia za\u0142o\u017cyciela poprzedniczki Zondacrypto, gie\u0142dy kryptowalut BitBay Sylwestra Suszka.<\/p>\n<p><img decoding=\"async\" class=\"o-graphics-multiobject__inner-blurry-picture-img\" src=\"https:\/\/www.europesays.com\/pl\/wp-content\/uploads\/2026\/09\/6a334b35f9ba88-948-568-7-187-2992-1795.jpg\" width=\"948\" height=\"568\" alt=\"Rafa\u0142 Zaorski w\u015br\u00f3d zatrzymanych w sprawie Zondacrypto. \u017burek ujawnia szczeg\u00f3\u0142y\" loading=\"lazy\"\/><img decoding=\"async\" class=\"o-graphics-multiobject__item webfeedsFeaturedVisual\" src=\"https:\/\/www.europesays.com\/pl\/wp-content\/uploads\/2026\/09\/6a334b35f9ba88-948-568-7-187-2992-1795.jpg\" width=\"948\" height=\"568\" alt=\"Rafa\u0142 Zaorski w\u015br\u00f3d zatrzymanych w sprawie Zondacrypto. \u017burek ujawnia szczeg\u00f3\u0142y\" loading=\"lazy\"\/>fot. Jacek Szydlowski \/ \/\u00a0FORUM<\/p>\n<p>Zako\u0144czono na dzisiaj czynno\u015bci z zatrzymanymi osobami ws. Zondacrypto. O dalszych czynno\u015bciach b\u0119dziemy informowa\u0107 w czwartek &#8211; poinformowa\u0142a w \u015brod\u0119 wieczorem PAP rzeczniczka prasowa Prokuratora Generalnego prok. Anna Adamiak.<\/p>\n<p>Zatrzymano jeszcze dwie osoby; jak ustali\u0142 Onet.pl to Jaromira W. i Anna P. Pierwsza to by\u0142a \u017cona Mariana W. ps. Maniek, g\u0142\u00f3wnego podejrzanego w sprawie zagini\u0119cia Sylwestra Suszka, za\u0142o\u017cyciela gie\u0142dy BitBay, poprzedniczki Zondacrypto. Druga to jego bliska wsp\u00f3\u0142pracowniczka.<\/p>\n<p>Rafa\u0142 Zaorski zatrzymany<\/p>\n<p>W \u015brod\u0119 na polecenie prokuratury policjanci zatrzymali trzy osoby ws. Zondacrypto. W toku prowadzonych przeszuka\u0144 zabezpieczono m.in. luksusowe auta, zegarki, bi\u017cuteri\u0119 oraz znaczn\u0105 ilo\u015b\u0107 got\u00f3wki. Po po\u0142udniu ws. Zondacrypto doprowadzony do delegatury Prokuratury Krajowej w Katowicach zosta\u0142 inwestor gie\u0142dowy Rafa\u0142 Zaorski. Wed\u0142ug medi\u00f3w Zaorski mia\u0142 zwi\u0105zki z zaginionym Sylwestrem Suszkiem i jego gie\u0142d\u0105 kryptowalut BitBay, kt\u00f3ra dzia\u0142a\u0142a przed Zondacrypto.<\/p>\n<p>Zaorski zosta\u0142 wprowadzony przez funkcjonariuszy Centralnego Biura Zwalczania Cyberprzest\u0119pczo\u015bci do budynku, w kt\u00f3rym znajduje si\u0119 wydzia\u0142 zamiejscowy delegatury ds. przest\u0119pczo\u015bci zorganizowanej i korupcji Prokuratury Krajowej. Dziennikarzom powiedzia\u0142: \u201eJestem poszkodowany\u201d.<\/p>\n<p>Szef MS, prokurator generalny Waldemar \u017burek poinformowa\u0142 na konferencji prasowej, \u017ce obecnie trwaj\u0105 czynno\u015bci procesowe, w tym przeszukania. &#8211; Kolejne planowane czynno\u015bci to przewiezienie tych os\u00f3b do prokuratury w Katowicach &#8211; powiedzia\u0142.<\/p>\n<p><a class=\"a-anchor\" href=\"https:\/\/konkurs.bankier.pl\/?utm_source=redakcja&amp;utm_medium=potykacz\" rel=\"noopener nofollow\" target=\"_blank\"><img decoding=\"async\" alt=\"Wakacje na gie\u0142dzie\" class=\"a-image__img\" height=\"154\" loading=\"lazy\" src=\"https:\/\/www.europesays.com\/pl\/wp-content\/uploads\/2026\/09\/1788415514_983_promo_potykacz_wakacje_na_gieldzie.png\" width=\"732\"\/><\/a><\/p>\n<p>Przypomnia\u0142, \u017ce \u015bledztwa dotycz\u0105ce poszkodowanych w aferze Zondacrypto i to dotycz\u0105ce \u015bmierci w\u0142a\u015bciciela gie\u0142dy BitBay (kt\u00f3ra sta\u0142a si\u0119 p\u00f3\u017aniej Zondacrypto) Sylwestra Suszka zosta\u0142y po\u0142\u0105czone.<\/p>\n<p>Dopytywany o to, kim s\u0105 zatrzymani, powiedzia\u0142, \u017ce nie s\u0105 to \u201eosoby z pierwszych stron gazet\u201d, ale zdaniem prokuratury maj\u0105 kluczowe informacje i dowody na temat afery. &#8211; Tak\u017ce na temat zagini\u0119cia pana Suszka \u2013 zaznaczy\u0142.<\/p>\n<p><a class=\"a-anchor\" href=\"https:\/\/www.bankier.pl\/wiadomosc\/To-byla-zywcem-kradziez-Wyciekly-nagrania-rozmow-Sylwestra-Suszka-z-Rafalem-Zaorskim-9123116.html\" data-vr-contentbox=\"news_news_3\" data-vr-contentbox-url=\"https:\/\/www.bankier.pl\/wiadomosc\/To-byla-zywcem-kradziez-Wyciekly-nagrania-rozmow-Sylwestra-Suszka-z-Rafalem-Zaorskim-9123116.html\" rel=\"nofollow noopener\" target=\"_blank\">Przypominamy tekst z kwietnia: \u201eTo by\u0142a \u017cywcem kradzie\u017c\u201d. Wyciek\u0142y nagrania rozm\u00f3w Sylwestra Suszka z Rafa\u0142em Zaorskim<\/a><\/p>\n<p>Zapytany o to, jakiej p\u0142ci s\u0105 osoby zatrzymane, podkre\u015bli\u0142, \u017ce s\u0105 to \u201ei kobiety i m\u0119\u017cczy\u017ani\u201d. Odm\u00f3wi\u0142 odpowiedzi na pytanie, czy kt\u00f3ra\u015b z zatrzymanych os\u00f3b pe\u0142ni b\u0105d\u017a pe\u0142ni\u0142a funkcj\u0119 publiczn\u0105.<\/p>\n<p>Na pytanie o to, czy wed\u0142ug niego obecnie Sylwestra Suszka powinni\u015bmy uznawa\u0107 za zaginionego, czy za zamordowanego, minister \u017burek podkre\u015bli\u0142, \u017ce \u201eto te\u017c jest bardzo intensywnie badane przez prokuratur\u0119\u201d. &#8211; I my\u015bl\u0119, \u017ce kolejne czynno\u015bci procesowe b\u0119d\u0105 prowadzone w najbli\u017cszych tygodniach &#8211; doda\u0142.<\/p>\n<p>Zaznaczy\u0142, \u017ce w jego ocenie \u201ejest ma\u0142o prawdopodobne, \u017ce ta osoba jest osob\u0105 zaginion\u0105, b\u0105d\u017a te\u017c ukrywaj\u0105c\u0105 si\u0119\u201d. &#8211; Widzieli\u015bmy tak\u0105 wersj\u0119, kt\u00f3ra by\u0142a podawana w mediach, ale ja jestem prawnikiem od wielu lat i s\u0105 zasady pewnej logiki. Je\u017celi jaka\u015b osoba znika, to zazwyczaj osoby najbli\u017csze maj\u0105 jakie\u015b informacje. Tutaj widzimy, \u017ce tak naprawd\u0119 rodzina poszukuje tej osoby od wielu lat bezskutecznie. Jednocze\u015bnie jest bardzo dziwna sytuacja, bo z regu\u0142y osoba, kt\u00f3ra zostawia pot\u0119\u017cny maj\u0105tek, to ten maj\u0105tek w jaki\u015b spos\u00f3b trafia p\u00f3\u017aniej do rodziny, do nast\u0119pc\u00f3w prawnych. Tutaj widzieli\u015bmy, gdzie trafi\u0142 maj\u0105tek pana Suszka &#8211; powiedzia\u0142.<\/p>\n<p>Policja i CBZC zatrzyma\u0142y w \u015brod\u0119 trzy osoby w ramach \u015bledztwa ws. gie\u0142dy kryptowalut Zondacrypto. Funkcjonariusze zabezpieczaj\u0105 dokumentacj\u0119 w siedzibach Polskiego Komitetu Olimpijskiego i Urz\u0119du Ochrony Konkurencji i Konsument\u00f3w, by zebra\u0107 dowody w sprawie.<\/p>\n<p>Trzy osoby zatrzymane<\/p>\n<p>Jak poinformowa\u0142a w komunikacie rzeczniczka prasowa Prokuratora Generalnego prok. Anna Adamiak, \u201e2 wrze\u015bnia 2026 r. na polecenie prokuratora funkcjonariusze Komendy Wojew\u00f3dzkiej Policji w Katowicach zatrzymali dwie osoby \u2013 J.W. oraz A.P. Funkcjonariusze Centralnego Biura Zwalczania Cyberprzest\u0119pczo\u015bci zatrzymali natomiast R.Z.\u201d. Do zatrzyma\u0144 dosz\u0142o w miejscach zamieszkania tych os\u00f3b.<\/p>\n<p>Prok. Adamiak poinformowa\u0142a, \u017ce zatrzymani zostan\u0105 doprowadzeni do \u015al\u0105skiego Wydzia\u0142u Zamiejscowego Departamentu ds. Przest\u0119pczo\u015bci Zorganizowanej i Korupcji Prokuratury Krajowej w Katowicach w celu m.in. og\u0142oszenia im postanowie\u0144 o przedstawieniu zarzut\u00f3w, a nast\u0119pnie podj\u0119cia decyzji w przedmiocie ewentualnego zastosowania wobec nich \u015brodk\u00f3w zapobiegawczych.<\/p>\n<p>O zatrzymaniu trzech os\u00f3b w ramach \u015bledztwa poinformowa\u0142 wcze\u015bniej minister sprawiedliwo\u015bci, prokurator generalny Waldemar \u017burek. W swoim wpisie na X poda\u0142, \u017ce w ramach przeszuka\u0144 zabezpieczono m.in. \u201eluksusowe auta, zegarki, bi\u017cuteri\u0119 oraz znaczn\u0105 ilo\u015b\u0107 got\u00f3wki\u201d.<\/p>\n<p>Postepowanie wszcz\u0119te w kwietniu<\/p>\n<p>Post\u0119powanie w sprawie gie\u0142dy kryptowalut Zondacrypto zosta\u0142o wszcz\u0119te przez Prokuratur\u0119 Regionaln\u0105 w Katowicach 17 kwietnia br. pod k\u0105tem oszustw znacznej warto\u015bci i prania brudnych pieni\u0119dzy. Dotychczas wp\u0142yn\u0119\u0142o kilka tysi\u0119cy zawiadomie\u0144 o przest\u0119pstwie.<\/p>\n<p>Na pocz\u0105tku sierpnia br. \u015bledztwo w sprawie Zondacrypto zosta\u0142o po\u0142\u0105czone z post\u0119powaniem w \u015bl\u0105skim wydziale PK zwi\u0105zanym z zagini\u0119ciem Sylwestra Suszka \u2013 za\u0142o\u017cyciela poprzedniczki Zondacrypto, gie\u0142dy kryptowalut BitBay. Suszek znikn\u0105\u0142 w marcu 2022 r. Po\u0142\u0105czone \u015bledztwo prowadzi obecnie \u015bl\u0105ski wydzia\u0142 PK.<\/p>\n<p>W czwartek w ramach \u015bledztwa zatrzymany zosta\u0142 prezes PKOl Rados\u0142aw Piesiewicz. Tego samego dnia w \u015bl\u0105skim wydziale Prokuratury Krajowej us\u0142ysza\u0142 zarzuty p\u0142atnej protekcji oraz zaspokojenia grupy wierzycieli Zondacrypto z pokrzywdzeniem innych w zwi\u0105zku z gro\u017c\u0105c\u0105 niewyp\u0142acalno\u015bci\u0105. Nie przyznaje si\u0119 do winy. Po przes\u0142uchaniu podejrzanego, kt\u00f3ry wyrazi\u0142 zgod\u0119 na u\u017cywanie jego pe\u0142nego nazwiska, prokuratura skierowa\u0142a do s\u0105du wniosek o aresztowanie szefa PKOl na trzy miesi\u0105ce, na co s\u0105d si\u0119 zgodzi\u0142.<\/p>\n<p>Gie\u0142da kryptowalut Zondacrypto od pa\u017adziernika 2025 by\u0142a sponsorem generalnym PKOl. W kwietniu tego roku Piesiewicz poinformowa\u0142, \u017ce je\u015bli do ko\u0144ca miesi\u0105ca nie wp\u0142ynie kolejna transza \u015brodk\u00f3w, komitet zerwie umow\u0119. 30 kwietnia podj\u0119to decyzj\u0119 o wygaszeniu i demonta\u017cu neonu sponsora z siedziby komitetu w Warszawie.\u00a0<\/p>\n","protected":false},"excerpt":{"rendered":"Zatrzymani w \u015brod\u0119 w zwi\u0105zku z afer\u0105 Zondacrypto maj\u0105 kluczowe informacje i dowody na temat tej afery &#8211;&hellip;\n","protected":false},"author":2,"featured_media":664091,"comment_status":"","ping_status":"","sticky":false,"template":"","format":"standard","meta":{"footnotes":"","_share_on_mastodon":"0"},"categories":[5],"tags":[32,33,36,37,27,34,35,28,31,25,42,38,40,39,41,29,30,26],"class_list":["post-664090","post","type-post","status-publish","format-standard","has-post-thumbnail","category-naglowki","tag-breaking-news","tag-breakingnews","tag-featured-news","tag-featurednews","tag-headlines","tag-latest-news","tag-latestnews","tag-naglowki","tag-najwazniejsze-artykuly","tag-news","tag-pl","tag-poland","tag-polish","tag-polska","tag-polski","tag-top-stories","tag-topstories","tag-wiadomosci"],"share_on_mastodon":{"url":"https:\/\/pubeurope.com\/@pl\/117205607651561779","error":""},"_links":{"self":[{"href":"https:\/\/www.europesays.com\/pl\/wp-json\/wp\/v2\/posts\/664090","targetHints":{"allow":["GET"]}}],"collection":[{"href":"https:\/\/www.europesays.com\/pl\/wp-json\/wp\/v2\/posts"}],"about":[{"href":"https:\/\/www.europesays.com\/pl\/wp-json\/wp\/v2\/types\/post"}],"author":[{"embeddable":true,"href":"https:\/\/www.europesays.com\/pl\/wp-json\/wp\/v2\/users\/2"}],"replies":[{"embeddable":true,"href":"https:\/\/www.europesays.com\/pl\/wp-json\/wp\/v2\/comments?post=664090"}],"version-history":[{"count":0,"href":"https:\/\/www.europesays.com\/pl\/wp-json\/wp\/v2\/posts\/664090\/revisions"}],"wp:featuredmedia":[{"embeddable":true,"href":"https:\/\/www.europesays.com\/pl\/wp-json\/wp\/v2\/media\/664091"}],"wp:attachment":[{"href":"https:\/\/www.europesays.com\/pl\/wp-json\/wp\/v2\/media?parent=664090"}],"wp:term":[{"taxonomy":"category","embeddable":true,"href":"https:\/\/www.europesays.com\/pl\/wp-json\/wp\/v2\/categories?post=664090"},{"taxonomy":"post_tag","embeddable":true,"href":"https:\/\/www.europesays.com\/pl\/wp-json\/wp\/v2\/tags?post=664090"}],"curies":[{"name":"wp","href":"https:\/\/api.w.org\/{rel}","templated":true}]}}