{"id":664092,"date":"2026-09-03T06:06:07","date_gmt":"2026-09-03T06:06:07","guid":{"rendered":"https:\/\/www.europesays.com\/pl\/664092\/"},"modified":"2026-09-03T06:06:07","modified_gmt":"2026-09-03T06:06:07","slug":"berek-kandydatem-do-tk-2-3-glosy-w-jedna-czy-druga-strone","status":"publish","type":"post","link":"https:\/\/www.europesays.com\/pl\/664092\/","title":{"rendered":"Berek kandydatem do TK. &#8222;2-3 g\u0142osy w jedn\u0105 czy drug\u0105 stron\u0119&#8221;"},"content":{"rendered":"\n<p>&#13;<br \/>\nDonald Tusk poinformowa\u0142 11 sierpnia, \u017ce\u00a0Maciej Berek odchodzi z\u00a0funkcji ministra ds. nadzoru nad wdra\u017caniem polityki rz\u0105du. Dwa dni p\u00f3\u017aniej premier przekaza\u0142, \u017ce\u00a0wyrazi\u0142 &#8222;warunkow\u0105&#8221; zgod\u0119 na\u00a0odej\u015bcie Berka z\u00a0rz\u0105du i\u00a0kandydowanie przez niego na\u00a0s\u0119dziego Trybuna\u0142u Konstytucyjnego. &#13;\n<\/p>\n<p>&#13;<br \/>\n17 sierpnia na\u00a0stronie Sejmu pojawi\u0142a si\u0119 informacja, \u017ce\u00a0Maciej Berek formalnie zosta\u0142 kandydatem na\u00a0cz\u0142onka TK. Jego kandydatur\u0119 zg\u0142osi\u0142a grupa pos\u0142\u00f3w klubu Koalicji Obywatelskiej. W\u00a0pi\u0105tek Sejm dokona wyboru s\u0119dziego Trybuna\u0142u Konstytucyjnego. Wcze\u015bniej, w\u00a0czwartek, kandydatury zaopiniuje sejmowa Komisja Sprawiedliwo\u015bci i\u00a0Praw Cz\u0142owieka. Opr\u00f3cz Macieja Berka kandydatem jest Artur Kotowski, profesor nauk prawnych z\u00a0UKSW, zg\u0142oszony przez klub PiS. &#13;\n<\/p>\n<p>W koalicji wrze przed wa\u017cnym g\u0142osowaniem<\/p>\n<p>&#13;<br \/>\nKandydatura Macieja Berka budzi kontrowersje w\u015br\u00f3d cz\u0119\u015bci polityk\u00f3w koalicji rz\u0105dz\u0105cej. \u2013\u00a0To\u00a0mog\u0105 by\u0107 2-3 g\u0142osy w\u00a0jedn\u0105 czy\u00a0drug\u0105 stron\u0119. Zosta\u0142o niespe\u0142na 48 godzin do\u00a0decyzji i\u00a0trwa &#8222;obr\u00f3bka skrawaniem&#8221; pos\u0142\u00f3w. Donaldowi bardzo na\u00a0tym zale\u017cy \u2013\u00a0powiedzia\u0142 Wirtualnej Polsce jeden z\u00a0polityk\u00f3w Koalicji Obywatelskiej, kt\u00f3ry chcia\u0142 zachowa\u0107 anonimowo\u015b\u0107. &#13;\n<\/p>\n<p>&#13;<br \/>\nTusk osobi\u015bcie zaanga\u017cowa\u0142 si\u0119 w\u00a0promocj\u0119 Berka, kt\u00f3rego przedstawi\u0142 jako swoj\u0105 &#8222;praw\u0105 r\u0119k\u0119&#8221;. Podczas niedawnego Campusu Polska Przysz\u0142o\u015bci w\u00a0Olsztynie premier przekonywa\u0142, \u017ce\u00a0by\u0142y ju\u017c minister &#8222;nie ma\u00a0nic wsp\u00f3lnego z\u00a0polityk\u0105&#8221;. \u2013\u00a0We\u00a0wrze\u015bniu musz\u0119 mie\u0107 pewno\u015b\u0107, \u017ce\u00a0<a href=\"https:\/\/dorzeczy.pl\/kraj\/935635\/tusk-mowil-o-naszych-sedziach-w-tk-przydacz-zabral-glos.html\" rel=\"nofollow noopener\" target=\"_blank\">nasi s\u0119dziowie<\/a> wejd\u0105 do\u00a0gmachu [Trybuna\u0142u Konstytucyjnego \u2013\u00a0przy. red.], \u017ce\u00a0to\u00a0b\u0119dzie wszystko zgodne z\u00a0prawem. Mo\u017ce nie\u00a0b\u0119dzie estetyczne, mo\u017ce cz\u0119\u015b\u0107 z\u00a0was si\u0119 na\u00a0mnie obrazi, ale\u00a0pomy\u015blcie, czy\u00a0wi\u0119cej z\u00a0was nie\u00a0obrazi si\u0119 na\u00a0mnie, je\u015bli b\u0119d\u0119 sta\u0142 o\u00a0tak, z\u00a0rozdziawion\u0105 g\u0119b\u0105, i\u00a0nic si\u0119 nie\u00a0da zrobi\u0107, i\u00a0dalej \u015awi\u0119czkowski b\u0119dzie pomiata\u0142 s\u0119dziami \u2013\u00a0wypali\u0142. &#13;\n<\/p>\n<p>&#13;<br \/>\nPrzypomnijmy, \u017ce\u00a0w\u00a0tym tygodniu Sejm dokona wyboru ju\u017c \u00f3smego cz\u0142onka TK w\u00a0tej kadencji. Oznacza to, \u017ce\u00a0s\u0119dziowie wybrani przez obecny parlament b\u0119d\u0105 stanowili wi\u0119kszo\u015b\u0107 w\u00a015-osobowym sk\u0142adzie Trybuna\u0142u. &#13;\n<\/p>\n<p>&#13;<br \/>\n\u2013 Licz\u0119 na\u00a0to, \u017ce\u00a0koalicjanci przekonali si\u0119 do\u00a0kandydatury Macieja Berka. Emocje opad\u0142y i\u00a0w\u00a0wi\u0119kszo\u015bci, pomimo pojedynczych koalicyjnych g\u0142os\u00f3w przeciwnych tej kandydaturze, ca\u0142a koalicja zag\u0142osuje za\u00a0\u2013 stwierdzi\u0142a Dorota \u0141oboda z\u00a0Koalicji Obywatelskiej. Berek mo\u017ce liczy\u0107 na\u00a0poparcie KO, PSL, a\u00a0tak\u017ce najprawdopodobniej Polski 2050, cho\u0107 przeciwny tej kandydaturze jest przewodnicz\u0105cy tego klubu Pawe\u0142 \u015aliz. &#13;\n<\/p>\n<p>&#13;<br \/>\nOstatecznie tak\u017ce wi\u0119kszo\u015b\u0107 klubu Lewicy ma\u00a0poprze\u0107 Berka, cho\u0107 w\u00a0ugrupowaniu tym r\u00f3wnie\u017c nie\u00a0brakuje g\u0142os\u00f3w krytycznych, cho\u0107by Anny Marii \u017bukowskiej. \u2013\u00a0Rekomendacja klubu to\u00a0g\u0142osowanie za\u00a0kandydatur\u0105, ale\u00a0ci, kt\u00f3rzy nie\u00a0b\u0119d\u0105 go\u00a0popiera\u0107, maj\u0105 wyj\u0105\u0107 kart\u0119 i\u00a0nie bra\u0107 udzia\u0142u w\u00a0g\u0142osowaniu \u2013\u00a0ujawni\u0142 anonimowo jeden z\u00a0polityk\u00f3w Lewicy. &#13;\n<\/p>\n<p>&#13;<br \/>\nWyb\u00f3r s\u0119dziego Trybuna\u0142u Konstytucyjnego dokonywany jest przez Sejm bezwzgl\u0119dn\u0105 wi\u0119kszo\u015bci\u0105 g\u0142os\u00f3w w\u00a0obecno\u015bci co\u00a0najmniej po\u0142owy ustawowej liczby pos\u0142\u00f3w. Wed\u0142ug doniesie\u0144 Wirtualnej Polski, koalicja rz\u0105dz\u0105ca liczy na\u00a0absencj\u0119 w\u00a0\u0142awach opozycji podczas g\u0142osowania, co\u00a0u\u0142atwi\u0142oby przeforsowanie <a href=\"https:\/\/dorzeczy.pl\/kraj\/936280\/berek-kandydatem-do-trybunalu-konstytucyjnego-komunikat-sejmu.html\" rel=\"nofollow noopener\" target=\"_blank\">kandydatury Macieja Berka<\/a>. &#13;\n<\/p>\n<p>&#13;<br \/>\n   Czytaj te\u017c:<br \/><a href=\"https:\/\/dorzeczy.pl\/opinie\/937327\/berek-wprost-z-rzadu-do-tk-zeby-pilnowal-interesow-tuska.html\" rel=\"follow nofollow noopener\" data-schema=\"DORZECZY\" data-image=\"https:\/\/img.dorzeczy.pl\/_thumb\/9a\/11\/0bde7041e452a111e27ed1d287fe.jpeg\" target=\"_blank\">Zaufany minister Tuska wprost z\u00a0rz\u0105du do\u00a0TK. &#8222;Taki jest tego prawdziwy pow\u00f3d&#8221;<\/a>   Czytaj te\u017c:<br \/><a href=\"https:\/\/dorzeczy.pl\/opinie\/937366\/berek-apolitycznym-czlonkiem-rzadu-zukowska-uderza-w-zurka.html\" rel=\"follow nofollow noopener\" data-schema=\"DORZECZY\" data-image=\"https:\/\/img.dorzeczy.pl\/_thumb\/e0\/90\/b737f1cd77263dc1d22f195dee45.jpeg\" target=\"_blank\">\u017burek m\u00f3wi o\u00a0&#8222;apolitycznym&#8221; Berku. \u017bukowska: Oboje wiemy, czyje stanowisko reprezentowa\u0142<\/a>&#13;<\/p>\n","protected":false},"excerpt":{"rendered":"&#13; Donald Tusk poinformowa\u0142 11 sierpnia, \u017ce\u00a0Maciej Berek odchodzi z\u00a0funkcji ministra ds. nadzoru nad wdra\u017caniem polityki rz\u0105du. Dwa&hellip;\n","protected":false},"author":2,"featured_media":664093,"comment_status":"","ping_status":"","sticky":false,"template":"","format":"standard","meta":{"footnotes":"","_share_on_mastodon":"0"},"categories":[62713],"tags":[15657,662,1345,98,866,49,102,8232],"class_list":["post-664092","post","type-post","status-publish","format-standard","has-post-thumbnail","category-donald-tusk","tag-berek","tag-dawid-sienkowski","tag-donald-tusk","tag-dorzeczy","tag-koalicja","tag-kraj","tag-opinie","tag-trybunal-konstytucyjny"],"share_on_mastodon":{"url":"https:\/\/pubeurope.com\/@pl\/117205610314900326","error":""},"_links":{"self":[{"href":"https:\/\/www.europesays.com\/pl\/wp-json\/wp\/v2\/posts\/664092","targetHints":{"allow":["GET"]}}],"collection":[{"href":"https:\/\/www.europesays.com\/pl\/wp-json\/wp\/v2\/posts"}],"about":[{"href":"https:\/\/www.europesays.com\/pl\/wp-json\/wp\/v2\/types\/post"}],"author":[{"embeddable":true,"href":"https:\/\/www.europesays.com\/pl\/wp-json\/wp\/v2\/users\/2"}],"replies":[{"embeddable":true,"href":"https:\/\/www.europesays.com\/pl\/wp-json\/wp\/v2\/comments?post=664092"}],"version-history":[{"count":0,"href":"https:\/\/www.europesays.com\/pl\/wp-json\/wp\/v2\/posts\/664092\/revisions"}],"wp:featuredmedia":[{"embeddable":true,"href":"https:\/\/www.europesays.com\/pl\/wp-json\/wp\/v2\/media\/664093"}],"wp:attachment":[{"href":"https:\/\/www.europesays.com\/pl\/wp-json\/wp\/v2\/media?parent=664092"}],"wp:term":[{"taxonomy":"category","embeddable":true,"href":"https:\/\/www.europesays.com\/pl\/wp-json\/wp\/v2\/categories?post=664092"},{"taxonomy":"post_tag","embeddable":true,"href":"https:\/\/www.europesays.com\/pl\/wp-json\/wp\/v2\/tags?post=664092"}],"curies":[{"name":"wp","href":"https:\/\/api.w.org\/{rel}","templated":true}]}}