{"id":664116,"date":"2026-09-03T06:25:14","date_gmt":"2026-09-03T06:25:14","guid":{"rendered":"https:\/\/www.europesays.com\/pl\/664116\/"},"modified":"2026-09-03T06:25:14","modified_gmt":"2026-09-03T06:25:14","slug":"europa-buduje-superkomputer-dla-ai-polska-bedzie-miala-do-niego-dostep","status":"publish","type":"post","link":"https:\/\/www.europesays.com\/pl\/664116\/","title":{"rendered":"Europa buduje superkomputer dla AI. Polska b\u0119dzie mia\u0142a do niego dost\u0119p"},"content":{"rendered":"<p>EuroHPC Joint Undertaking podpisa\u0142o kontrakt z firm\u0105 Bull o warto\u015bci 387,8 mln euro na budow\u0119 superkomputera LUMI-AI, kt\u00f3ry ma zosta\u0107 uruchomiony w Finlandii w drugiej po\u0142owie 2027 roku. System zapewni dziesi\u0119ciokrotnie wi\u0119ksz\u0105 wydajno\u015b\u0107 w zadaniach AI i niemal dwukrotnie wy\u017csz\u0105 moc w klasycznych obliczeniach HPC. Polska jest jednym z sze\u015bciu pa\u0144stw uczestnicz\u0105cych w LUMI AI Factory, co da krajowym naukowcom i firmom dost\u0119p do rozwijanej infrastruktury oraz do\u015bwiadcze\u0144 wa\u017cnych dla przysz\u0142ych inwestycji AI.<\/p>\n<p><img fetchpriority=\"high\" decoding=\"async\" class=\"wp-image-74480 size-full\" src=\"https:\/\/www.europesays.com\/pl\/wp-content\/uploads\/2026\/09\/LUMI-AI-data-center-Visualization-NOAR-Nordic-Architects.jpg\" alt=\"Europa buduje superkomputer dla AI. Polska b\u0119dzie mia\u0142a do niego dost\u0119p\" width=\"960\" height=\"638\"  \/>LUMI-AI data center \u2013 wizualizacja NOAR Nordic Architects<\/p>\n<p>System oparty b\u0119dzie na akceleratorach AMD Instinct MI430X oraz 256-rdzeniowych procesorach AMD EPYC sz\u00f3stej generacji. W por\u00f3wnaniu z obecnym superkomputerem LUMI, ma on zaoferowa\u0107 oko\u0142o dziesi\u0119ciokrotnie wi\u0119ksz\u0105 wydajno\u015b\u0107 w zastosowaniach AI oraz niemal dwukrotnie wi\u0119ksz\u0105 moc w tradycyjnych obliczeniach HPC.<\/p>\n<p>LUMI-AI stanie si\u0119 g\u0142\u00f3wnym zapleczem obliczeniowym LUMI AI Factory. Konsorcjum tworz\u0105 Finlandia, Czechy, Dania, Estonia, Norwegia i Polska. Infrastruktura ma s\u0142u\u017cy\u0107 zar\u00f3wno badaniom akademickim, jak i projektom przemys\u0142owym, umo\u017cliwiaj\u0105c m.in. trenowanie i uruchamianie du\u017cych modeli AI, analiz\u0119 danych oraz prowadzenie wielkoskalowych symulacji.<\/p>\n<p>Dla Polski znaczenie projektu wykracza poza sam dost\u0119p do mocy obliczeniowej. Udzia\u0142 w konsorcjum pozwala bowiem korzysta\u0107 krajowym zespo\u0142om z europejskiej infrastruktury AI i zdobywa\u0107 do\u015bwiadczenie w organizacji dost\u0119pu do wielkoskalowych system\u00f3w obliczeniowych. Mo\u017ce to mie\u0107 znaczenie przy planowaniu kolejnych inwestycji, w tym europejskich gigafabryk AI rozwijanych z udzia\u0142em Polski.<\/p>\n<p>\u201eKolejna fala innowacji w dziedzinie AI w Europie b\u0119dzie zale\u017ce\u0107 od otwartej, wydajnej i zaufanej infrastruktury. LUMI-AI to wa\u017cny kolejny krok w partnerstwie AMD z EuroHPC JU, konsorcjum LUMI AI Factory i firm\u0105 Bull. Dzi\u0119ki kartom graficznym AMD Instinct MI430X i procesorom AMD EPYC sz\u00f3stej generacji, system wzmocni suwerenne mo\u017cliwo\u015bci Europy w zakresie sztucznej inteligencji, przyspieszy odkrycia naukowe oraz zapewni naukowcom, startupom i przemys\u0142owi skal\u0119 i elastyczno\u015b\u0107 niezb\u0119dn\u0105 do kszta\u0142towania przysz\u0142o\u015bci europejskiej sztucznej inteligencji\u201d \u2013 m\u00f3wi Thomas Zacharia, starszy wiceprezes ds. globalnego sektora publicznego i partnerstw strategicznych w AMD.<\/p>\n<p>AI, HPC i obliczenia kwantowe w jednym \u015brodowisku<\/p>\n<p>LUMI-AI ma by\u0107 czym\u015b wi\u0119cej ni\u017c kolejnym szybkim superkomputerem. System zostanie zintegrowany z platform\u0105 oblicze\u0144 kwantowych LUMI-IQ, dostarczan\u0105 przez IQM Quantum Computers. Po\u0142\u0105czenie HPC, AI i oblicze\u0144 kwantowych ma pozwoli\u0107 na tworzenie hybrydowych \u015brodowisk dla bada\u0144 wymagaj\u0105cych du\u017cej mocy obliczeniowej.<\/p>\n<p>Takie podej\u015bcie mo\u017ce znale\u017a\u0107 zastosowanie m.in. w modelowaniu klimatu, medycynie, energetyce czy badaniach przemys\u0142owych. System ma r\u00f3wnie\u017c zapewni\u0107 szeroki dost\u0119p przez API, co u\u0142atwi wykorzystanie jego zasob\u00f3w przez r\u00f3\u017cne grupy u\u017cytkownik\u00f3w.<\/p>\n<p>Finlandia pokazuje, jak projektowa\u0107 infrastruktur\u0119 AI<\/p>\n<p>Istotnym elementem projektu jest tak\u017ce efektywno\u015b\u0107 energetyczna. LUMI-AI b\u0119dzie zasilany w ca\u0142o\u015bci energi\u0105 odnawialn\u0105, a ch\u0142odzenie ciecz\u0105 pozwoli odzyskiwa\u0107 ciep\u0142o generowane przez infrastruktur\u0119 i przekazywa\u0107 je do sieci ciep\u0142owniczej Kajaani.<\/p>\n<p>Ten aspekt mo\u017ce by\u0107 szczeg\u00f3lnie istotny dla Polski przy planowaniu du\u017cych inwestycji AI. Do\u015bwiadczenia kraj\u00f3w nordyckich pokazuj\u0105, \u017ce lokalizacja centrum danych mo\u017ce by\u0107 analizowana nie tylko pod k\u0105tem dost\u0119pno\u015bci energii i \u0142\u0105czy, ale r\u00f3wnie\u017c mo\u017cliwo\u015bci wykorzystania generowanego ciep\u0142a oraz wsp\u00f3\u0142pracy z przemys\u0142em i sektorem naukowym.<\/p>\n","protected":false},"excerpt":{"rendered":"EuroHPC Joint Undertaking podpisa\u0142o kontrakt z firm\u0105 Bull o warto\u015bci 387,8 mln euro na budow\u0119 superkomputera LUMI-AI, kt\u00f3ry&hellip;\n","protected":false},"author":2,"featured_media":664117,"comment_status":"","ping_status":"","sticky":false,"template":"","format":"standard","meta":{"footnotes":"","_share_on_mastodon":"0"},"categories":[12],"tags":[129095,323,129097,129094,3511,129096,42,38,40,39,41,77897,96788],"class_list":["post-664116","post","type-post","status-publish","format-standard","has-post-thumbnail","category-polska","tag-ai-factory","tag-amd","tag-bull","tag-eurohpc","tag-inwestycje","tag-lumi-ai","tag-pl","tag-poland","tag-polish","tag-polska","tag-polski","tag-quantum-computing","tag-superkomputery"],"share_on_mastodon":{"url":"https:\/\/pubeurope.com\/@pl\/117205686238556155","error":""},"_links":{"self":[{"href":"https:\/\/www.europesays.com\/pl\/wp-json\/wp\/v2\/posts\/664116","targetHints":{"allow":["GET"]}}],"collection":[{"href":"https:\/\/www.europesays.com\/pl\/wp-json\/wp\/v2\/posts"}],"about":[{"href":"https:\/\/www.europesays.com\/pl\/wp-json\/wp\/v2\/types\/post"}],"author":[{"embeddable":true,"href":"https:\/\/www.europesays.com\/pl\/wp-json\/wp\/v2\/users\/2"}],"replies":[{"embeddable":true,"href":"https:\/\/www.europesays.com\/pl\/wp-json\/wp\/v2\/comments?post=664116"}],"version-history":[{"count":0,"href":"https:\/\/www.europesays.com\/pl\/wp-json\/wp\/v2\/posts\/664116\/revisions"}],"wp:featuredmedia":[{"embeddable":true,"href":"https:\/\/www.europesays.com\/pl\/wp-json\/wp\/v2\/media\/664117"}],"wp:attachment":[{"href":"https:\/\/www.europesays.com\/pl\/wp-json\/wp\/v2\/media?parent=664116"}],"wp:term":[{"taxonomy":"category","embeddable":true,"href":"https:\/\/www.europesays.com\/pl\/wp-json\/wp\/v2\/categories?post=664116"},{"taxonomy":"post_tag","embeddable":true,"href":"https:\/\/www.europesays.com\/pl\/wp-json\/wp\/v2\/tags?post=664116"}],"curies":[{"name":"wp","href":"https:\/\/api.w.org\/{rel}","templated":true}]}}