{"id":664120,"date":"2026-09-03T06:27:11","date_gmt":"2026-09-03T06:27:11","guid":{"rendered":"https:\/\/www.europesays.com\/pl\/664120\/"},"modified":"2026-09-03T06:27:11","modified_gmt":"2026-09-03T06:27:11","slug":"w-muzeum-polin-wybielano-stalinowska-prokurator-do-akcji-wkroczyla-mw","status":"publish","type":"post","link":"https:\/\/www.europesays.com\/pl\/664120\/","title":{"rendered":"W Muzeum POLIN wybielano stalinowsk\u0105 prokurator?! Do akcji wkroczy\u0142a MW"},"content":{"rendered":"<p data-v-01d4021f=\"\">\u201eZbrodniarka czy ofiara?\u201d \u2014 pod takim m.in. has\u0142em w Muzeum POLIN pr\u00f3bowano spojrze\u0107 na posta\u0107 Heleny Woli\u0144skiej. Dosz\u0142o jednak do stanowczej reakcji ze strony M\u0142odzie\u017cy Wszechpolskiej. Jej dzia\u0142acze przerwali wydarzenie, alarmuj\u0105c o wybielaniu stalinowskiej prokurator!<\/p>\n<p data-v-01d4021f=\"\">W Muzeum POLIN zorganizowano spotkanie po\u015bwi\u0119cone Helenie Woli\u0144skiej, stalinowskiej prokurator pochodzenia \u017cydowskiego, kt\u00f3ra bra\u0142a udzia\u0142 w procesach politycznych i skazaniu na \u015bmier\u0107 genera\u0142a Augusta Fieldorfa \u201eNila\u201d.<\/p>\n<p data-v-01d4021f=\"\">Zbrodniarka czy ofiara? A mo\u017ce to pytanie jest zbyt proste? Co si\u0119 stanie, je\u015bli zamiast wydawa\u0107 kolejny wyrok, spr\u00f3bujemy przyjrze\u0107 si\u0119 ich biografiom w ca\u0142ej ich niewygodnej z\u0142o\u017cono\u015bci?<\/p>\n<p data-v-01d4021f=\"\">&#8211; tak w po\u0142owie sierpnia reklamowa\u0142o swoje wydarzenie po\u015bwi\u0119cone Helenie Woli\u0144skiej i W\u0142odzimierzowi Brusowi. T\u0119 pierwsz\u0105 przedstawiono jako: &#8222;prokuratorka wojskowa zaanga\u017cowana w stalinowski aparat represji. \u017byd\u00f3wka, kt\u00f3ra prze\u017cy\u0142a Zag\u0142ad\u0119. Komunistka, kt\u00f3ra po wojnie uwierzy\u0142a w mo\u017cliwo\u015b\u0107 zbudowania bardziej sprawiedliwego \u015bwiata. Jedna z najbardziej kontrowersyjnych postaci historii PRL&#8221;.<\/p>\n<p data-v-01d4021f=\"\">Autorka rekonstruuje histori\u0119 dwojga ludzi, kt\u00f3rych po\u0142\u0105czy\u0142y mi\u0142o\u015b\u0107, do\u015bwiadczenie Zag\u0142ady i fascynacja komunizmem. Nie pomija ich uwik\u0142ania w system, ale przygl\u0105da si\u0119 r\u00f3wnie\u017c temu, jak po latach powstawa\u0142a ich \u201eczarna legenda\u201d i jak na pami\u0119\u0107 o nich wp\u0142ywa\u0142y antykomunizm, antysemityzm i polityczne spory o przesz\u0142o\u015b\u0107. Czy pr\u00f3ba zrozumienia oznacza usprawiedliwienie? Czy potrafimy opowiada\u0107 o ludziach uwik\u0142anych w histori\u0119 bez dzielenia ich wy\u0142\u0105cznie na winnych i niewinnych?<\/p>\n<p data-v-01d4021f=\"\">&#8211; mo\u017cna by\u0142o przeczyta\u0107 w zapowiedzi.<\/p>\n<p data-v-01d4021f=\"\">\u00a0<\/p>\n<p>Akcja M\u0142odzie\u017cy Wszechpolskiej\u00a0<\/p>\n<p data-v-01d4021f=\"\">Spotka\u0142o si\u0119 to z mocn\u0105 odpowiedzi\u0105. Prezes M\u0142odzie\u017cy Wszechpolskiej Marcin Osowski poinformowa\u0142 w mediach spo\u0142eczno\u015bciowych o akcji swojej organizacji w Muzeum POLIN.<\/p>\n<p data-v-01d4021f=\"\">M\u0142odzie\u017c Wszechpolska przerwa\u0142a spotkanie wybielaj\u0105ce posta\u0107 Heleny Woli\u0144skiej &#8211; \u017byd\u00f3wki, stalinowskiej prokurator, kt\u00f3ra bra\u0142a udzia\u0142 w skazaniu genera\u0142a Augusta Fieldorfa \u201eNila\u201d<\/p>\n<p data-v-01d4021f=\"\">&#8211; wskaza\u0142.<\/p>\n<p data-v-01d4021f=\"\">Nasi dzia\u0142acze zostali fizycznie zaatakowani przez \u201etolerancyjn\u0105\u201d publik\u0119. Ponadto us\u0142yszeli\u015bmy, \u017ce jeste\u015bmy \u201enarodowo-katolickimi kurwami\u201d oraz \u017ce powinno si\u0119 nas zamkn\u0105\u0107 w sali i\u2026 \u201ezag\u0142odzi\u0107\u201d. To, delikatnie rzecz ujmuj\u0105c, do\u015b\u0107 niestosowne s\u0142owa, bior\u0105c pod uwag\u0119 miejsce prelekcji<\/p>\n<p data-v-01d4021f=\"\">&#8211; oceni\u0142.<\/p>\n<p data-v-01d4021f=\"\">Oczywi\u015bcie, pomimo pr\u00f3b fizycznego ataku, nasi dzia\u0142acze skutecznie za\u017cegnali zagro\u017cenie<\/p>\n<p data-v-01d4021f=\"\">&#8211; wskaza\u0142.<\/p>\n<p data-v-01d4021f=\"\">as\/\u017ar. wPolityce.pl za X, Muzeum Polin\u00a0<\/p>\n","protected":false},"excerpt":{"rendered":"\u201eZbrodniarka czy ofiara?\u201d \u2014 pod takim m.in. has\u0142em w Muzeum POLIN pr\u00f3bowano spojrze\u0107 na posta\u0107 Heleny Woli\u0144skiej. Dosz\u0142o&hellip;\n","protected":false},"author":2,"featured_media":664121,"comment_status":"","ping_status":"","sticky":false,"template":"","format":"standard","meta":{"footnotes":"","_share_on_mastodon":"0"},"categories":[51605],"tags":[129099,291,4157,3375,59191,42,38,40,39,41,3689,129098,435],"class_list":["post-664120","post","type-post","status-publish","format-standard","has-post-thumbnail","category-warszawa","tag-bohaterowie-polski","tag-historia","tag-historia-polski","tag-ii-wojna-swiatowa","tag-pamiec-historyczna","tag-pl","tag-poland","tag-polish","tag-polska","tag-polski","tag-prl","tag-rocznice-historyczne","tag-warszawa"],"share_on_mastodon":{"url":"https:\/\/pubeurope.com\/@pl\/117205693137570212","error":""},"_links":{"self":[{"href":"https:\/\/www.europesays.com\/pl\/wp-json\/wp\/v2\/posts\/664120","targetHints":{"allow":["GET"]}}],"collection":[{"href":"https:\/\/www.europesays.com\/pl\/wp-json\/wp\/v2\/posts"}],"about":[{"href":"https:\/\/www.europesays.com\/pl\/wp-json\/wp\/v2\/types\/post"}],"author":[{"embeddable":true,"href":"https:\/\/www.europesays.com\/pl\/wp-json\/wp\/v2\/users\/2"}],"replies":[{"embeddable":true,"href":"https:\/\/www.europesays.com\/pl\/wp-json\/wp\/v2\/comments?post=664120"}],"version-history":[{"count":0,"href":"https:\/\/www.europesays.com\/pl\/wp-json\/wp\/v2\/posts\/664120\/revisions"}],"wp:featuredmedia":[{"embeddable":true,"href":"https:\/\/www.europesays.com\/pl\/wp-json\/wp\/v2\/media\/664121"}],"wp:attachment":[{"href":"https:\/\/www.europesays.com\/pl\/wp-json\/wp\/v2\/media?parent=664120"}],"wp:term":[{"taxonomy":"category","embeddable":true,"href":"https:\/\/www.europesays.com\/pl\/wp-json\/wp\/v2\/categories?post=664120"},{"taxonomy":"post_tag","embeddable":true,"href":"https:\/\/www.europesays.com\/pl\/wp-json\/wp\/v2\/tags?post=664120"}],"curies":[{"name":"wp","href":"https:\/\/api.w.org\/{rel}","templated":true}]}}