{"id":664124,"date":"2026-09-03T06:29:11","date_gmt":"2026-09-03T06:29:11","guid":{"rendered":"https:\/\/www.europesays.com\/pl\/664124\/"},"modified":"2026-09-03T06:29:11","modified_gmt":"2026-09-03T06:29:11","slug":"znamy-godzine-meczu-igi-swiatek-w-drugiej-rundzie-us-open-swietne-wiesci","status":"publish","type":"post","link":"https:\/\/www.europesays.com\/pl\/664124\/","title":{"rendered":"Znamy godzin\u0119 meczu Igi \u015awi\u0105tek w drugiej rundzie US Open. \u015awietne wie\u015bci"},"content":{"rendered":"<p>Do tej pory Iga \u015awi\u0105tek mog\u0142a liczy\u0107 na miejsce na dw\u00f3ch g\u0142\u00f3wnych kortach US Open, rozgrywaj\u0105c swoje spotkania najcz\u0119\u015bciej na korcie imienia Arthura Ashe&#8217;a lub Louisa Armstronga. Tym razem b\u0119dzie inaczej, bo Polk\u0119 zobaczymy na korcie Grandstand, trzeciej co do wielko\u015bci turniejowej arenie.<\/p>\n<p>Dalszy ci\u0105g artyku\u0142u pod materia\u0142em wideoZnamy godzin\u0119 meczu Igi \u015awi\u0105tek w US Open<a href=\"https:\/\/przegladsportowy.onet.pl\/\" title=\"Strona g\u0142\u00f3wna serwisu\" aria-label=\"Strona g\u0142\u00f3wna serwisu\" data-astro-prefetch=\"tap\" class=\"ods-a-logo-main-desktop\" rel=\"nofollow noopener\" target=\"_blank\"><img src=\"https:\/\/cdn.przegladsportowy.onet.pl\/img\/Logo_desktop_Onet.svg\" class=\"ods-a-logo-main-desktop__image\" alt=\"Logo\" width=\"107\" height=\"60\" fetchpriority=\"high\" decoding=\"sync\" style=\"height:60px\"\/><\/a><\/p>\n<p class=\"ods-m-google-article__text\">Czytaj nas cz\u0119\u015bciej w Google<\/p>\n<p><a href=\"https:\/\/google.com\/preferences\/source?q=przegladsportowy.onet.pl\" target=\"_blank\" rel=\"noopener noreferrer nofollow\" aria-label=\"Dodaj w Google\" title=\"Dodaj w Google\" class=\"ods-a-button ods-a-button__primary ods-a-button__default ods-a-button-l\">Dodaj w Google<\/a><\/p>\n<p>Co istotne, nasza reprezentantka wyjdzie na kort jako pierwsza, ju\u017c o 17.00 polskiego czasu. To bardzo dobra wiadomo\u015b\u0107 z dw\u00f3ch powod\u00f3w. Po pierwsze, polscy kibice nie b\u0119d\u0105 musieli &#8222;zarywa\u0107 nocy&#8221;, by obejrze\u0107 spotkanie z udzia\u0142em polskiej faworytki. Po drugie, mecz z Nadi\u0105 Podorosk\u0105 b\u0119dzie najmniej nara\u017cony na op\u00f3\u017anienia z uwagi na potencjalne deszcze.<\/p>\n<p>Na korcie centralnym zobaczymy Naomi Osak\u0119 i Katerin\u0119 Siniakov\u0105, Taylora Fritza i Matti\u0119 Bellucciego, Paul\u0119 Bados\u0119 i Coco Gauff oraz Alexandra Zvereva i Quentina Halysa. Z kolei na korcie imienia Louisa Armstronga wyst\u0105pi\u0105 Felix Auger-Aliassime i Karen Chaczanow, O\u0142eksandra Olijnikowa i Alexandra Eala, Gael Monfils i Learner Tien oraz Jessica Bouzas Maneiro i Jelena Rybakina.<\/p>\n<p>Mecz z udzia\u0142em Igi \u015awi\u0105tek jest jedynym spotkaniem polskiej singlistki zaplanowanym na czwartek. W \u015brod\u0119 z turniejem po\u017cegnali si\u0119 Hubert Hurkacz, Magda Linette i Magdalena Fr\u0119ch.<\/p>\n","protected":false},"excerpt":{"rendered":"Do tej pory Iga \u015awi\u0105tek mog\u0142a liczy\u0107 na miejsce na dw\u00f3ch g\u0142\u00f3wnych kortach US Open, rozgrywaj\u0105c swoje spotkania&hellip;\n","protected":false},"author":2,"featured_media":664125,"comment_status":"","ping_status":"","sticky":false,"template":"","format":"standard","meta":{"footnotes":"","_share_on_mastodon":"0"},"categories":[24],"tags":[61195,252,48,46,42,38,40,39,41,47,127,126,156,22568,157],"class_list":["post-664124","post","type-post","status-publish","format-standard","has-post-thumbnail","category-sport","tag-bottomfeed_styl","tag-iga_swiatek","tag-nat_styl","tag-omp","tag-pl","tag-poland","tag-polish","tag-polska","tag-polski","tag-screening_general","tag-sport","tag-sports","tag-tenis","tag-us_open","tag-wta"],"share_on_mastodon":{"url":"https:\/\/pubeurope.com\/@pl\/117205701930188503","error":""},"_links":{"self":[{"href":"https:\/\/www.europesays.com\/pl\/wp-json\/wp\/v2\/posts\/664124","targetHints":{"allow":["GET"]}}],"collection":[{"href":"https:\/\/www.europesays.com\/pl\/wp-json\/wp\/v2\/posts"}],"about":[{"href":"https:\/\/www.europesays.com\/pl\/wp-json\/wp\/v2\/types\/post"}],"author":[{"embeddable":true,"href":"https:\/\/www.europesays.com\/pl\/wp-json\/wp\/v2\/users\/2"}],"replies":[{"embeddable":true,"href":"https:\/\/www.europesays.com\/pl\/wp-json\/wp\/v2\/comments?post=664124"}],"version-history":[{"count":0,"href":"https:\/\/www.europesays.com\/pl\/wp-json\/wp\/v2\/posts\/664124\/revisions"}],"wp:featuredmedia":[{"embeddable":true,"href":"https:\/\/www.europesays.com\/pl\/wp-json\/wp\/v2\/media\/664125"}],"wp:attachment":[{"href":"https:\/\/www.europesays.com\/pl\/wp-json\/wp\/v2\/media?parent=664124"}],"wp:term":[{"taxonomy":"category","embeddable":true,"href":"https:\/\/www.europesays.com\/pl\/wp-json\/wp\/v2\/categories?post=664124"},{"taxonomy":"post_tag","embeddable":true,"href":"https:\/\/www.europesays.com\/pl\/wp-json\/wp\/v2\/tags?post=664124"}],"curies":[{"name":"wp","href":"https:\/\/api.w.org\/{rel}","templated":true}]}}