{"id":664126,"date":"2026-09-03T06:30:20","date_gmt":"2026-09-03T06:30:20","guid":{"rendered":"https:\/\/www.europesays.com\/pl\/664126\/"},"modified":"2026-09-03T06:30:20","modified_gmt":"2026-09-03T06:30:20","slug":"agnieszka-hyzy-o-aferze-wokol-jablczynskiej-i-szelagowskiej-nigdy-nie-uwierze","status":"publish","type":"post","link":"https:\/\/www.europesays.com\/pl\/664126\/","title":{"rendered":"Agnieszka Hy\u017cy o aferze wok\u00f3\u0142 Jab\u0142czy\u0144skiej i Szel\u0105gowskiej. &#8222;Nigdy nie uwierz\u0119&#8221;"},"content":{"rendered":"<p>Dyskusja wok\u00f3\u0142 nowej ods\u0142ony &#8222;Nigdy w \u017cyciu!&#8221; nabiera tempa. W tym tygodniu Dorota Szel\u0105gowska zwr\u00f3ci\u0142a si\u0119 do <a href=\"https:\/\/plejada.pl\/temat\/joanna-jablczynska\/pftrxyv\" id=\"3306c16e-8f3a-428f-8d4a-9b0bbde869b4\" rel=\"nofollow noopener\" target=\"_blank\">Joanny Jab\u0142czy\u0144skiej<\/a>, kt\u00f3ra ujawni\u0142a, \u017ce nie wcieli si\u0119 w rol\u0119 Tosi. C\u00f3rka Katarzyny Grocholi nie szcz\u0119dzi\u0142a gorzkich s\u0142\u00f3w, zarzucaj\u0105c aktorce m.in. niszczenie rodziny, a tak\u017ce nazwa\u0142a j\u0105 &#8222;z\u0142ym cz\u0142owiekiem&#8221;. <a href=\"https:\/\/plejada.pl\/newsy\/joanna-jablczynska-odpowiada-dorocie-szelagowskiej-pokazala-prywatne-rozmowy\/mk1jjrh\" id=\"6e279277-f83e-496e-932a-b9caa136128a\" rel=\"nofollow noopener\" target=\"_blank\">W odpowiedzi Jab\u0142czy\u0144ska opublikowa\u0142a tre\u015b\u0107 rozmowy z Katarzyn\u0105 Grochol\u0105.<\/a><\/p>\n<p>Przypomnijmy, \u017ce wcze\u015bniej Katarzyna Grochola zapowiedzia\u0142a podj\u0119cie krok\u00f3w prawnych przeciwko aktorce, kt\u00f3r\u0105 skar\u017cy\u0142a o rozprzestrzenianie nieprawdziwych informacji na temat Agnieszki \u017bulewskiej \u2014 to w\u0142a\u015bnie j\u0105 zobaczymy w nowej ods\u0142onie produkcji.<\/p>\n<p><a href=\"https:\/\/www.onet.pl\/\" title=\"Strona G\u0142\u00f3wna\" aria-label=\"Strona G\u0142\u00f3wna\" data-astro-prefetch=\"tap\" class=\"ods-a-logo-main-desktop\" rel=\"nofollow noopener\" target=\"_blank\"><img src=\"https:\/\/cdn.plejada.pl\/img\/Logo_desktop_Onet.svg\" class=\"ods-a-logo-main-desktop__image\" alt=\"Logo\" width=\"107\" height=\"60\" fetchpriority=\"high\" decoding=\"sync\" style=\"height:60px\"\/><\/a><\/p>\n<p class=\"ods-m-google-article__text\">Czytaj nas cz\u0119\u015bciej w Google<\/p>\n<p><a href=\"https:\/\/google.com\/preferences\/source?q=plejada.pl\" target=\"_blank\" rel=\"noopener noreferrer nofollow\" aria-label=\"Dodaj w Google\" title=\"Dodaj w Google\" class=\"ods-a-button ods-a-button__primary ods-a-button__default ods-a-button-l\">Dodaj w Google<\/a>Dalszy ci\u0105g artyku\u0142u pod materia\u0142em wideoAgnieszka Hy\u017cy o aferze wok\u00f3\u0142 Jab\u0142czy\u0144skiej i Szel\u0105gowskiej. &#8222;Nigdy nie uwierz\u0119&#8221;<\/p>\n<p>Teraz g\u0142os zabra\u0142a Agnieszka Hy\u017cy, kt\u00f3ra podzieli\u0142a si\u0119 swoj\u0105 refleksj\u0105 na temat konfliktu wok\u00f3\u0142 kultowego hitu. &#8222;Nigdy w \u017cyciu, czyli o tym, dlaczego wszyscy w tym samym momencie mog\u0105 mie\u0107 racj\u0119&#8221; \u2014 zatytu\u0142owa\u0142a wpis w mediach spo\u0142eczno\u015bciowych.<\/p>\n<p>&#8222;Grochola. Jab\u0142czy\u0144ska. Szel\u0105gowska. \u017bulewska. Casting, kt\u00f3ry by\u0107 mo\u017ce by\u0107 castingiem, a by\u0107 mo\u017ce dla jednej ze stron nim nie by\u0142. Telefon. Sponsor. O\u015bwiadczenie. Odpowied\u017a na o\u015bwiadczenie. Zapowied\u017a prawnik\u00f3w. Usuni\u0119ty post. Prywatne wiadomo\u015bci pokazane publicznie. I oczywi\u015bcie my. Publiczno\u015b\u0107. Siedzimy z popcornem i wybieramy dru\u017cyny&#8221; \u2014 czytamy.<\/p>\n<blockquote class=\"ods-o-quote\">\n<p class=\"ods-o-quote__paragraph\">A my\u015bl\u0119 sobie, \u017ce jest coraz wi\u0119cej os\u00f3b, kt\u00f3re chc\u0105 zapisa\u0107 si\u0119 do teamu: &#8222;Nie wiem, kto ma racj\u0119. I nie mnie to ocenia\u0107&#8221;. Po kilku godzinach tysi\u0105ce ludzi, kt\u00f3rzy nie uczestniczyli ani w jednej z tych rozm\u00f3w, wiedz\u0105 ju\u017c dok\u0142adnie, kto jest dobry, kto z\u0142y, kto k\u0142amie i czyjego filmu nie p\u00f3jd\u0105 ogl\u0105da\u0107. I wtedy pomy\u015bla\u0142am, \u017ce mo\u017ce najwi\u0119kszym problemem tej historii wcale nie jest to, kto zagra To\u015bk\u0119<\/p>\n<\/blockquote>\n<p>&#8222;Tylko to, jak bardzo przestali\u015bmy ze sob\u0105 rozmawia\u0107, zanim zaczniemy rozmawia\u0107 o sobie publicznie. Mo\u017ce czasem wystarczy\u0142by telefon. Mo\u017ce czasem trzeba powiedzie\u0107: s\u0142uchaj, ja to zrozumia\u0142am zupe\u0142nie inaczej. Mo\u017ce druga osoba odpowiedzia\u0142aby: a ja by\u0142am przekonana, \u017ce powiedzia\u0142am ci co\u015b innego. I by\u0107 mo\u017ce nadal nie by\u0142oby zgody. Ale przynajmniej by\u0142aby rozmowa&#8221; \u2014 kontynuowa\u0142a.<\/p>\n<blockquote class=\"ods-o-quote\">\n<p class=\"ods-o-quote__paragraph\">Wiem, brzmi ma\u0142o widowiskowo. (&#8230;) Ale mo\u017ce cz\u0142owiekowi by\u0142oby troch\u0119 l\u017cej. Bo mam wra\u017cenie, \u017ce w tej historii, jak w wielu innych, prawdziwy konflikt ju\u017c dawno zosta\u0142 przykryty przez konflikt medialny. A ten drugi \u017cywi si\u0119 sam<\/p>\n<\/blockquote>\n<p>&#8222;Ka\u017cda odpowied\u017a rodzi kolejn\u0105 odpowied\u017a. Ka\u017cde wyja\u015bnienie wymaga wyja\u015bnienia. W pewnym momencie ju\u017c nie pami\u0119tamy, o co posz\u0142o. Ale wiemy, komu kibicujemy. I mo\u017ce w\u0142a\u015bnie dlatego najbardziej pasuje mi dzi\u015b tytu\u0142 sprzed ponad 20 lat: Nigdy w \u017cyciu. Nigdy w \u017cyciu nie uwierz\u0119, \u017ce ka\u017cd\u0105 ludzk\u0105 histori\u0119 da si\u0119 uczciwie opowiedzie\u0107 w trzydziestosekundowej rolce. Chocia\u017c internet codziennie odpowiada mi: w\u0142a\u015bnie, \u017ce tak&#8221; \u2014 podsumowa\u0142a.<\/p>\n<p><img class=\"ods-a-photo ods-a-photo--background\" src=\"https:\/\/www.europesays.com\/pl\/wp-content\/uploads\/2026\/09\/wYLk9lBaHR0cHM6Ly9vY2RuLmV1L3B1bHNjbXMvTURBXy9hYjVkODdlNTRhMWQ1MTVmYWMyNTUzMDFkODIzMGU4Ny5qcGeRlQLNA.jpeg\" height=\"300\" width=\"450\" alt=\"Kuba Sienkiewicz\" loading=\"lazy\" fetchpriority=\"low\" decoding=\"async\"\/><img class=\"ods-a-photo ods-a-photo--background\" src=\"https:\/\/www.europesays.com\/pl\/wp-content\/uploads\/2026\/09\/Ocdk9lBaHR0cHM6Ly9vY2RuLmV1L3B1bHNjbXMvTURBXy82ZTE5ODQyNGI0ODk2NDY3Njk0Y2UwMDBlNDFjODNhNy5qcGeRkwXNB.jpeg\" height=\"800\" width=\"533\" alt=\"Agnieszka Hy\u017cy\" loading=\"lazy\" fetchpriority=\"auto\" decoding=\"auto\" url=\"https:\/\/ocdn.eu\/pulscms\/MDA_\/6e198424b4896467694ce000e41c83a7.jpg\" description=\"Agnieszka Hy\u017cy\" author=\"Pawe\u0142 Wrzecion \/ AKPA \/ AKPA\" source=\"\" link=\"\"\/><\/p>\n<p>Pawe\u0142 Wrzecion \/ AKPA \/ AKPA<\/p>\n<p>Agnieszka Hy\u017cy<\/p>\n<p>Dzi\u0119kujemy, \u017ce przeczyta\u0142a\u015b\/e\u015b nasz artyku\u0142 do ko\u0144ca. W serwisie Plejada.pl ka\u017cdego dnia piszemy o najwa\u017cniejszych wydarzeniach show-biznesowych. B\u0105d\u017a na bie\u017c\u0105co!<a rel=\"nofollow noopener\" href=\"https:\/\/profile.google.com\/cp\/Cg0vZy8xMWJ6X19wdHBx\" id=\"a3971fcc-34ea-4d4b-82eb-e6f50b4c17d3\" target=\"_blank\"> Obserwuj<\/a> Plejad\u0119 w Google. Odwied\u017a nas tak\u017ce na<a rel=\"nofollow noopener\" href=\"https:\/\/www.facebook.com\/plejadapl\" id=\"99e2717e-dea0-4a1e-8195-bafd89af655a\" target=\"_blank\"> Facebooku<\/a>,<a rel=\"nofollow noopener\" href=\"https:\/\/www.instagram.com\/plejadapl\/\" id=\"504a8366-dfe2-4943-bdaa-e07ec7d3f384\" target=\"_blank\"> Instagramie<\/a>,<a rel=\"nofollow noopener\" href=\"https:\/\/www.youtube.com\/c\/plejada\" id=\"4a7defc5-974a-40c4-8c67-ade815fff114\" target=\"_blank\"> YouTubie<\/a> oraz<a rel=\"nofollow noopener\" href=\"https:\/\/www.tiktok.com\/@plejada_pl\" id=\"42f83873-3ef2-4da0-aff5-5f7283508ab5\" target=\"_blank\"> TikToku<\/a>.Chcesz podzieli\u0107 si\u0119 ciekawym newsem lub zaproponowa\u0107 temat? Skontaktuj si\u0119 z nami, pisz\u0105c maila na adres: <a rel=\"nofollow noopener\" href=\"https:\/\/plejada.pl\/newsy\/agnieszka-hyzy-o-aferze-wokol-jablczynskiej-i-szelagowskiej-nigdy-nie-uwierze\/mailto:plejada@redakcjaonet.pl\" id=\"b7bbeed2-298d-4e5a-9c55-21d51f17db01\" target=\"_blank\">plejada@redakcjaonet.pl<\/a>.<script async src=\"\/\/www.instagram.com\/embed.js\"><\/script><script async src=\"\/\/www.tiktok.com\/embed.js\"><\/script><\/p>\n","protected":false},"excerpt":{"rendered":"Dyskusja wok\u00f3\u0142 nowej ods\u0142ony &#8222;Nigdy w \u017cyciu!&#8221; nabiera tempa. W tym tygodniu Dorota Szel\u0105gowska zwr\u00f3ci\u0142a si\u0119 do Joanny&hellip;\n","protected":false},"author":2,"featured_media":664127,"comment_status":"","ping_status":"","sticky":false,"template":"","format":"standard","meta":{"footnotes":"","_share_on_mastodon":"0"},"categories":[22],"tags":[3833,61195,3845,122,16015,26832,48,125,46,42,38,40,39,41,123,47],"class_list":["post-664126","post","type-post","status-publish","format-standard","has-post-thumbnail","category-rozrywka","tag-agnieszka_hyzy","tag-bottomfeed_styl","tag-dorota_szelagowska","tag-entertainment","tag-joanna_jablczynska","tag-katarzyna_grochola","tag-nat_styl","tag-newsy","tag-omp","tag-pl","tag-poland","tag-polish","tag-polska","tag-polski","tag-rozrywka","tag-screening_general"],"share_on_mastodon":{"url":"https:\/\/pubeurope.com\/@pl\/117205705559199939","error":""},"_links":{"self":[{"href":"https:\/\/www.europesays.com\/pl\/wp-json\/wp\/v2\/posts\/664126","targetHints":{"allow":["GET"]}}],"collection":[{"href":"https:\/\/www.europesays.com\/pl\/wp-json\/wp\/v2\/posts"}],"about":[{"href":"https:\/\/www.europesays.com\/pl\/wp-json\/wp\/v2\/types\/post"}],"author":[{"embeddable":true,"href":"https:\/\/www.europesays.com\/pl\/wp-json\/wp\/v2\/users\/2"}],"replies":[{"embeddable":true,"href":"https:\/\/www.europesays.com\/pl\/wp-json\/wp\/v2\/comments?post=664126"}],"version-history":[{"count":0,"href":"https:\/\/www.europesays.com\/pl\/wp-json\/wp\/v2\/posts\/664126\/revisions"}],"wp:featuredmedia":[{"embeddable":true,"href":"https:\/\/www.europesays.com\/pl\/wp-json\/wp\/v2\/media\/664127"}],"wp:attachment":[{"href":"https:\/\/www.europesays.com\/pl\/wp-json\/wp\/v2\/media?parent=664126"}],"wp:term":[{"taxonomy":"category","embeddable":true,"href":"https:\/\/www.europesays.com\/pl\/wp-json\/wp\/v2\/categories?post=664126"},{"taxonomy":"post_tag","embeddable":true,"href":"https:\/\/www.europesays.com\/pl\/wp-json\/wp\/v2\/tags?post=664126"}],"curies":[{"name":"wp","href":"https:\/\/api.w.org\/{rel}","templated":true}]}}