{"id":664138,"date":"2026-09-03T06:36:13","date_gmt":"2026-09-03T06:36:13","guid":{"rendered":"https:\/\/www.europesays.com\/pl\/664138\/"},"modified":"2026-09-03T06:36:13","modified_gmt":"2026-09-03T06:36:13","slug":"pis-szykuje-atak-na-mateusza-morawieckiego-w-tle-donald-tusk-wprost","status":"publish","type":"post","link":"https:\/\/www.europesays.com\/pl\/664138\/","title":{"rendered":"PiS szykuje atak na Mateusza Morawieckiego. W tle Donald Tusk \u2013 Wprost"},"content":{"rendered":"\n<p>&#13;<br \/>\nRywalizacja o\u00a0stanowisko wicemarsza\u0142ka Sejmu mo\u017ce doprowadzi\u0107 do\u00a0kolejnej ods\u0142ony konfliktu na\u00a0prawicy. PiS zg\u0142osi\u0142o kandydatur\u0119 Marcina Ociepy, natomiast klub Rozw\u00f3j Plus Mateusza Morawieckiego wskaza\u0142 Marcina Hora\u0142\u0119. &#13;\n<\/p>\n<p>&#13;<br \/>\nWed\u0142ug autor\u00f3w podcastu \u201ePolityczny WF\u201d Interii PiS nie\u00a0zamierza poprze\u0107 kandydata \u015brodowiska by\u0142ego premiera. Je\u017celi parlamentarna wi\u0119kszo\u015b\u0107 wybierze Hora\u0142\u0119 zamiast Ociepy, partia Jaros\u0142awa Kaczy\u0144skiego ma\u00a0rozpocz\u0105\u0107 ofensyw\u0119 wymierzon\u0105 w\u00a0Morawieckiego. &#13;\n<\/p>\n<p>PiS ma\u00a0oskar\u017ca\u0107 Morawieckiego o\u00a0uk\u0142ad z\u00a0Tuskiem<\/p>\n<p>&#13;<br \/>\nJak wynika z\u00a0ustale\u0144 Interii, g\u0142\u00f3wnym has\u0142em planowanej kampanii ma\u00a0by\u0107 zarzut, \u017ce\u00a0lider Rozwoju Plus \u201egra w\u00a0orkiestrze Tuska\u201d. \u2013\u00a0Pokazywaliby, jak to\u00a0Morawiecki dogada\u0142 si\u0119 z\u00a0Tuskiem, jak \u201eodpowiednik reglamentowanych opozycjonist\u00f3w\u201d wspiera \u201ekoalicj\u0119 13 grudnia\u201d, a\u00a0nie \u201etwardych z\u00a0PiS-u\u201d \u2013\u00a0m\u00f3wi\u0142 w\u00a0podca\u015bcie dziennikarz Interii Marcin Fijo\u0142ek. &#13;\n<\/p>\n<p>&#13;<br \/>\nWed\u0142ug niego taka narracja mia\u0142aby towarzyszy\u0107 kolejnym sporom pomi\u0119dzy PiS a\u00a0\u015brodowiskiem by\u0142ego premiera. Jej uruchomienie zale\u017cy jednak od\u00a0wyniku g\u0142osowania w\u00a0Sejmie. &#13;\n<\/p>\n<p>&#13;<br \/>\nRedaktor naczelny Interii Piotr Witwicki oceni\u0142, \u017ce\u00a0Morawiecki mo\u017ce odpowiedzie\u0107 podobn\u0105 retoryk\u0105. Jako przyk\u0142ad wskaza\u0142 sprzeciw PiS wobec komisji \u015bledczej w\u00a0sprawie Zondacrypto. Jego zdaniem by\u0142y premier m\u00f3g\u0142by w\u00f3wczas przekonywa\u0107, \u017ce\u00a0to\u00a0\u201eKaczy\u0144ski gra w\u00a0orkiestrze Tuska\u201d. &#13;\n<\/p>\n<p>&#13;<br \/>\n\u2013 Dzisiaj Morawiecki musi mierzy\u0107 si\u0119 z\u00a0propagand\u0105, kt\u00f3r\u0105 sam stosowa\u0142 \u2013\u00a0podsumowa\u0142 Witwicki. &#13;\n<\/p>\n<p>Hora\u0142a kontra Ociepa. Koalicja mo\u017ce rozstrzygn\u0105\u0107 sp\u00f3r<\/p>\n<p>&#13;<br \/>\nW Prezydium Sejmu pozostaje jedno wolne miejsce. Powsta\u0142o ono po\u00a0tym, jak parlamentarna wi\u0119kszo\u015b\u0107 nie\u00a0zgodzi\u0142a si\u0119 na\u00a0wyb\u00f3r El\u017cbiety Witek, a\u00a0PiS przez d\u0142u\u017cszy czas nie\u00a0przedstawia\u0142o innego kandydata. Obecnie partia Jaros\u0142awa Kaczy\u0144skiego proponuje Marcina Ociep\u0119. &#13;\n<\/p>\n<p>&#13;<br \/>\nKlub Rozw\u00f3j Plus wybra\u0142 natomiast Marcina Hora\u0142\u0119, wiceprezesa stowarzyszenia i\u00a0by\u0142ego pe\u0142nomocnika rz\u0105du do\u00a0spraw Centralnego Portu Komunikacyjnego. &#13;\n<\/p>\n<p>&#13;<br \/>\n<a href=\"https:\/\/www.wprost.pl\/kraj\/12430332\/marcin-horala-kandydatem-rozwoju-plus-na-wicemarszalka-sejmu.html\" target=\"_blank\" rel=\"nofollow noopener\">Mateusz Morawiecki<\/a> zapowiedzia\u0142, \u017ce\u00a0jego klub b\u0119dzie zabiega\u0142 o\u00a0rozszerzenie Prezydium Sejmu. \u2013\u00a0Po\u00a0to, \u017ceby ka\u017cdy klub, zgodnie z\u00a0dobrym obyczajem parlamentarnym, m\u00f3g\u0142 mie\u0107 wicemarsza\u0142ka \u2013\u00a0t\u0142umaczy\u0142 by\u0142y premier, cytowany przez RMF FM. &#13;\n<\/p>\n<p>&#13;<br \/>\nRozw\u00f3j Plus ma\u00a0by\u0107 gotowy poprze\u0107 zar\u00f3wno Hora\u0142\u0119, jak i\u00a0Ociep\u0119. Je\u017celi jednak liczba miejsc nie\u00a0zostanie zwi\u0119kszona, o\u00a0wyniku rywalizacji faktycznie zdecyduj\u0105 g\u0142osy koalicji rz\u0105dz\u0105cej. &#13;\n<\/p>\n<p>\u201eSejmflix\u201d i\u00a0kolejna wojna na\u00a0prawicy<\/p>\n<p>&#13;<br \/>\nAutorzy podcastu Interii twierdz\u0105, \u017ce\u00a0w\u00a0obozie rz\u0105dz\u0105cym pojawi\u0142a si\u0119 pokusa, aby\u00a0\u201ekupi\u0107 popcorn, odpali\u0107 \u00bbSejmflix\u00ab\u201d i\u00a0obserwowa\u0107 konflikt PiS z\u00a0Rozwojem Plus. Poparcie Hora\u0142y przez koalicj\u0119 mog\u0142oby dodatkowo zaostrzy\u0107 sp\u00f3r mi\u0119dzy Kaczy\u0144skim a\u00a0Morawieckim. &#13;\n<\/p>\n<p>&#13;<br \/>\nPierwsze ostre oskar\u017cenia ju\u017c pad\u0142y. Pose\u0142 PiS Dariusz Matecki zarzuci\u0142 by\u0142emu premierowi kontakty z\u00a0marsza\u0142kiem Sejmu W\u0142odzimierzem Czarzastym. Polityk pisa\u0142 o\u00a0\u201etragicznej ma\u0142o\u015bci i\u00a0ma\u0142ostkowej zem\u015bcie\u201d w\u00a0zwi\u0105zku ze\u00a0zmianami miejsc zajmowanych przez pos\u0142\u00f3w na\u00a0sali plenarnej. &#13;\n<\/p>\n<p>W grze jest wi\u0119cej graczy<\/p>\n<p>&#13;<br \/>\nWalk\u0119 o\u00a0jedyne wolne stanowisko w\u00a0Prezydium Sejmu stoczy\u0107 zamierza r\u00f3wnie\u017c klub Centrum. Partia Pauliny Hennig-Kloski, kt\u00f3ra powsta\u0142a z\u00a0rozbitej na\u00a0p\u00f3\u0142 Polski 2050 zamierza wystawi\u0107 do\u00a0wy\u015bcigu przewodnicz\u0105cego klubu Miros\u0142awa Suchonia lub\u00a0wiceprzewodnicz\u0105c\u0105 Aleksandr\u0119 Leo. &#13;\n<\/p>\n<p>&#13;<br \/>\nMateusz Morawiecki ma\u00a0by\u0107 zdania, \u017ce\u00a0grono wicemarsza\u0142k\u00f3w nale\u017ca\u0142oby rozszerzy\u0107 o\u00a0kolejne dwa miejsca. Po\u00a0jednym dla\u00a0klubu Centrum i\u00a0Rozwoju Plus. &#13;\n<\/p>\n<p>&#13;<br \/>\nO\u015bwiadczenie w\u00a0tej sprawie wyda\u0142 <a href=\"https:\/\/www.wprost.pl\/polityka\/12430626\/jaroslaw-kaczynski-o-sprawie-wicemarszalka-sejmu-prezes-pis-chwali-marcina-horale.html\" target=\"_blank\" rel=\"nofollow noopener\">Jaros\u0142aw Kaczy\u0144ski<\/a>. \u2013\u00a0Obyczaj jest taki, zwyczaj sejmowy, \u017ce\u00a0wicemarsza\u0142k\u00f3w maj\u0105 te\u00a0kluby, kt\u00f3re powsta\u0142y na\u00a0podstawie wybor\u00f3w. Je\u015bli chodzi o\u00a0ewentualnie zwi\u0119kszenie Prezydium to\u00a0my nie\u00a0b\u0119dziemy przeciwko temu \u2013\u00a0powiedzia\u0142 prezes PiS. Doda\u0142 jednak, \u017ce\u00a0w\u00a0obecnej sytuacji, to\u00a0Prawo i\u00a0Sprawiedliwo\u015b\u0107 bardziej zas\u0142uguje na\u00a0wicemarsza\u0142ka. &#13;\n<\/p>\n<p>Na rozszerzenie si\u0119 nie\u00a0zanosi<\/p>\n<p>&#13;<br \/>\nNa rozszerzenie tego grona si\u0119 jednak nie\u00a0zapowiada. W\u00a0\u201eosobistej opinii\u201d marsza\u0142ek Sejmu W\u0142odzimierz Czarzasty stosowa\u0142 podobn\u0105 retoryk\u0119 do\u00a0prezesa PiS. \u2013\u00a0Uwa\u017cam, \u017ce\u00a0Sejm bez wzgl\u0119du na\u00a0to, jakie s\u0105 zmiany w\u00a0bie\u017c\u0105cej polityce, powinien by\u0107 instytucj\u0105 stabiln\u0105 \u2013\u00a0powiedzia\u0142. &#13;\n<\/p>\n<p>&#13;<br \/>\nDoda\u0142, \u017ce\u00a0cz\u0119sto w\u00a0trakcie kadencji partie si\u0119 dzieli\u0142y i\u00a0liczba klub\u00f3w w\u00a0Sejmie ros\u0142a. Co\u00a0wi\u0119cej, podkre\u015bli\u0142, \u017ce\u00a0\u201enie wyobra\u017ca sobie Konwentu Senior\u00f3w, kt\u00f3ry b\u0119dzie mia\u0142 w\u00a0pewnej chwili 40 os\u00f3b\u201d. Doda\u0142, \u017ce\u00a0liczba wicemarza\u0142k\u00f3w nie\u00a0mo\u017ce by\u0107 zale\u017cna od\u00a0tego \u201eczy jaka\u015b partia si\u0119 pok\u0142\u00f3ci ze\u00a0sob\u0105\u201d. &#13;\n<\/p>\n<p>&#13;<br \/>\n\u2013 Wi\u0119c moje osobiste zdanie jest takie, \u017ce\u00a0raczej b\u0119d\u0119 namawia\u0142 wszystkich, kt\u00f3rzy b\u0119d\u0105 mnie si\u0119 pytali, \u017ceby to\u00a0Prezydium by\u0142o w\u00a0takiej (obecnej) liczbie \u2013\u00a0doda\u0142. &#13;\n<\/p>\n<p>&#13;<br \/>\n\u2013 Podj\u0105\u0142em decyzj\u0119 o\u00a0przesuni\u0119ciu uzupe\u0142nienia Prezydium Sejmu z\u00a0tego posiedzenia na\u00a0nast\u0119pne. B\u0119dzie ono uzupe\u0142niane na\u00a0drugim posiedzeniu wrze\u015bniowym b\u0105d\u017a, w\u00a0przypadku braku konsensusu, w\u00a0pa\u017adzierniku \u2013\u00a0zapowiedzia\u0142 ponadto Czarzasty. &#13;\n<\/p>\n<p>&#13;<br \/>\n   Czytaj te\u017c:<br \/><a href=\"https:\/\/www.wprost.pl\/kraj\/12430605\/prof-chwedoruk-ujawnia-co-zdecyduje-o-wyniku-wyborow-w-2027-r-afery-juz-nie-obalaja-rzadow.html\" rel=\"follow nofollow noopener\" data-schema=\"WPROST\" data-image=\"https:\/\/img.wprost.pl\/_thumb\/a1\/50\/a80eb6cc6109b85c0d4f866cxx1b.jpeg\" target=\"_blank\">\u201eAfery ju\u017c nie\u00a0obalaj\u0105 rz\u0105d\u00f3w\u201d. Prof. Chwedoruk ujawnia, co\u00a0naprawd\u0119 zadecyduje o\u00a0wyborach<\/a>   Czytaj te\u017c:<br \/><a href=\"https:\/\/www.wprost.pl\/kraj\/12427245\/jaroslaw-kaczynski-o-listach-pis-i-rozwoju-plus-nie-ma-mowy.html\" rel=\"follow nofollow noopener\" data-schema=\"WPROST\" data-image=\"https:\/\/img.wprost.pl\/_thumb\/8f\/ae\/f01ab8baa695bce361054111xxbe.jpeg\" target=\"_blank\">Jaros\u0142aw Kaczy\u0144ski ostro o\u00a0roz\u0142amie w\u00a0PiS. Pad\u0142y s\u0142owa o\u00a0\u201ezdradzie\u201d<\/a>&#13;<\/p>\n","protected":false},"excerpt":{"rendered":"&#13; Rywalizacja o\u00a0stanowisko wicemarsza\u0142ka Sejmu mo\u017ce doprowadzi\u0107 do\u00a0kolejnej ods\u0142ony konfliktu na\u00a0prawicy. PiS zg\u0142osi\u0142o kandydatur\u0119 Marcina Ociepy, natomiast klub&hellip;\n","protected":false},"author":2,"featured_media":664139,"comment_status":"","ping_status":"","sticky":false,"template":"","format":"standard","meta":{"footnotes":"","_share_on_mastodon":"0"},"categories":[62713],"tags":[105682,91670,1345,8526,49,22534,110181,7120,59734,529,907,129100,68065,423,111220,22820,43315],"class_list":["post-664138","post","type-post","status-publish","format-standard","has-post-thumbnail","category-donald-tusk","tag-artur-siekaczynski","tag-dariusz-matecki","tag-donald-tusk","tag-jaroslaw-kaczynski","tag-kraj","tag-marcin-horala","tag-marcin-ociepa","tag-mateusz-morawiecki","tag-opinie-i-komentarze","tag-pis","tag-polityka","tag-prezydium-sejmu","tag-rozwoj-plus","tag-sejm","tag-wicemarszalek-sejmu","tag-wlodzimierz-czarzasty","tag-wprost"],"share_on_mastodon":{"url":"https:\/\/pubeurope.com\/@pl\/117205728419022405","error":""},"_links":{"self":[{"href":"https:\/\/www.europesays.com\/pl\/wp-json\/wp\/v2\/posts\/664138","targetHints":{"allow":["GET"]}}],"collection":[{"href":"https:\/\/www.europesays.com\/pl\/wp-json\/wp\/v2\/posts"}],"about":[{"href":"https:\/\/www.europesays.com\/pl\/wp-json\/wp\/v2\/types\/post"}],"author":[{"embeddable":true,"href":"https:\/\/www.europesays.com\/pl\/wp-json\/wp\/v2\/users\/2"}],"replies":[{"embeddable":true,"href":"https:\/\/www.europesays.com\/pl\/wp-json\/wp\/v2\/comments?post=664138"}],"version-history":[{"count":0,"href":"https:\/\/www.europesays.com\/pl\/wp-json\/wp\/v2\/posts\/664138\/revisions"}],"wp:featuredmedia":[{"embeddable":true,"href":"https:\/\/www.europesays.com\/pl\/wp-json\/wp\/v2\/media\/664139"}],"wp:attachment":[{"href":"https:\/\/www.europesays.com\/pl\/wp-json\/wp\/v2\/media?parent=664138"}],"wp:term":[{"taxonomy":"category","embeddable":true,"href":"https:\/\/www.europesays.com\/pl\/wp-json\/wp\/v2\/categories?post=664138"},{"taxonomy":"post_tag","embeddable":true,"href":"https:\/\/www.europesays.com\/pl\/wp-json\/wp\/v2\/tags?post=664138"}],"curies":[{"name":"wp","href":"https:\/\/api.w.org\/{rel}","templated":true}]}}