{"id":664162,"date":"2026-09-03T06:50:10","date_gmt":"2026-09-03T06:50:10","guid":{"rendered":"https:\/\/www.europesays.com\/pl\/664162\/"},"modified":"2026-09-03T06:50:10","modified_gmt":"2026-09-03T06:50:10","slug":"pokazowe-karmienia-wielbladow-nowa-atrakcja-we-wroclawskim-zoo","status":"publish","type":"post","link":"https:\/\/www.europesays.com\/pl\/664162\/","title":{"rendered":"Pokazowe karmienia wielb\u0142\u0105d\u00f3w now\u0105 atrakcj\u0105 we wroc\u0142awskim zoo"},"content":{"rendered":"<p>Wielb\u0142\u0105dy z wroc\u0142awskiego zoo zapraszaj\u0105 na wsp\u00f3lne posi\u0142ki. Do codziennego grafiku pokazowych karmie\u0144 do\u0142\u0105czy\u0142a w\u0142a\u015bnie pi\u0105tka sympatycznych mieszka\u0144c\u00f3w ogrodu, wi\u0119c przy kolejnej wizycie warto wpa\u015b\u0107 pod ich wybieg i zobaczy\u0107, jak wygl\u0105da ich menu z bliska. Pokazowe karmienia wielb\u0142\u0105d\u00f3w odbywaj\u0105 si\u0119 codziennie o godzinie 11.00.<\/p>\n<p>We wroc\u0142awskim ogrodzie mieszka pi\u0119\u0107 wielb\u0142\u0105d\u00f3w jednogarbnych: 4-letni samiec Madziar, samica Talia (3 lata i 7 miesi\u0119cy), a tak\u017ce starsze przedstawicielki stada \u2013 21-letnia Lajla, 8-letnia Aziza oraz Latifa, maj\u0105ca 9 lat i 10 miesi\u0119cy. Podstaw\u0105 ich diety jest siano, jedzone bez ogranicze\u0144, a do ich ulubionych przysmak\u00f3w nale\u017c\u0105 ga\u0142\u0119zie brzozy, wierzby, d\u0119bu i klonu. Sporadycznie w ich menu pojawiaj\u0105 si\u0119 r\u00f3wnie\u017c warzywa.<\/p>\n<p>Wydarzenie to ma na celu nie tylko zapewnienie atrakcji zwiedzaj\u0105cym, ale r\u00f3wnie\u017c przybli\u017cenie zwyczaj\u00f3w tych zwierz\u0105t, ich unikalnych przystosowa\u0144 oraz codziennych metod dbania o ich dobrostan. Podczas spotka\u0144 opiekunowie dziel\u0105 si\u0119 ciekawostkami i prezentuj\u0105, jak wykorzystuje si\u0119 naturalne zachowania podopiecznych. Aktualny harmonogram wszystkich dost\u0119pnych karmie\u0144 pokazowych mo\u017cna znale\u017a\u0107 na stronie internetowej wroc\u0142awskiego zoo.\\<\/p>\n<p><img fetchpriority=\"high\" decoding=\"async\" class=\"wp-image-68250 size-full\" src=\"https:\/\/www.europesays.com\/pl\/wp-content\/uploads\/2026\/09\/Wielblad2.webp\" alt=\"Wielb\u0142\u0105d\" width=\"1200\" height=\"800\"  \/>Fot. ZOO Wroc\u0142aw.<\/p>\n<p>\u00a0<\/p>\n","protected":false},"excerpt":{"rendered":"Wielb\u0142\u0105dy z wroc\u0142awskiego zoo zapraszaj\u0105 na wsp\u00f3lne posi\u0142ki. Do codziennego grafiku pokazowych karmie\u0144 do\u0142\u0105czy\u0142a w\u0142a\u015bnie pi\u0105tka sympatycznych mieszka\u0144c\u00f3w&hellip;\n","protected":false},"author":2,"featured_media":664163,"comment_status":"","ping_status":"","sticky":false,"template":"","format":"standard","meta":{"footnotes":"","_share_on_mastodon":"0"},"categories":[51607],"tags":[85622,3622,42,129102,38,40,39,41,129103,1853,61948,129104],"class_list":["post-664162","post","type-post","status-publish","format-standard","has-post-thumbnail","category-wroclaw","tag-atrakcje-dla-dzieci","tag-edukacja","tag-pl","tag-pokazowe-karmienia","tag-poland","tag-polish","tag-polska","tag-polski","tag-wielblady","tag-wroclaw","tag-zoo-wroclaw","tag-zwierzeta-w-zoo"],"share_on_mastodon":{"url":"https:\/\/pubeurope.com\/@pl\/117205784188497287","error":""},"_links":{"self":[{"href":"https:\/\/www.europesays.com\/pl\/wp-json\/wp\/v2\/posts\/664162","targetHints":{"allow":["GET"]}}],"collection":[{"href":"https:\/\/www.europesays.com\/pl\/wp-json\/wp\/v2\/posts"}],"about":[{"href":"https:\/\/www.europesays.com\/pl\/wp-json\/wp\/v2\/types\/post"}],"author":[{"embeddable":true,"href":"https:\/\/www.europesays.com\/pl\/wp-json\/wp\/v2\/users\/2"}],"replies":[{"embeddable":true,"href":"https:\/\/www.europesays.com\/pl\/wp-json\/wp\/v2\/comments?post=664162"}],"version-history":[{"count":0,"href":"https:\/\/www.europesays.com\/pl\/wp-json\/wp\/v2\/posts\/664162\/revisions"}],"wp:featuredmedia":[{"embeddable":true,"href":"https:\/\/www.europesays.com\/pl\/wp-json\/wp\/v2\/media\/664163"}],"wp:attachment":[{"href":"https:\/\/www.europesays.com\/pl\/wp-json\/wp\/v2\/media?parent=664162"}],"wp:term":[{"taxonomy":"category","embeddable":true,"href":"https:\/\/www.europesays.com\/pl\/wp-json\/wp\/v2\/categories?post=664162"},{"taxonomy":"post_tag","embeddable":true,"href":"https:\/\/www.europesays.com\/pl\/wp-json\/wp\/v2\/tags?post=664162"}],"curies":[{"name":"wp","href":"https:\/\/api.w.org\/{rel}","templated":true}]}}