{"id":664164,"date":"2026-09-03T06:51:18","date_gmt":"2026-09-03T06:51:18","guid":{"rendered":"https:\/\/www.europesays.com\/pl\/664164\/"},"modified":"2026-09-03T06:51:18","modified_gmt":"2026-09-03T06:51:18","slug":"chopin-friends-concert-by-candle-glow-recital-solo-w-krakowie","status":"publish","type":"post","link":"https:\/\/www.europesays.com\/pl\/664164\/","title":{"rendered":"Chopin &#038; Friends Concert by Candle Glow \/ recital solo w Krakowie"},"content":{"rendered":"<p class=\"atomsHappeningContent__desc\">Zachwycaj\u0105cy koncert fortepianowy z muzyk\u0105 jednego z najwybitniejszych polskich kompozytor\u00f3w \u2013 Fryderyka Chopina.<br \/>Daj si\u0119 oczarowa\u0107 pi\u0119kn\u0105 muzyk\u0105 na fortepian solo w niezwyk\u0142ym wn\u0119trzu z fenomenaln\u0105 akustyk\u0105. Niezwyk\u0142y wiecz\u00f3r wype\u0142ni magiczna sceneria blasku \u015bwiec. Nie zwlekaj i pozw\u00f3l si\u0119 zachwyci\u0107 feeri\u0105 wra\u017ce\u0144 ju\u017c dzi\u015b!<\/p>\n<p>W programie koncertu m.in.:<br \/>&#8211; F. Chopin: Mazurka op.17 No. 4,<br \/>&#8211; Beethoven: Sonata Es-dur op.31 No.3 (I mov.),<br \/>&#8211; F. Chopin: Etude Op.10 No. 8,<br \/>&#8211; M. Ravel: Valses nobles et sentimantales (1,2),<br \/>&#8211; F. Chopin: Prelude op. 28 No.6,<br \/>&#8211; S. Rachmaninov: Etude-Tableaux op.39 No. 8,<br \/>&#8211; F. Chopin: Nocturne, op. 9 no. 2,<br \/>&#8211; Claude Debussy: Etude N\u00b01 &#8222;Pour les 5 : doigts d&#8217;apr\u00e8s Mr Czerny&#8221;,<br \/>&#8211; F. Chopin: Prelude op. 28 No. 4,<br \/>&#8211; G. Bacewicz: Piano Sonata No. 2,<br \/>&#8211; F. Chopin: Waltz op. 64 no. 2,<br \/>&#8211; F. Chopin: Ballade No 1, Op. 23.<\/p>\n<p>W\u015br\u00f3d solist\u00f3w graj\u0105cych ten koncert us\u0142ysze\u0107 mo\u017cna m.in.:<br \/>&#8211; Alis\u0119 Kisielewsk\u0105 &#8211; pianistk\u0119, kameralistk\u0119.<br \/>Jest ona laureatk\u0105 Mi\u0119dzynarodowych Konkurs\u00f3w Pianistycznych. W czerwcu 2024 roku zadebiutowa\u0142a w Stanach Zjednoczonych podczas Mi\u0119dzynarodowego Festiwalu Pianistycznego \u201eArt of the Piano\u201d w San Francisco Conservatory of Music.<br \/>Studia na Akademii Muzycznej im. Krzysztofa Pendereckiego w Krakowie w klasie fortepianu prof. dra hab. Mariusza Sielskiego.<br \/>&#8211; Katarzyn\u0119 Rzeszutek \u2013 pianistk, -kameralistk\u0119 i korepetytora wokalnego.<br \/>Jest ona laureatk\u0105 XXII Og\u00f3lnopolskiego Konkursu Pianistycznego na Stypendia Artystyczne im. F. Chopina w Warszawie. Prowadzi czynn\u0105 dzia\u0142alno\u015b\u0107 koncertow\u0105, wyst\u0119puj\u0105c przede wszystkim z wieloma znakomitymi artystami, otrzymuj\u0105c liczne nagrody i wyr\u00f3\u017cnienia.<\/p>\n","protected":false},"excerpt":{"rendered":"Zachwycaj\u0105cy koncert fortepianowy z muzyk\u0105 jednego z najwybitniejszych polskich kompozytor\u00f3w \u2013 Fryderyka Chopina.Daj si\u0119 oczarowa\u0107 pi\u0119kn\u0105 muzyk\u0105 na&hellip;\n","protected":false},"author":2,"featured_media":664165,"comment_status":"","ping_status":"","sticky":false,"template":"","format":"standard","meta":{"footnotes":"","_share_on_mastodon":"0"},"categories":[51606],"tags":[6226,10195,10723,1304,42,38,40,39,41,22920],"class_list":["post-664164","post","type-post","status-publish","format-standard","has-post-thumbnail","category-krakow","tag-bilety","tag-impreza","tag-koncerty","tag-krakow","tag-pl","tag-poland","tag-polish","tag-polska","tag-polski","tag-wydarzenie"],"share_on_mastodon":{"url":"https:\/\/pubeurope.com\/@pl\/117205787224886942","error":""},"_links":{"self":[{"href":"https:\/\/www.europesays.com\/pl\/wp-json\/wp\/v2\/posts\/664164","targetHints":{"allow":["GET"]}}],"collection":[{"href":"https:\/\/www.europesays.com\/pl\/wp-json\/wp\/v2\/posts"}],"about":[{"href":"https:\/\/www.europesays.com\/pl\/wp-json\/wp\/v2\/types\/post"}],"author":[{"embeddable":true,"href":"https:\/\/www.europesays.com\/pl\/wp-json\/wp\/v2\/users\/2"}],"replies":[{"embeddable":true,"href":"https:\/\/www.europesays.com\/pl\/wp-json\/wp\/v2\/comments?post=664164"}],"version-history":[{"count":0,"href":"https:\/\/www.europesays.com\/pl\/wp-json\/wp\/v2\/posts\/664164\/revisions"}],"wp:featuredmedia":[{"embeddable":true,"href":"https:\/\/www.europesays.com\/pl\/wp-json\/wp\/v2\/media\/664165"}],"wp:attachment":[{"href":"https:\/\/www.europesays.com\/pl\/wp-json\/wp\/v2\/media?parent=664164"}],"wp:term":[{"taxonomy":"category","embeddable":true,"href":"https:\/\/www.europesays.com\/pl\/wp-json\/wp\/v2\/categories?post=664164"},{"taxonomy":"post_tag","embeddable":true,"href":"https:\/\/www.europesays.com\/pl\/wp-json\/wp\/v2\/tags?post=664164"}],"curies":[{"name":"wp","href":"https:\/\/api.w.org\/{rel}","templated":true}]}}