{"id":664176,"date":"2026-09-03T06:58:22","date_gmt":"2026-09-03T06:58:22","guid":{"rendered":"https:\/\/www.europesays.com\/pl\/664176\/"},"modified":"2026-09-03T06:58:22","modified_gmt":"2026-09-03T06:58:22","slug":"corka-brigitte-macron-ma-nowego-partnera-dzieli-ich-20-lat","status":"publish","type":"post","link":"https:\/\/www.europesays.com\/pl\/664176\/","title":{"rendered":"C\u00f3rka Brigitte Macron ma nowego partnera. Dzieli ich 20 lat"},"content":{"rendered":"<p>Tiphaine Auzi\u00e8re, c\u00f3rka pierwszej damy Francji <a href=\"https:\/\/plejada.pl\/temat\/brigitte-macron\/jcee1sc\" id=\"5f0e314e-cf12-4de3-baeb-5bdb5beec2ad\" rel=\"nofollow noopener\" target=\"_blank\">Brigitte Macron<\/a>, wzbudza zainteresowanie medi\u00f3w nowym zwi\u0105zkiem. Prawniczka i polityczka spotyka si\u0119 od niedawna z 22\u2011letnim studentem ekonomii Antoine\u2019em Lecomte\u2019em. Para pozna\u0142a si\u0119 latem w Le Touquet, eleganckim nadmorskim kurorcie na p\u00f3\u0142nocnym zachodzie Francji, a niedawno opublikowa\u0142a na Instagramie wideo z zakochanego wypadu do Amsterdamu.<\/p>\n<p>Nie wszyscy obserwuj\u0105cy Auzi\u00e8re na Instagramie s\u0105 zachwyceni. Obok komentarzy w stylu: &#8222;Jeste\u015bcie tacy s\u0142odcy!&#8221; i &#8222;Ale z was pi\u0119kna para&#8221; pojawiaj\u0105 si\u0119 te\u017c krytyczne g\u0142osy: &#8222;Mog\u0142aby by\u0107 jego matk\u0105&#8221; czy &#8222;Jaka matka, taka c\u00f3rka&#8221; \u2014 w nawi\u0105zaniu do Brigitte Macron.<\/p>\n<p><a href=\"https:\/\/www.onet.pl\/\" title=\"Strona G\u0142\u00f3wna\" aria-label=\"Strona G\u0142\u00f3wna\" data-astro-prefetch=\"tap\" class=\"ods-a-logo-main-desktop\" rel=\"nofollow noopener\" target=\"_blank\"><img src=\"https:\/\/cdn.wiadomosci.onet.pl\/img\/Logo_desktop_Onet.svg\" class=\"ods-a-logo-main-desktop__image\" alt=\"Logo\" width=\"107\" height=\"60\" fetchpriority=\"high\" decoding=\"sync\" style=\"height:60px\"\/><\/a><\/p>\n<p class=\"ods-m-google-article__text\">Czytaj nas cz\u0119\u015bciej w Google<\/p>\n<p><a href=\"https:\/\/google.com\/preferences\/source?q=onet.pl\" target=\"_blank\" rel=\"noopener noreferrer nofollow\" aria-label=\"Dodaj w Google\" title=\"Dodaj w Google\" class=\"ods-a-button ods-a-button__primary ods-a-button__default ods-a-button-l\">Dodaj w Google<\/a><img class=\"ods-a-photo ods-a-photo--background\" src=\"https:\/\/www.europesays.com\/pl\/wp-content\/uploads\/2026\/09\/POTk9lCaHR0cHM6Ly9vY2RuLmV1L3B1bHNjbXMvTURBXy80NWE2OWVlYTliNGRjYWRlY2M4OGIwOTIxOTg1MDY0NC5qcGVnkZUCz.jpeg\" height=\"300\" width=\"450\" alt=\"Kuba Sienkiewicz\" loading=\"lazy\" fetchpriority=\"low\" decoding=\"async\"\/><\/p>\n<p>Lecomte pracowa\u0142 w Le Touquet jako instruktor kitesurfingu i wprowadzi\u0142 Auzi\u00e8re w e\u2011foiling \u2014 p\u0142ywanie na elektrycznej desce z hydroskrzyd\u0142em. Wed\u0142ug bliskiego przyjaciela pasierbicy prezydenta Francji mi\u0119dzy dwojgiem od razu zaiskrzy\u0142o. &#8222;Od razu by\u0142o mi\u0119dzy nimi jasne. \u0141\u0105czy ich wiele: mi\u0142o\u015b\u0107 do Le Touquet i dreszczyk emocji, ale te\u017c podr\u00f3\u017ce i przedsi\u0119biorczo\u015b\u0107&#8221; \u2014 cytuje t\u0119 osob\u0119 francuski magazyn &#8222;Gala&#8221;.<\/p>\n<p>Dalszy ci\u0105g artyku\u0142u pod materia\u0142em wideo&#8221;Nie mogli\u015bmy w to uwierzy\u0107&#8221;<\/p>\n<p>Nowy zwi\u0105zek pojawia si\u0119 rok po rozstaniu Auzi\u00e8re w maju 2026 r. z kontrowersyjnym francuskim prezenterem telewizyjnym Cyrilem Hanoun\u0105. Podobno Auzi\u00e8re zd\u0105\u017cy\u0142a ju\u017c przedstawi\u0107 nowego partnera swoim dzieciom: \u00c9lise i Aur\u00e8le\u2019owi.<\/p>\n<p>Wielu komentatorom relacja Tiphaine przypomina mi\u0142o\u015b\u0107 jej matki Brigitte i prezydenta Emmanuela Macrona, kt\u00f3rych r\u00f3wnie\u017c dzieli 25 lat r\u00f3\u017cnicy wieku. Emmanuel Macron by\u0142 uczniem, gdy w wieku 15 lat pozna\u0142 Brigitte \u2014 swoj\u0105 o 24 lata starsz\u0105 nauczycielk\u0119 \u2014 w prywatnej szkole w Amiens. Brigitte by\u0142a w\u00f3wczas \u017con\u0105 Andr\u00e9-Louisa Auzi\u00e8re\u2019a (1951\u20132019) i mia\u0142a troje dzieci, w tym dziewi\u0119cioletni\u0105 wtedy Tiphaine. Zwi\u0105zek wywo\u0142a\u0142 poruszenie i rodzice Emmanuela zdecydowali si\u0119 przenie\u015b\u0107 go do innej szko\u0142y.<\/p>\n<blockquote class=\"ods-o-quote\">\n<p class=\"ods-o-quote__paragraph\"> Po prostu nie mogli\u015bmy w to uwierzy\u0107 <\/p>\n<\/blockquote>\n<p>\u2014 skomentowa\u0142a p\u00f3\u017aniej Fran\u00e7oise Nogu\u00e8s-Macron.<\/p>\n<p><img class=\"ods-a-photo ods-a-photo--background\" src=\"https:\/\/www.europesays.com\/pl\/wp-content\/uploads\/2026\/09\/XoIk9lBaHR0cHM6Ly9vY2RuLmV1L3B1bHNjbXMvTURBXy8wMDczOGQ5NWM3NTQyYWY4N2E0ZGNhYjcwZmNjODVhNi5qcGeRkwXNB.jpeg\" height=\"627\" width=\"940\" alt=\"Emmanuel Macron, Brigitte Macron\" loading=\"lazy\" fetchpriority=\"auto\" decoding=\"auto\" url=\"https:\/\/ocdn.eu\/pulscms\/MDA_\/00738d95c7542af87a4dcab70fcc85a6.jpg\" description=\"Emmanuel Macron, Brigitte Macron\" author=\"Antonin Albert \/ Shutterstock\" source=\"\" link=\"\"\/><\/p>\n<p>Antonin Albert \/ Shutterstock<\/p>\n<p>Emmanuel Macron, Brigitte Macron<\/p>\n<p>Dzi\u0119kujemy, \u017ce przeczyta\u0142a\u015b\/e\u015b nasz artyku\u0142 do ko\u0144ca. W serwisie Plejada.pl ka\u017cdego dnia piszemy o najwa\u017cniejszych wydarzeniach show-biznesowych. B\u0105d\u017a na bie\u017c\u0105co!<a rel=\"nofollow noopener\" href=\"https:\/\/profile.google.com\/cp\/Cg0vZy8xMWJ6X19wdHBx\" id=\"0ad5e0af-4dda-4565-af75-891f4b469585\" target=\"_blank\"> Obserwuj<\/a> Plejad\u0119 w Google. Odwied\u017a nas tak\u017ce na<a rel=\"nofollow noopener\" href=\"https:\/\/www.facebook.com\/plejadapl\" id=\"becd49ed-bbb6-4e3d-ad75-22c219041fbc\" target=\"_blank\"> Facebooku<\/a>,<a rel=\"nofollow noopener\" href=\"https:\/\/www.instagram.com\/plejadapl\/\" id=\"bcfb2115-8e3e-49de-89e0-e2fb6044363b\" target=\"_blank\"> Instagramie<\/a>,<a rel=\"nofollow noopener\" href=\"https:\/\/www.youtube.com\/c\/plejada\" id=\"e018f95b-9b79-415f-801c-b2da3a46a9cb\" target=\"_blank\"> YouTubie<\/a> oraz<a rel=\"nofollow noopener\" href=\"https:\/\/www.tiktok.com\/@plejada_pl\" id=\"d4237803-1b16-4300-a26d-f0d36ce93912\" target=\"_blank\"> TikToku<\/a>.Chcesz podzieli\u0107 si\u0119 ciekawym newsem lub zaproponowa\u0107 temat? Skontaktuj si\u0119 z nami, pisz\u0105c maila na adres: <a rel=\"nofollow noopener\" href=\"https:\/\/www.onet.pl\/styl-zycia\/plejada\/corka-brigitte-macron-ma-nowego-partnera-dzieli-ich-20-lat\/mailto:plejada@redakcjaonet.pl\" id=\"84fe4d7c-83ce-41a1-bec2-71997e969a65\" target=\"_blank\">plejada@redakcjaonet.pl<\/a>.<\/p>\n<p>Opracowanie:Natalia Wolniewicz<\/p>\n<p>Data utworzenia:3 wrze\u015bnia 2026, 07:00<\/p>\n<p><script async src=\"\/\/www.instagram.com\/embed.js\"><\/script><script async src=\"\/\/www.tiktok.com\/embed.js\"><\/script><\/p>\n","protected":false},"excerpt":{"rendered":"Tiphaine Auzi\u00e8re, c\u00f3rka pierwszej damy Francji Brigitte Macron, wzbudza zainteresowanie medi\u00f3w nowym zwi\u0105zkiem. Prawniczka i polityczka spotyka si\u0119&hellip;\n","protected":false},"author":2,"featured_media":664177,"comment_status":"","ping_status":"","sticky":false,"template":"","format":"standard","meta":{"footnotes":"","_share_on_mastodon":"0"},"categories":[22],"tags":[61195,2016,122,96,48,125,46,55,42,38,40,39,41,123,47],"class_list":["post-664176","post","type-post","status-publish","format-standard","has-post-thumbnail","category-rozrywka","tag-bottomfeed_styl","tag-brigitte_macron","tag-entertainment","tag-francja","tag-nat_styl","tag-newsy","tag-omp","tag-phx","tag-pl","tag-poland","tag-polish","tag-polska","tag-polski","tag-rozrywka","tag-screening_general"],"share_on_mastodon":{"url":"https:\/\/pubeurope.com\/@pl\/117205815190989177","error":""},"_links":{"self":[{"href":"https:\/\/www.europesays.com\/pl\/wp-json\/wp\/v2\/posts\/664176","targetHints":{"allow":["GET"]}}],"collection":[{"href":"https:\/\/www.europesays.com\/pl\/wp-json\/wp\/v2\/posts"}],"about":[{"href":"https:\/\/www.europesays.com\/pl\/wp-json\/wp\/v2\/types\/post"}],"author":[{"embeddable":true,"href":"https:\/\/www.europesays.com\/pl\/wp-json\/wp\/v2\/users\/2"}],"replies":[{"embeddable":true,"href":"https:\/\/www.europesays.com\/pl\/wp-json\/wp\/v2\/comments?post=664176"}],"version-history":[{"count":0,"href":"https:\/\/www.europesays.com\/pl\/wp-json\/wp\/v2\/posts\/664176\/revisions"}],"wp:featuredmedia":[{"embeddable":true,"href":"https:\/\/www.europesays.com\/pl\/wp-json\/wp\/v2\/media\/664177"}],"wp:attachment":[{"href":"https:\/\/www.europesays.com\/pl\/wp-json\/wp\/v2\/media?parent=664176"}],"wp:term":[{"taxonomy":"category","embeddable":true,"href":"https:\/\/www.europesays.com\/pl\/wp-json\/wp\/v2\/categories?post=664176"},{"taxonomy":"post_tag","embeddable":true,"href":"https:\/\/www.europesays.com\/pl\/wp-json\/wp\/v2\/tags?post=664176"}],"curies":[{"name":"wp","href":"https:\/\/api.w.org\/{rel}","templated":true}]}}