{"id":664210,"date":"2026-09-03T07:17:17","date_gmt":"2026-09-03T07:17:17","guid":{"rendered":"https:\/\/www.europesays.com\/pl\/664210\/"},"modified":"2026-09-03T07:17:17","modified_gmt":"2026-09-03T07:17:17","slug":"ruch-drogowy-utrudnienia-3-09-2026-w-woj-lodzkim","status":"publish","type":"post","link":"https:\/\/www.europesays.com\/pl\/664210\/","title":{"rendered":"Ruch drogowy &#8211; utrudnienia 3.09.2026 w woj. \u0142\u00f3dzkim"},"content":{"rendered":"<p><img decoding=\"async\" loading=\"eager\" fetchpriority=\"high\" class=\"atomsArticleGalleryImage__mainImg\" src=\"https:\/\/www.europesays.com\/pl\/wp-content\/uploads\/2026\/09\/1788419837_835_il20260625_970195811_medium.jpg\" alt=\"Informacje o utrudnieniach drogowych w &#x142;&#xF3;dzkim uzyskujemy od Generalnej Dyrekcji Dr&#xF3;g Krajowych i Autostrad.\" width=\"1920\" height=\"1280\"\/><\/p>\n<p>\n        Informacje o utrudnieniach drogowych w \u0142\u00f3dzkim uzyskujemy od Generalnej Dyrekcji Dr\u00f3g Krajowych i Autostrad.<\/p>\n<p>          fot. Bilanol\/ Getty Images\n        <\/p>\n<p>Na kt\u00f3rych drogach w wojew\u00f3dztwie \u0142\u00f3dzkim prowadzone s\u0105 dzisiaj (3.09.2026) roboty drogowe? Roboty drogowe: droga 43, Nowy \u015awiat &#8211; Kamionka (5.\u00a0km na odc. 0.4\u00a0km) Remont cz\u0105stkowy nawierzchni, Ruch sterowany r\u0119cznie .<\/p>\n","protected":false},"excerpt":{"rendered":"Informacje o utrudnieniach drogowych w \u0142\u00f3dzkim uzyskujemy od Generalnej Dyrekcji Dr\u00f3g Krajowych i Autostrad. fot. Bilanol\/ Getty Images&hellip;\n","protected":false},"author":2,"featured_media":664211,"comment_status":"","ping_status":"","sticky":false,"template":"","format":"standard","meta":{"footnotes":"","_share_on_mastodon":"0"},"categories":[51608],"tags":[1856,3652,17395,42,38,40,39,41,8990],"class_list":["post-664210","post","type-post","status-publish","format-standard","has-post-thumbnail","category-lodz","tag-gddkia","tag-lodz","tag-lodzkie","tag-pl","tag-poland","tag-polish","tag-polska","tag-polski","tag-utrudnienia"],"share_on_mastodon":{"url":"https:\/\/pubeurope.com\/@pl\/117205890575803763","error":""},"_links":{"self":[{"href":"https:\/\/www.europesays.com\/pl\/wp-json\/wp\/v2\/posts\/664210","targetHints":{"allow":["GET"]}}],"collection":[{"href":"https:\/\/www.europesays.com\/pl\/wp-json\/wp\/v2\/posts"}],"about":[{"href":"https:\/\/www.europesays.com\/pl\/wp-json\/wp\/v2\/types\/post"}],"author":[{"embeddable":true,"href":"https:\/\/www.europesays.com\/pl\/wp-json\/wp\/v2\/users\/2"}],"replies":[{"embeddable":true,"href":"https:\/\/www.europesays.com\/pl\/wp-json\/wp\/v2\/comments?post=664210"}],"version-history":[{"count":0,"href":"https:\/\/www.europesays.com\/pl\/wp-json\/wp\/v2\/posts\/664210\/revisions"}],"wp:featuredmedia":[{"embeddable":true,"href":"https:\/\/www.europesays.com\/pl\/wp-json\/wp\/v2\/media\/664211"}],"wp:attachment":[{"href":"https:\/\/www.europesays.com\/pl\/wp-json\/wp\/v2\/media?parent=664210"}],"wp:term":[{"taxonomy":"category","embeddable":true,"href":"https:\/\/www.europesays.com\/pl\/wp-json\/wp\/v2\/categories?post=664210"},{"taxonomy":"post_tag","embeddable":true,"href":"https:\/\/www.europesays.com\/pl\/wp-json\/wp\/v2\/tags?post=664210"}],"curies":[{"name":"wp","href":"https:\/\/api.w.org\/{rel}","templated":true}]}}