{"id":664214,"date":"2026-09-03T07:19:19","date_gmt":"2026-09-03T07:19:19","guid":{"rendered":"https:\/\/www.europesays.com\/pl\/664214\/"},"modified":"2026-09-03T07:19:19","modified_gmt":"2026-09-03T07:19:19","slug":"krakow-widowisko-slowno-muzyczne-poezja-witrazy-w-bazylice-sw-franciszka-z-asyzu","status":"publish","type":"post","link":"https:\/\/www.europesays.com\/pl\/664214\/","title":{"rendered":"Krak\u00f3w. Widowisko s\u0142owno-muzyczne \u201ePoezja witra\u017cy&#8221; w bazylice \u015bw. Franciszka z Asy\u017cu"},"content":{"rendered":"<p>23, 24 i 25 wrze\u015bnia o godz. 20.30 w bazylice \u015bw. Franciszka z Asy\u017cu w Krakowie odb\u0119dzie si\u0119 widowisko s\u0142owno-muzyczne \u201ePoezja witra\u017cy&#8221;.\u00a0Scenariusz autorstwa Jacka Popiel\u0105 opiera si\u0119 na korespondencji Stanis\u0142awa Wyspia\u0144skiego, a muzyk\u0119 pozostawi\u0142 po sobie zmar\u0142y przed trzema laty Stanis\u0142aw Radwan.<\/p>\n<p>            <a data-lightbox=\"article-gallery\" href=\"https:\/\/e-teatr.pl\/files\/multimedias\/25235\/radwanstanislaw.jpg\" rel=\"nofollow noopener\" target=\"_blank\">&#13;<br \/>\n        <img loading=\"lazy\" decoding=\"async\" src=\"https:\/\/www.europesays.com\/pl\/wp-content\/uploads\/2026\/09\/thumb_radwanstanislaw.jpg\" alt=\"\" title=\"radwanstanislaw.jpg\" width=\"200\" height=\"150\"\/>      <\/a><\/p>\n<p>Realizatorzy \u201ePoezji witra\u017cy &#8221; pragn\u0105 w formie widowiska przedstawi\u0107 s\u0142ynne witra\u017ce Wyspia\u0144skiego i uczci\u0107 znakomitego artyst\u0119 &#8211; Stanis\u0142awa Radwana, kompozytora zafascynowanego tw\u00f3rczo\u015bci\u0105 krakowskiego wieszcza narodowego.&#13;\n<\/p>\n<p>Historia realizacji wizji Wyspia\u0144skiego, rozpisana na lata 1894-1904, zawarta jest w listach poety, kt\u00f3re pos\u0142u\u017cy\u0142y teatrologowi i literaturoznawcy Jackowi Popielowi do opracowania scenariusza widowiska. Udzia\u0142 w nim wezm\u0105 Orkiestra i Ch\u00f3r Filharmonii im. Karola Szymanowskiego w Krakowie pod batut\u0105 Tomasza Tokarczyka oraz aktorzy Narodowego Starego Teatru &#8211; Ewa Kaim, Anna Radwan, Jacek Romanowski. W posta\u0107 Stanis\u0142awa Wyspia\u0144skiego wcieli si\u0119 za\u015b aktor Teatru im. Juliusza S\u0142owackiego w Krakowie, Mateusz Bieryt.&#13;\n<\/p>\n<p>Pierwsza wersja \u201ePoezji witra\u017cy&#8221; mia\u0142a sw\u0105 prapremier\u0119 w 2007 roku w kulminacyjnym momencie Roku Wyspia\u0144skiego, obchodzonego w setn\u0105 rocznic\u0119 \u015bmierci artysty. Jego teksty interpretowa\u0142 w\u00f3wczas Andrzej Seweryn.&#13;<br \/>\nBilety s\u0105 dost\u0119pne w kasie Filharmonii Krakowskiej.<\/p>\n","protected":false},"excerpt":{"rendered":"23, 24 i 25 wrze\u015bnia o godz. 20.30 w bazylice \u015bw. Franciszka z Asy\u017cu w Krakowie odb\u0119dzie si\u0119&hellip;\n","protected":false},"author":2,"featured_media":664215,"comment_status":"","ping_status":"","sticky":false,"template":"","format":"standard","meta":{"footnotes":"","_share_on_mastodon":"0"},"categories":[51606],"tags":[2434,8588,6588,17490,16331,51630,1304,42,38,40,39,41,649,650,11541,51629,8815,51631,8767,51628,800,8816],"class_list":["post-664214","post","type-post","status-publish","format-standard","has-post-thumbnail","category-krakow","tag-aktor","tag-aktorzy","tag-festiwal","tag-festiwale","tag-kariera","tag-kariery","tag-krakow","tag-pl","tag-poland","tag-polish","tag-polska","tag-polski","tag-premiera","tag-premiery","tag-realizacja","tag-realizacje","tag-repertuar","tag-ruch-teatralny","tag-sztuka","tag-sztuki","tag-teatr","tag-teatry"],"share_on_mastodon":{"url":"https:\/\/pubeurope.com\/@pl\/117205898527703135","error":""},"_links":{"self":[{"href":"https:\/\/www.europesays.com\/pl\/wp-json\/wp\/v2\/posts\/664214","targetHints":{"allow":["GET"]}}],"collection":[{"href":"https:\/\/www.europesays.com\/pl\/wp-json\/wp\/v2\/posts"}],"about":[{"href":"https:\/\/www.europesays.com\/pl\/wp-json\/wp\/v2\/types\/post"}],"author":[{"embeddable":true,"href":"https:\/\/www.europesays.com\/pl\/wp-json\/wp\/v2\/users\/2"}],"replies":[{"embeddable":true,"href":"https:\/\/www.europesays.com\/pl\/wp-json\/wp\/v2\/comments?post=664214"}],"version-history":[{"count":0,"href":"https:\/\/www.europesays.com\/pl\/wp-json\/wp\/v2\/posts\/664214\/revisions"}],"wp:featuredmedia":[{"embeddable":true,"href":"https:\/\/www.europesays.com\/pl\/wp-json\/wp\/v2\/media\/664215"}],"wp:attachment":[{"href":"https:\/\/www.europesays.com\/pl\/wp-json\/wp\/v2\/media?parent=664214"}],"wp:term":[{"taxonomy":"category","embeddable":true,"href":"https:\/\/www.europesays.com\/pl\/wp-json\/wp\/v2\/categories?post=664214"},{"taxonomy":"post_tag","embeddable":true,"href":"https:\/\/www.europesays.com\/pl\/wp-json\/wp\/v2\/tags?post=664214"}],"curies":[{"name":"wp","href":"https:\/\/api.w.org\/{rel}","templated":true}]}}